{"id":13985,"date":"2025-03-21T14:14:30","date_gmt":"2025-03-21T17:14:30","guid":{"rendered":"https:\/\/13.com.ar\/index.php\/tini-stoessel-celebro-su-cumpleanos-entre-amigas-y-con-cambio-de-look\/"},"modified":"2025-03-21T14:14:30","modified_gmt":"2025-03-21T17:14:30","slug":"tini-stoessel-celebro-su-cumpleanos-entre-amigas-y-con-cambio-de-look","status":"publish","type":"post","link":"https:\/\/13.com.ar\/index.php\/tini-stoessel-celebro-su-cumpleanos-entre-amigas-y-con-cambio-de-look\/","title":{"rendered":"Tini Stoessel celebr\u00f3 su cumplea\u00f1os entre amigas y con cambio de look"},"content":{"rendered":"<p> <br \/>\n<br \/><img decoding=\"async\" src=\"https:\/\/13.com.ar\/wp-content\/uploads\/2025\/03\/Tini-Stoessel-celebro-su-cumpleanos-entre-amigas-y-con-cambio.jpg\" \/><\/p>\n<div id=\"element-body-0\">\n<p>Tras unas semanas instalada en Europa, donde estuvo abocada de lleno al mundo de la moda, <strong>Martina &#8220;Tini&#8221; Stoessel <\/strong>volvi\u00f3 a la Argentina para festejar su cumplea\u00f1os.<\/p>\n<\/div>\n<div id=\"element-body-1\">\n<p>La cantante <strong>cumpli\u00f3 28 a\u00f1os <\/strong>y decidi\u00f3 comenzar esta nueva etapa con un gran cambio de<em> look<\/em>. Es de p\u00fablico conocimiento que la artista ha pasado por varios largos de cabello y tonos que han ido desde los rubios hasta negros y rojizos. En esta oportunidad opt\u00f3 por un corte que est\u00e1n en tendencia:<strong> un carr\u00e9 s\u00faper corto en un casta\u00f1o claro.<\/strong><\/p>\n<\/div>\n<div id=\"element-body-2\">\n<p>Cabe destacar que hace apenas unos d\u00edas Stoessel hab\u00eda lucido el cabello s\u00faper largo cuando asisti\u00f3 a la Semana de la Moda Femenina en Par\u00eds 2025, que se celebr\u00f3 del 3 al 11 de marzo. All\u00ed tambi\u00e9n estren\u00f3 un nuevo tatuaje que llam\u00f3 la atenci\u00f3n de sus fans. Se trata de un dise\u00f1o bastante grande, que ocupa gran parte de su espalda. Seg\u00fan se pudo saber, la imagen del tatuaje corresponde a un seraf\u00edn, un \u00e1ngel de seis alas y un solo ojo que aparece en la Biblia y que sirve como asistente celestial de Dios en su trono<\/p>\n<\/div>\n<div id=\"element-body-4\">\n<p>El jueves por la noche Tini despidi\u00f3 sus 27 a\u00f1os con una cena que comparti\u00f3 junto a algunas de sus amigas m\u00e1s \u00edntimas.<\/p>\n<\/div>\n<div id=\"element-body-5\">\n<p><strong>\u201cArrancando el cumplea\u00f1ito de la monita\u201d<\/strong>, escribi\u00f3 una de las chicas en su cuenta de Instagram y comparti\u00f3 una imagen del grupo.<\/p>\n<\/div>\n<div id=\"element-body-7\">\n<p>En la postal se las ve despu\u00e9s de cenar, entre<strong> risas, botellas de vino tinto y blanco y una torta blanca decorada con flores y velas.<\/strong><\/p>\n<\/div>\n<div id=\"element-body-8\">\n<p>Por la tarde, la int\u00e9rprete de La Triple T apareci\u00f3 en las redes y en su perfil, donde acumula 21,4 millones de seguidores, public\u00f3 una postal de unos globos de coraz\u00f3n y un gran n\u00famero 28.<\/p>\n<\/div>\n<div id=\"element-body-10\">\n<p>Carola Gil, la mejor amiga de Tini, no estuvo presente en el festejo, pero comparti\u00f3 un saludo en las redes y a\u00f1adi\u00f3 algunos recuerdos de su vida junto a la ex<em> Violetta<\/em>.<\/p>\n<\/div>\n<div id=\"element-body-11\">\n<p><strong>\u201cFeliz cumplea\u00f1os a mi amiga m\u00e1s vieja. Te amo desde siempre y para siempre\u201d<\/strong>, escribi\u00f3 Carola y sum\u00f3 un coraz\u00f3n blanco.<\/p>\n<\/div>\n<div id=\"element-body-13\">\n<p>Tini tambi\u00e9n se expres\u00f3 en la red social X (antes Twitter), donde se mostr\u00f3 muy emocionada y agradeci\u00f3 los saludos que recibi\u00f3 en este d\u00eda tan especial<\/p>\n<\/div>\n<div id=\"element-body-14\">\n<p><strong>&#8220;Mis amores ya 28!!!!!!! gracias por todos sus mensajes tan lindos&#8230; No entienden lo mucho que lo valoro y lo que los amoooooo&#8221;<\/strong>, escribi\u00f3 la cantante.<\/p>\n<\/div>\n<div id=\"element-body-15\">\n<blockquote class=\"twitter-tweet\">\n<p lang=\"es\" dir=\"ltr\">mis amores ya 28!!!!!!!\ud83e\udd79\ud83e\udd79\ud83e\udd79\ud83e\udd79\ud83e\udd79 gracias por todos sus mensajes tan lindos . no entienden lo mucho q lo valoro y lo q lxs amoooooo\u2764\ufe0f<\/p>\n<p>\u2014 tini (@TiniStoessel) <a rel=\"nofollow\" target=\"_blank\" href=\"https:\/\/twitter.com\/TiniStoessel\/status\/1903118813765173697?ref_src=twsrc%5Etfw\">March 21, 2025<\/a><\/p><\/blockquote>\n<\/div>\n<div id=\"element-body-16\">\n<p>\u201cFeliz cumple @TiniStoessel Aunque no lo vas a ver, no puedo dejar de saludarte, sobretodo este a\u00f1o, que tu m\u00fasica me acompa\u00f1\u00f3 m\u00e1s que nunca desde el a\u00f1o pasado, siempre lo dije y siempre lo voy a decir, vos y tu m\u00fasica es una curita para mi coraz\u00f3n y mi alma. Te amo Tini\u201d, \u201cFeliz cumplea\u00f1os Tini. Te deseo un cumplea\u00f1os lleno de amor, felicidad y sue\u00f1os cumplidos. Gracias por ser t\u00fa, por regalarnos tu arte y por demostrar siempre que con esfuerzo y pasi\u00f3n, todo es posible\u201d, \u201cFELIZ CUMPLE, MI CIELO  Tinita, que tu seas muy feliz siempre, te mereces todas las cosas buenas que hay en el mundo. Gracias por existir y por tener la sonrisa m\u00e1s hermosa del mundo\u201d, fueron algunos de los mensajes que le dejaron.<\/p>\n<\/div>\n<p><script async src=\"\/\/platform.twitter.com\/widgets.js\" charset=\"utf-8\"><\/script><br \/>\n<br \/><br \/>\n<br \/><a href=\"https:\/\/www.clarin.com\/fama\/tini-stoessel-celebro-cumpleanos-amigas-cambio-look_0_WqmXKwkhze.html\">Fuente Clarin.com <\/a><\/p>\n","protected":false},"excerpt":{"rendered":"<p>Tras unas semanas instalada en Europa, donde estuvo abocada de lleno al mundo de la moda, Martina &#8220;Tini&#8221; Stoessel volvi\u00f3 a la Argentina para festejar su cumplea\u00f1os. La cantante cumpli\u00f3 28 a\u00f1os y decidi\u00f3 comenzar esta nueva etapa con un gran cambio de look. Es de p\u00fablico conocimiento que la artista ha pasado por varios [&hellip;]<\/p>\n","protected":false},"author":1,"featured_media":13986,"comment_status":"open","ping_status":"open","sticky":false,"template":"","format":"standard","meta":{"footnotes":""},"categories":[2],"tags":[13038,809,198,18,3825,351,10150,10149],"class_list":["post-13985","post","type-post","status-publish","format-standard","has-post-thumbnail","hentry","category-ultimas-noticias","tag-amigas","tag-cambio","tag-celebro","tag-con","tag-cumpleanos","tag-entre","tag-stoessel","tag-tini"],"_links":{"self":[{"href":"https:\/\/13.com.ar\/index.php\/wp-json\/wp\/v2\/posts\/13985","targetHints":{"allow":["GET"]}}],"collection":[{"href":"https:\/\/13.com.ar\/index.php\/wp-json\/wp\/v2\/posts"}],"about":[{"href":"https:\/\/13.com.ar\/index.php\/wp-json\/wp\/v2\/types\/post"}],"author":[{"embeddable":true,"href":"https:\/\/13.com.ar\/index.php\/wp-json\/wp\/v2\/users\/1"}],"replies":[{"embeddable":true,"href":"https:\/\/13.com.ar\/index.php\/wp-json\/wp\/v2\/comments?post=13985"}],"version-history":[{"count":0,"href":"https:\/\/13.com.ar\/index.php\/wp-json\/wp\/v2\/posts\/13985\/revisions"}],"wp:featuredmedia":[{"embeddable":true,"href":"https:\/\/13.com.ar\/index.php\/wp-json\/wp\/v2\/media\/13986"}],"wp:attachment":[{"href":"https:\/\/13.com.ar\/index.php\/wp-json\/wp\/v2\/media?parent=13985"}],"wp:term":[{"taxonomy":"category","embeddable":true,"href":"https:\/\/13.com.ar\/index.php\/wp-json\/wp\/v2\/categories?post=13985"},{"taxonomy":"post_tag","embeddable":true,"href":"https:\/\/13.com.ar\/index.php\/wp-json\/wp\/v2\/tags?post=13985"}],"curies":[{"name":"wp","href":"https:\/\/api.w.org\/{rel}","templated":true}]}}