{"id":13846,"date":"2025-03-21T06:23:57","date_gmt":"2025-03-21T09:23:57","guid":{"rendered":"https:\/\/13.com.ar\/index.php\/libros-para-chicos-que-vuelan-como-genios\/"},"modified":"2025-03-21T06:23:57","modified_gmt":"2025-03-21T09:23:57","slug":"libros-para-chicos-que-vuelan-como-genios","status":"publish","type":"post","link":"https:\/\/13.com.ar\/index.php\/libros-para-chicos-que-vuelan-como-genios\/","title":{"rendered":"libros para chicos que vuelan como genios"},"content":{"rendered":"<p> <br \/>\n<br \/><img decoding=\"async\" src=\"https:\/\/13.com.ar\/wp-content\/uploads\/2025\/03\/libros-para-chicos-que-vuelan-como-genios.jpg\" \/><\/p>\n<div id=\"element-body-0\">\n<p><strong>Leonardo da Vinci <\/strong>dej\u00f3 escrito que su inter\u00e9s por las aves y por volar le ven\u00eda desde muy chiquito: \u201cUno de mis primeros recuerdos de infancia fue que, estando yo en mi cuna, seg\u00fan creo, vino un milano hacia m\u00ed (&#8230;) y me golpe\u00f3 varias veces en los labios\u201d.<\/p>\n<\/div>\n<div id=\"element-body-1\">\n<p>El relato no es veros\u00edmil pero muestra el inter\u00e9s de Leonardo por explicar la motivaci\u00f3n que lo llev\u00f3 a crear los modelos de <strong>m\u00e1quinas<\/strong> <strong>para volar<\/strong>, a las que llam\u00f3 <em>uccello<\/em> (p\u00e1jaro en italiano).<\/p>\n<\/div>\n<div id=\"element-body-2\">\n<p>Y lo que me interesa tanto o m\u00e1s que eso: el pintor de <strong><em>La Gioconda<\/em><\/strong> y <strong><em>La \u00faltima cena <\/em><\/strong>recurri\u00f3 a la <strong>infancia <\/strong>para hacerlo. Hoy parece una obviedad. Pero en el Renacimiento el concepto de infancia no exist\u00eda. Y, en estos tiempos, su impacto no siempre se tiene tan en cuenta como se proclama.<\/p>\n<\/div>\n<div id=\"element-body-4\">\n<p>Todo esto viene a cuento de que dos propuestas argentinas fueron nominadas al <strong>premio a la excelencia de la<\/strong> <strong>62\u00b0edici\u00f3n de la Feria del Libro Infantil de Bolonia<\/strong>, el principal encuentro del sector, que se realiza entre el 31 de marzo y el 3 de abril.<\/p>\n<\/div>\n<div id=\"element-body-5\">\n<p>Son la<strong> editorial Iamiqu\u00e9<\/strong>, fundada por la bi\u00f3loga Ileana Lotersztain y la f\u00edsica Carla Baredes, para publicar \u201clibros <strong>cient\u00edficamente divertidos<\/strong>\u201d y la editorial con club de libros <strong>Lecturita<\/strong>.<\/p>\n<\/div>\n<div id=\"element-body-7\">\n<p>Adem\u00e1s, lo de <strong>Leonardo da Vinci<\/strong> se relaciona con una obra espec\u00edfica, sobre justamente aves, creada por una <strong>bi\u00f3loga <\/strong>y una <strong>ilustradora <\/strong>argentinas, que fue seleccionada para una expo sobre ecolog\u00eda que se realizar\u00e1 durante ese evento en Italia.<\/p>\n<\/div>\n<div id=\"element-body-8\">\n<p>Se trata de <em>Aves Migratorias. Una gu\u00eda sobre 11 magn\u00edficas especies<\/em> (p\u00edpala, sello de Adriana Hidalgo), de <strong>P\u00eda Flora,<\/strong> especializada en la observaci\u00f3n de aves, y la ilustradora <strong>Marina Haller<\/strong>, en la que <strong>ciencia y arte se potencian<\/strong>.<\/p>\n<\/div>\n<div id=\"element-body-10\">\n<p>Flora cuenta maravillas. \u00bfC\u00f3mo una golondrina de 20 cent\u00edmetros recorre todos los continentes, salvo zonas ant\u00e1rticas y \u00e1rticas? Y, entre mapas con sus rutas, Haller pinta las aves, sus caracter\u00edsticas y sus formas de vida, muchas veces con pinceladas sueltas pero certeras, al estilo de los <strong>impresionistas<\/strong>.<\/p>\n<\/div>\n<div id=\"element-body-13\">\n<p><em>Aves Migratorias<\/em> fue incluido en la lista<strong><em> BRAW Amazing Bookshelf<\/em><\/strong>, que este a\u00f1o reconoce a <strong>150 libros<\/strong> que fomentan la <strong>sostenibilidad <\/strong>y est\u00e1n en l\u00ednea con los Objetivos de Desarrollo Sostenible de la Agenda 2030 de la ONU, y se ver\u00e1 en el stand de la<strong> C\u00e1mara Argentina del Libro <\/strong>(CAL).<\/p>\n<\/div>\n<div id=\"element-body-15\">\n<p>\u201cLa literatura infantil es una herramienta eficaz para introducir <strong>problemas globales <\/strong>entre un p\u00fablico joven, empoderando a los ni\u00f1os para que puedan crear un <strong>futuro sostenible<\/strong>\u201d, se\u00f1al\u00f3 la Feria de Bolonia.<\/p>\n<\/div>\n<div id=\"element-body-17\">\n<p><strong>Leonardo da Vinci<\/strong> les abr\u00eda las jaulas a los p\u00e1jaros que compraba para estudiar, seg\u00fan cont\u00f3 <strong>Giorgio Vasari<\/strong>,<strong> <\/strong>bi\u00f3grafo de los grandes artistas de aquella \u00e9poca.<\/p>\n<\/div>\n<div id=\"element-body-18\">\n<p>La imagen de Leonardo Da Vinci liberando a las aves, mir\u00e1ndolas volar sin ataduras, <strong>como tiene que volar la curiosidad de los chicos<\/strong>, me hizo pensar en que la curiosidad es en s\u00ed misma un recurso a sustentar.<\/p>\n<\/div>\n<div id=\"element-body-19\">\n<p>Bueno, los libros para chicos, esos capaces de <strong>ganarles en atractivo a las hipn\u00f3ticas pantallas<\/strong>, como los que parten ahora rumbo a Bolonia, son una de las maneras m\u00e1s bellas y memorables de lograrlo. Tambi\u00e9n, para los grandes.<\/p>\n<\/div>\n<p><br \/>\n<br \/><a href=\"https:\/\/www.clarin.com\/opinion\/pajaros-leonardo-da-vinci-libros-chicos-vuelan-genios_0_eJiwd3n6KG.html\">Fuente Clarin.com <\/a><\/p>\n","protected":false},"excerpt":{"rendered":"<p>Leonardo da Vinci dej\u00f3 escrito que su inter\u00e9s por las aves y por volar le ven\u00eda desde muy chiquito: \u201cUno de mis primeros recuerdos de infancia fue que, estando yo en mi cuna, seg\u00fan creo, vino un milano hacia m\u00ed (&#8230;) y me golpe\u00f3 varias veces en los labios\u201d. El relato no es veros\u00edmil pero [&hellip;]<\/p>\n","protected":false},"author":1,"featured_media":13847,"comment_status":"open","ping_status":"open","sticky":false,"template":"","format":"standard","meta":{"footnotes":""},"categories":[2],"tags":[2213,66,2211,2206,16,10533],"class_list":["post-13846","post","type-post","status-publish","format-standard","has-post-thumbnail","hentry","category-ultimas-noticias","tag-chicos","tag-como","tag-genios","tag-libros","tag-para","tag-vuelan"],"_links":{"self":[{"href":"https:\/\/13.com.ar\/index.php\/wp-json\/wp\/v2\/posts\/13846","targetHints":{"allow":["GET"]}}],"collection":[{"href":"https:\/\/13.com.ar\/index.php\/wp-json\/wp\/v2\/posts"}],"about":[{"href":"https:\/\/13.com.ar\/index.php\/wp-json\/wp\/v2\/types\/post"}],"author":[{"embeddable":true,"href":"https:\/\/13.com.ar\/index.php\/wp-json\/wp\/v2\/users\/1"}],"replies":[{"embeddable":true,"href":"https:\/\/13.com.ar\/index.php\/wp-json\/wp\/v2\/comments?post=13846"}],"version-history":[{"count":0,"href":"https:\/\/13.com.ar\/index.php\/wp-json\/wp\/v2\/posts\/13846\/revisions"}],"wp:featuredmedia":[{"embeddable":true,"href":"https:\/\/13.com.ar\/index.php\/wp-json\/wp\/v2\/media\/13847"}],"wp:attachment":[{"href":"https:\/\/13.com.ar\/index.php\/wp-json\/wp\/v2\/media?parent=13846"}],"wp:term":[{"taxonomy":"category","embeddable":true,"href":"https:\/\/13.com.ar\/index.php\/wp-json\/wp\/v2\/categories?post=13846"},{"taxonomy":"post_tag","embeddable":true,"href":"https:\/\/13.com.ar\/index.php\/wp-json\/wp\/v2\/tags?post=13846"}],"curies":[{"name":"wp","href":"https:\/\/api.w.org\/{rel}","templated":true}]}}