{"id":13605,"date":"2025-03-20T11:44:32","date_gmt":"2025-03-20T14:44:32","guid":{"rendered":"https:\/\/13.com.ar\/index.php\/la-anses-sera-querellante-en-la-causa-que-investiga-a-cristina-kirchner-por-el-cobro-de-un-plus-de-6-millones-de-pesos-en-sus-pensiones\/"},"modified":"2025-03-20T11:44:32","modified_gmt":"2025-03-20T14:44:32","slug":"la-anses-sera-querellante-en-la-causa-que-investiga-a-cristina-kirchner-por-el-cobro-de-un-plus-de-6-millones-de-pesos-en-sus-pensiones","status":"publish","type":"post","link":"https:\/\/13.com.ar\/index.php\/la-anses-sera-querellante-en-la-causa-que-investiga-a-cristina-kirchner-por-el-cobro-de-un-plus-de-6-millones-de-pesos-en-sus-pensiones\/","title":{"rendered":"La ANSES ser\u00e1 querellante en la causa que investiga a Cristina Kirchner por el cobro de un plus de 6 millones de pesos en sus pensiones"},"content":{"rendered":"<p> <br \/>\n<br \/><img decoding=\"async\" src=\"https:\/\/13.com.ar\/wp-content\/uploads\/2025\/03\/una-nueva-encuesta-pone-a-Cristina-y-los-K-con.jpg\" \/><\/p>\n<div id=\"element-body-0\">\n<p>La ANSES fue aceptada como parte querellante en la causa que investiga la validez del cobro en su pensi\u00f3n de un plus por zona austral -de <strong>unos 6 millones de pesos<\/strong>&#8211; por parte de <strong>Cristina Kirchner<\/strong>, mientras resid\u00eda en Capital Federal. El expediente est\u00e1 delegado en el fiscal federal <strong>Gerardo Pollicita<\/strong>, que la semana pr\u00f3xima comenzar\u00e1 a tomar declaraciones testimoniales a integrantes del organismo p\u00fablico, para conocer m\u00e1s detalles respecto a la denuncia que se radic\u00f3 por los presuntos delitos de<strong> administraci\u00f3n fraudulenta, estafa y falsedad ideol\u00f3gica.<\/strong><\/p>\n<\/div>\n<div id=\"element-body-1\">\n<p>Cuando la Sala IV de la C\u00e1mara Federal de Casaci\u00f3n Penal confirm\u00f3 la sentencia condenatoria de Cristina por el delito de administraci\u00f3n fraudulenta en perjuicio del Estado en la causa Vialidad, el gobierno<strong> resolvi\u00f3 quitarle la pensi\u00f3n graciable que percib\u00eda<\/strong>, junto a otra que se le abonaba como viuda del ex presidente N\u00e9stor Kirchner.<\/p>\n<\/div>\n<div id=\"element-body-2\">\n<p>Seg\u00fan los n\u00fameros oficiales, la cifra percibida por mes en concepto de las dos pensiones ascend\u00eda a <strong>21.827.624 pesos.<\/strong> Desde diciembre, Cristina dej\u00f3 de contar con ese dinero.<\/p>\n<\/div>\n<div id=\"element-body-3\">\n<p>A ese planteo se le sum\u00f3 otra decisi\u00f3n del gobierno libertario: el Ministerio de Capital Humano, conducido por Sandra Pettovello, realiz\u00f3 una presentaci\u00f3n en los tribunales de Comodoro Py en la que se acusa a la ex presidenta por &#8220;presunta estafa, defraudaci\u00f3n al Estado y falsedad ideol\u00f3gica&#8221; al haber cobrado la Bonificaci\u00f3n por Zona Austral en sus dos beneficios previsionales <strong>cuando es &#8220;de p\u00fablico conocimiento su residencia en la ciudad de Buenos Aires&#8221;.<\/strong><\/p>\n<\/div>\n<div id=\"element-body-4\">\n<p>El presunto delito de falsedad ideol\u00f3gica responde, seg\u00fan la denuncia, a la decisi\u00f3n de haber declarado un domicilio en zona austral que no correspond\u00eda con su residencia permanente.<\/p>\n<\/div>\n<div id=\"element-body-5\">\n<p>En el marco de la causa, la ANSES -organismo que est\u00e1 bajo la \u00f3rbita de la cartera que conduce<strong> Sandra Pettovello<\/strong>-, solicit\u00f3 ser tenida en cuenta como parte querellante, y el juzgado que instruye el expediente, subrogado por Sebasti\u00e1n Casanello, la acept\u00f3, reconociendo el &#8220;leg\u00edtimo inter\u00e9s&#8221; del organismo previsional en el caso, que adem\u00e1s ser\u00eda v\u00edctima de &#8220;un especial, concreto y directo perjuicio\u201d si se comprueba la ilegalidad de la maniobra de Cristina.<\/p>\n<\/div>\n<div id=\"element-body-6\">\n<p>En esta causa se investiga un beneficio previsional que se \u201chabr\u00eda estado abonando un suplemento adicional por residir en zona austral que, seg\u00fan lo denunciado, no corresponder\u00eda que resulte abonado, pero que, -desde la firma del Decreto 746\/17- habr\u00eda resultado pagadero por las autoridades del ANSES, lo cual, permitir\u00eda visibilizar la posible existencia de una afectaci\u00f3n a las arcas estatales\u201d.<\/p>\n<\/div>\n<div id=\"element-body-7\">\n<p>Para determinar los hechos bajo estudio, Pollicita requiri\u00f3 una serie de documentos a Capital Humano vinculados al otorgamiento de los beneficios especiales en los que se encuadra el adicional por zona austral.<\/p>\n<\/div>\n<div id=\"element-body-8\">\n<p>Seg\u00fan confirmaron fuentes judiciales a <strong>Clar\u00edn<\/strong>, la semana pr\u00f3xima<strong> la fiscal\u00eda comenzar\u00e1 a tomar declaraciones testimoniales<\/strong> a integrantes de la ANSES para conocer con mayor nivel detalle los hechos denunciados, las cuestiones vinculadas a la normativa y sobre todo, <strong>los montos que estar\u00edan implicados en la presunta maniobra.<\/strong><\/p>\n<\/div>\n<div id=\"element-body-9\">\n<p>Es por ello, que el representante del Ministerio P\u00fablico Fiscal le requiri\u00f3 al ministerio del que depende ANSES, que proporcione el detalle de la cantidad de meses en los que Cristina Kirchner cobr\u00f3 el adicional cuestionado y los montos finales que corresponden a dicho per\u00edodo.<\/p>\n<\/div>\n<div id=\"element-body-10\">\n<p>En el detalle de la denuncia, el ministerio que dirige Pettovello sostuvo que &#8220;la bonificaci\u00f3n por zona austral tiene por objeto &#8216;<strong>coadyuvar al programa de afincamiento y crecimiento demogr\u00e1fico de la regi\u00f3n sur del pa\u00eds,<\/strong> posibilitando su desarrollo regional y atendiendo prioritariamente las necesidades sociales derivadas del mayor costo de vida'&#8221;.<\/p>\n<\/div>\n<p><br \/>\n<br \/><a href=\"https:\/\/www.clarin.com\/politica\/anses-querellante-causa-investiga-cristina-kirchner-cobro-plus-6-millones-pesos-pensiones_0_uYpErdparS.html\">Fuente Clarin.com <\/a><\/p>\n","protected":false},"excerpt":{"rendered":"<p>La ANSES fue aceptada como parte querellante en la causa que investiga la validez del cobro en su pensi\u00f3n de un plus por zona austral -de unos 6 millones de pesos&#8211; por parte de Cristina Kirchner, mientras resid\u00eda en Capital Federal. El expediente est\u00e1 delegado en el fiscal federal Gerardo Pollicita, que la semana pr\u00f3xima [&hellip;]<\/p>\n","protected":false},"author":1,"featured_media":12822,"comment_status":"open","ping_status":"open","sticky":false,"template":"","format":"standard","meta":{"footnotes":""},"categories":[2],"tags":[994,1663,1554,497,8492,1381,1065,6606,1066,142,8616,153,40],"class_list":["post-13605","post","type-post","status-publish","format-standard","has-post-thumbnail","hentry","category-ultimas-noticias","tag-anses","tag-causa","tag-cobro","tag-cristina","tag-investiga","tag-kirchner","tag-millones","tag-pensiones","tag-pesos","tag-por","tag-querellante","tag-sera","tag-sus"],"_links":{"self":[{"href":"https:\/\/13.com.ar\/index.php\/wp-json\/wp\/v2\/posts\/13605","targetHints":{"allow":["GET"]}}],"collection":[{"href":"https:\/\/13.com.ar\/index.php\/wp-json\/wp\/v2\/posts"}],"about":[{"href":"https:\/\/13.com.ar\/index.php\/wp-json\/wp\/v2\/types\/post"}],"author":[{"embeddable":true,"href":"https:\/\/13.com.ar\/index.php\/wp-json\/wp\/v2\/users\/1"}],"replies":[{"embeddable":true,"href":"https:\/\/13.com.ar\/index.php\/wp-json\/wp\/v2\/comments?post=13605"}],"version-history":[{"count":0,"href":"https:\/\/13.com.ar\/index.php\/wp-json\/wp\/v2\/posts\/13605\/revisions"}],"wp:featuredmedia":[{"embeddable":true,"href":"https:\/\/13.com.ar\/index.php\/wp-json\/wp\/v2\/media\/12822"}],"wp:attachment":[{"href":"https:\/\/13.com.ar\/index.php\/wp-json\/wp\/v2\/media?parent=13605"}],"wp:term":[{"taxonomy":"category","embeddable":true,"href":"https:\/\/13.com.ar\/index.php\/wp-json\/wp\/v2\/categories?post=13605"},{"taxonomy":"post_tag","embeddable":true,"href":"https:\/\/13.com.ar\/index.php\/wp-json\/wp\/v2\/tags?post=13605"}],"curies":[{"name":"wp","href":"https:\/\/api.w.org\/{rel}","templated":true}]}}