{"id":13578,"date":"2025-03-20T10:26:27","date_gmt":"2025-03-20T13:26:27","guid":{"rendered":"https:\/\/13.com.ar\/index.php\/hace-poco-fue-mama-quiero-respetar-su-emocion\/"},"modified":"2025-03-20T10:26:27","modified_gmt":"2025-03-20T13:26:27","slug":"hace-poco-fue-mama-quiero-respetar-su-emocion","status":"publish","type":"post","link":"https:\/\/13.com.ar\/index.php\/hace-poco-fue-mama-quiero-respetar-su-emocion\/","title":{"rendered":"Hace poco fue mam\u00e1, quiero respetar su emoci\u00f3n"},"content":{"rendered":"<p> <br \/>\n<br \/><img decoding=\"async\" src=\"https:\/\/13.com.ar\/wp-content\/uploads\/2025\/03\/Hace-poco-fue-mama-quiero-respetar-su-emocion.jpg\" \/><\/p>\n<div id=\"element-body-0\">\n<p>El diputado libertario <strong>Lisandro Almir\u00f3n le rest\u00f3 importancia a las declaraciones de su par Marcela Pagano<\/strong>, quien el mi\u00e9rcoles denunci\u00f3 en el recinto que Mart\u00edn Menem, presidente de la C\u00e1mara baja, la presion\u00f3 para que renuncie a la titularidad de la comisi\u00f3n de Juicio Pol\u00edtico y lo tild\u00f3 de &#8220;fascista&#8221;, meg\u00e1fono en mano, en una foto que se viraliz\u00f3 r\u00e1pidamente.<\/p>\n<\/div>\n<div id=\"element-body-1\">\n<p>En una entrevista radial este jueves por la ma\u00f1ana, Almir\u00f3n se desentendi\u00f3 de la disputa entre sus compa\u00f1eros de bloque y se\u00f1al\u00f3 que &#8220;se lo tendr\u00edan que preguntar a Mart\u00edn Menem o Marcela Pagano&#8221;. Adem\u00e1s, indic\u00f3 que <strong>&#8220;ella hace poco fue mam\u00e1&#8221;<\/strong>, pidi\u00f3 &#8220;ser respetuoso&#8221; con esa situaci\u00f3n y con &#8220;la emoci\u00f3n que puso en el Congreso para hacer esas declaraciones&#8221;.<\/p>\n<\/div>\n<div id=\"element-body-2\">\n<p><strong>&#8220;Ella sabr\u00e1 por qu\u00e9 lo dice&#8221;<\/strong>, solt\u00f3 en <em>Radio con Vos,<\/em> y se\u00f1al\u00f3: &#8220;Sinceramente no puedo validar lo que es mentira, pero preg\u00fantenle a ella&#8221;.<\/p>\n<\/div>\n<div id=\"element-body-3\">\n<div class=\"sc-c2c2a3c6-1 kQhBlc videoText videoText\">\n<h2>Video<\/h2>\n<p>Pagano volvi\u00f3 a denunciar a Mart\u00edn Menem<\/p>\n<\/div>\n<\/div>\n<div id=\"element-body-4\">\n<p>En ese mismo sentido se expres\u00f3 el jefe de Gabinete, <strong>Guillermo Francos<\/strong>, en <em>La Red<\/em>: &#8220;Creo que <strong>a veces se exacerban un poco los \u00e1nimos<\/strong>&#8220;. Y profundiz\u00f3: &#8220;Hay una discusi\u00f3n entre Marcela Pagano con el presidente de la C\u00e1mara y con el diputado (Oscar) Zago, que antes era jefe del bloque libertario, referida a la presidencia de una comisi\u00f3n y ha dejado algunas heridas pol\u00edticas&#8221;.<\/p>\n<\/div>\n<div id=\"element-body-5\">\n<p>&#8220;Eso gener\u00f3 una respuesta de Marcela, que es una excelente persona, tal vez <strong>la reacci\u00f3n fue inusual<\/strong>&#8220;, consider\u00f3 el funcionario nacional. Y dio su punto de vista en relaci\u00f3n a la interna libertaria en el Congreso: &#8220;<strong>Las cosas en la pol\u00edtica no hay que tomarlas tan personales<\/strong> y pueden buscarse \u00e1mbitos de soluci\u00f3n de otra manera&#8221;.<\/p>\n<\/div>\n<div id=\"element-body-7\">\n<p>Zago ingres\u00f3 en la \u00faltimas elecciones al Congreso como diputado de La Libertad Avanza, pero tras algunos desencuentros con el espacio pol\u00edtico, se corri\u00f3 para formar su propio monobloque. En la sesi\u00f3n de ayer, tambi\u00e9n fue protagonista de un ins\u00f3lito pedido de disculpas por parte de Almir\u00f3n, quien ofreci\u00f3 darle &#8220;un pico&#8221; luego de golpearlo la semana pasada en el recinto.<\/p>\n<\/div>\n<div id=\"element-body-8\">\n<div class=\"sc-c2c2a3c6-1 kQhBlc videoText videoText\">\n<h2>Video<\/h2>\n<p>Almir\u00f3n le pidi\u00f3 disculpas a Oscar Zago<\/p>\n<\/div>\n<\/div>\n<div id=\"element-body-9\">\n<p>Al respecto, Almir\u00f3n remarc\u00f3 esta ma\u00f1ana que la sesi\u00f3n de ayer para tratar el DNU por el acuerdo con el FMI estaba &#8220;trabada&#8221; porque &#8220;varios jefes de bloque estaban intentando dilatar la cuesti\u00f3n&#8221;, al pedirle que pidiera disculpas por la agresi\u00f3n, cosa que &#8220;desvirt\u00faa el objetivo principal, que es darle tratamiento a ese dictamen&#8221;, indic\u00f3.<\/p>\n<\/div>\n<div id=\"element-body-10\">\n<p><strong>&#8220;Ya nos hab\u00edamos sentado a hablar con Zago el d\u00eda anterior y me pareci\u00f3 m\u00e1s una acci\u00f3n dilatoria para interrumpir&#8221;, <\/strong>sostuvo, aunque ante el pedido de Mart\u00edn Menem tuvo que volver a pedir disculpas. &#8220;M\u00e1s all\u00e1 de la nota de color, era una manera de expresar que estaba finiquitado el tema&#8221;, expres\u00f3.<\/p>\n<\/div>\n<div id=\"element-body-12\">\n<p>El mi\u00e9rcoles, durante la sesi\u00f3n, Pagano dej\u00f3 a la luz la interna libertaria al denunciar que Menem durante un a\u00f1o la presion\u00f3 para que &#8220;desconociera un acta que est\u00e1 firmada por Leopoldo Moreau, Cecilia Moreau y Emilio Monz\u00f3, tres ex presidentes de esta C\u00e1mara&#8221;. El documento, que ten\u00eda en la mano al momento de dar su discurso, oficializa su designaci\u00f3n como titular de la comisi\u00f3n de Juicio Pol\u00edtico.<\/p>\n<\/div>\n<div id=\"element-body-13\">\n<p>Pagano remarc\u00f3 que el acta &#8220;tiene validez&#8221; y lo desafi\u00f3 al riojano: &#8220;Si considera que no (es v\u00e1lida) som\u00e9tala al pleno porque el pleno tiene la facultad de revocarle a usted tambi\u00e9n las facultades que tiene; usted est\u00e1 en un exceso&#8221;.<\/p>\n<\/div>\n<div id=\"element-body-14\">\n<p>En este escenario, Menem trat\u00f3 de interrumpir a Pagano. <strong>&#8220;No me calle porque interrumpir a un orador es de fascista&#8221;<\/strong>, le dijo la periodista al presidente de la C\u00e1mara, quien intent\u00f3 darle la palabra a otra legisladora. En ese momento, Pagano sac\u00f3 un meg\u00e1fono y comenz\u00f3 a exigirle a Menem que difunda los pol\u00e9micos audios. &#8220;Pon\u00e9 los audios que se filtraron&#8221;, le reclam\u00f3. &#8220;La llam\u00f3 al orden diputada, no se puede leer ni usar audios en esta c\u00e1mara&#8221;, le contest\u00f3 Menem.<\/p>\n<\/div>\n<div id=\"element-body-16\">\n<p>La discusi\u00f3n continu\u00f3 en una segunda etapa: &#8220;No se trata de Marcela Pagano, se trata de respetar las instituciones democr\u00e1ticas. Este es el acta firmada por 17 diputados, entre los que hay representantes de mi propio bloque como Lisandro Almir\u00f3n, Nicol\u00e1s Emma y Oscar Zago&#8221;, expres\u00f3 a los gritos la diputada.<\/p>\n<\/div>\n<p><br \/>\n<br \/><a href=\"https:\/\/www.clarin.com\/politica\/almiron-minimizo-denuncias-marcela-pagano-martin-menem-hace-mama-quiero-respetar-emocion_0_P7xxRx055B.html\">Fuente Clarin.com <\/a><\/p>\n","protected":false},"excerpt":{"rendered":"<p>El diputado libertario Lisandro Almir\u00f3n le rest\u00f3 importancia a las declaraciones de su par Marcela Pagano, quien el mi\u00e9rcoles denunci\u00f3 en el recinto que Mart\u00edn Menem, presidente de la C\u00e1mara baja, la presion\u00f3 para que renuncie a la titularidad de la comisi\u00f3n de Juicio Pol\u00edtico y lo tild\u00f3 de &#8220;fascista&#8221;, meg\u00e1fono en mano, en una [&hellip;]<\/p>\n","protected":false},"author":1,"featured_media":13579,"comment_status":"open","ping_status":"open","sticky":false,"template":"","format":"standard","meta":{"footnotes":""},"categories":[2],"tags":[2476,105,1192,2403,2519,12614,12793],"class_list":["post-13578","post","type-post","status-publish","format-standard","has-post-thumbnail","hentry","category-ultimas-noticias","tag-emocion","tag-fue","tag-hace","tag-mama","tag-poco","tag-quiero","tag-respetar"],"_links":{"self":[{"href":"https:\/\/13.com.ar\/index.php\/wp-json\/wp\/v2\/posts\/13578","targetHints":{"allow":["GET"]}}],"collection":[{"href":"https:\/\/13.com.ar\/index.php\/wp-json\/wp\/v2\/posts"}],"about":[{"href":"https:\/\/13.com.ar\/index.php\/wp-json\/wp\/v2\/types\/post"}],"author":[{"embeddable":true,"href":"https:\/\/13.com.ar\/index.php\/wp-json\/wp\/v2\/users\/1"}],"replies":[{"embeddable":true,"href":"https:\/\/13.com.ar\/index.php\/wp-json\/wp\/v2\/comments?post=13578"}],"version-history":[{"count":0,"href":"https:\/\/13.com.ar\/index.php\/wp-json\/wp\/v2\/posts\/13578\/revisions"}],"wp:featuredmedia":[{"embeddable":true,"href":"https:\/\/13.com.ar\/index.php\/wp-json\/wp\/v2\/media\/13579"}],"wp:attachment":[{"href":"https:\/\/13.com.ar\/index.php\/wp-json\/wp\/v2\/media?parent=13578"}],"wp:term":[{"taxonomy":"category","embeddable":true,"href":"https:\/\/13.com.ar\/index.php\/wp-json\/wp\/v2\/categories?post=13578"},{"taxonomy":"post_tag","embeddable":true,"href":"https:\/\/13.com.ar\/index.php\/wp-json\/wp\/v2\/tags?post=13578"}],"curies":[{"name":"wp","href":"https:\/\/api.w.org\/{rel}","templated":true}]}}