{"id":13566,"date":"2025-03-20T10:08:28","date_gmt":"2025-03-20T13:08:28","guid":{"rendered":"https:\/\/13.com.ar\/index.php\/acordaron-un-plan-para-mejorar-las-condiciones-laborales-en-la-actividad-agraria\/"},"modified":"2025-03-20T10:08:28","modified_gmt":"2025-03-20T13:08:28","slug":"acordaron-un-plan-para-mejorar-las-condiciones-laborales-en-la-actividad-agraria","status":"publish","type":"post","link":"https:\/\/13.com.ar\/index.php\/acordaron-un-plan-para-mejorar-las-condiciones-laborales-en-la-actividad-agraria\/","title":{"rendered":"Acordaron un plan para mejorar las condiciones laborales en la actividad agraria"},"content":{"rendered":"<p> <br \/>\n<br \/><img decoding=\"async\" src=\"https:\/\/13.com.ar\/wp-content\/uploads\/2025\/03\/Acordaron-un-plan-para-mejorar-las-condiciones-laborales-en-la.jpg\" \/><\/p>\n<div id=\"element-body-0\">\n<p>El ministro de Desarrollo Agrario de la provincia de Buenos Aires, <strong>Javier Rodr\u00edguez<\/strong>, firm\u00f3 el pasado 13 de marzo un convenio con el presidente del Registro Nacional de Trabajadores Rurales y Empleadores (RENATRE),<strong> Jos\u00e9 Voytenco<\/strong>, con el objetivo de realizar acciones conjuntas enmarcadas en el programa En el Campo Buen Trabajo.<\/p>\n<\/div>\n<div id=\"element-body-1\">\n<p>El proyecto, que ya hab\u00eda sido aprobado por el propio Javier Rodr\u00edguez en el 2022, incluye un Manual Operativo con <strong>pautas a seguir para fortalecer el trabajo de calidad en la actividad agraria<\/strong>. Entre sus metas, este programa pretende centralizar la informaci\u00f3n y coordinar tareas para facilitar la contrataci\u00f3n de trabajadores, as\u00ed como contar con datos de todas las categor\u00edas, modalidades y especializaciones del trabajo rural en la provincia.<\/p>\n<\/div>\n<div id=\"element-body-2\">\n<p>Ahora, con este nuevo pacto entre el ministro y el RENATRE<strong>, ambas partes se comprometieron a destinar recursos humanos y t\u00e9cnicos<\/strong>. Mientras dure el acuerdo -se estipula una duraci\u00f3n de dos a\u00f1os, que puede ser prorrogable- habr\u00e1 intercambios anuales de informaci\u00f3n. Con los datos obtenidos se establecer\u00e1n v\u00edas de acceso a la registraci\u00f3n formal de trabajadores y facilitar el asesoramiento legal. Adem\u00e1s, habr\u00e1 capacitaciones para empleados y empleadores.<\/p>\n<\/div>\n<div id=\"element-body-4\">\n<p>&#8220;Los trabajadores rurales, en muchos casos v\u00edctimas de condiciones deplorables, necesitan conocer sus derechos laborales para poder aplicarlos. Y los empleadores, sus obligaciones, pero entendidas como algo positivo, para producir mejor&#8221;, sostuvo el ministro<strong> Javier Rodr\u00edguez<\/strong>.<\/p>\n<\/div>\n<div id=\"element-body-5\">\n<p>El presidente del RENATRE, <strong>Jos\u00e9 Voytenco<\/strong>, destac\u00f3 la importancia del convenio firmado como una herramienta fundamental para seguir avanzando en la registraci\u00f3n de trabajadores: \u201cPara el Registro este convenio es un paso clave para seguir garantizando derechos y formalizaci\u00f3n en el campo&#8221;.<\/p>\n<\/div>\n<div id=\"element-body-6\">\n<p>&#8220;Es importante esta articulaci\u00f3n para tener m\u00e1s Estado presente en un sector que muchas veces se ha regido exclusivamente con las reglas del mercado. Y ac\u00e1, adem\u00e1s de ganancias y recursos econ\u00f3micos, hablamos de personas, que merecen un trato digno&#8221;, remarc\u00f3 el ministro.<\/p>\n<\/div>\n<div id=\"element-body-7\">\n<p>Con ese tono, Javier Rodr\u00edguez enfatiz\u00f3: &#8220;En la provincia de Buenos Aires<strong> el bienestar de los trabajadores rurales es un orgullo<\/strong>, un compromiso para cualquier dirigente peronista y tambi\u00e9n un mandato constitucional&#8221;.<\/p>\n<\/div>\n<div id=\"element-body-8\">\n<p>Durante la firma del convenio tambi\u00e9n participaron la directora del RENATRE, Carolina Llanos; la gerenta general, Sol Henchoz; el auditor del Registro, Silvio Polo; la secretaria de Organizaci\u00f3n del sindicato de trabajadores rurales UATRE, Natalia S\u00e1nchez J\u00e1uregui; y el responsable de caminos rurales del Ministerio de Desarrollo Agrario de la provincia, Jonathan S\u00e1nchez.<\/p>\n<\/div>\n<p><br \/>\n<br \/><a href=\"https:\/\/www.clarin.com\/rural\/acordaron-plan-mejorar-condiciones-laborales-actividad-agraria_0_nGpobiekGX.html\">Fuente Clarin.com <\/a><\/p>\n","protected":false},"excerpt":{"rendered":"<p>El ministro de Desarrollo Agrario de la provincia de Buenos Aires, Javier Rodr\u00edguez, firm\u00f3 el pasado 13 de marzo un convenio con el presidente del Registro Nacional de Trabajadores Rurales y Empleadores (RENATRE), Jos\u00e9 Voytenco, con el objetivo de realizar acciones conjuntas enmarcadas en el programa En el Campo Buen Trabajo. El proyecto, que ya [&hellip;]<\/p>\n","protected":false},"author":1,"featured_media":13567,"comment_status":"open","ping_status":"open","sticky":false,"template":"","format":"standard","meta":{"footnotes":""},"categories":[2],"tags":[7658,1121,12786,5028,9973,48,694,16,33],"class_list":["post-13566","post","type-post","status-publish","format-standard","has-post-thumbnail","hentry","category-ultimas-noticias","tag-acordaron","tag-actividad","tag-agraria","tag-condiciones","tag-laborales","tag-las","tag-mejorar","tag-para","tag-plan"],"_links":{"self":[{"href":"https:\/\/13.com.ar\/index.php\/wp-json\/wp\/v2\/posts\/13566","targetHints":{"allow":["GET"]}}],"collection":[{"href":"https:\/\/13.com.ar\/index.php\/wp-json\/wp\/v2\/posts"}],"about":[{"href":"https:\/\/13.com.ar\/index.php\/wp-json\/wp\/v2\/types\/post"}],"author":[{"embeddable":true,"href":"https:\/\/13.com.ar\/index.php\/wp-json\/wp\/v2\/users\/1"}],"replies":[{"embeddable":true,"href":"https:\/\/13.com.ar\/index.php\/wp-json\/wp\/v2\/comments?post=13566"}],"version-history":[{"count":0,"href":"https:\/\/13.com.ar\/index.php\/wp-json\/wp\/v2\/posts\/13566\/revisions"}],"wp:featuredmedia":[{"embeddable":true,"href":"https:\/\/13.com.ar\/index.php\/wp-json\/wp\/v2\/media\/13567"}],"wp:attachment":[{"href":"https:\/\/13.com.ar\/index.php\/wp-json\/wp\/v2\/media?parent=13566"}],"wp:term":[{"taxonomy":"category","embeddable":true,"href":"https:\/\/13.com.ar\/index.php\/wp-json\/wp\/v2\/categories?post=13566"},{"taxonomy":"post_tag","embeddable":true,"href":"https:\/\/13.com.ar\/index.php\/wp-json\/wp\/v2\/tags?post=13566"}],"curies":[{"name":"wp","href":"https:\/\/api.w.org\/{rel}","templated":true}]}}