{"id":1341,"date":"2025-02-02T10:53:05","date_gmt":"2025-02-02T13:53:05","guid":{"rendered":"https:\/\/13.com.ar\/index.php\/la-maxima-llegara-a-35-grados-en-la-ciudad-de-buenos-aires-y-este-lunes-sera-el-dia-mas-agobiante-del-verano\/"},"modified":"2025-02-02T10:53:05","modified_gmt":"2025-02-02T13:53:05","slug":"la-maxima-llegara-a-35-grados-en-la-ciudad-de-buenos-aires-y-este-lunes-sera-el-dia-mas-agobiante-del-verano","status":"publish","type":"post","link":"https:\/\/13.com.ar\/index.php\/la-maxima-llegara-a-35-grados-en-la-ciudad-de-buenos-aires-y-este-lunes-sera-el-dia-mas-agobiante-del-verano\/","title":{"rendered":"la m\u00e1xima llegar\u00e1 a 35 grados en la Ciudad de Buenos Aires y este lunes ser\u00e1 el d\u00eda m\u00e1s agobiante del verano"},"content":{"rendered":"<p> <br \/>\n<br \/><img decoding=\"async\" src=\"https:\/\/13.com.ar\/wp-content\/uploads\/2025\/02\/la-maxima-llegara-a-35-grados-en-la-Ciudad-de.jpg\" \/><\/p>\n<div>\n<p><strong>Calor, calor y m\u00e1s calor<\/strong>. El <strong>verano<\/strong> se siente con todo en el AMBA y en buena parte de la Argentina. Este 2 de febrero rigen <strong>alertas por temperaturas extremas<\/strong> de todos los niveles en buena parte del norte y centro del pa\u00eds. En la Ciudad de Buenos Aires, el pron\u00f3stico del tiempo indica que el term\u00f3metro llegar\u00e1 a los<strong> 35 grados<\/strong> y para ma\u00f1ana se anticipa<strong> el d\u00eda m\u00e1s agobiante<\/strong> en lo que va del a\u00f1o.<\/p>\n<\/div>\n<div>\n<p>La ola de calor se sinti\u00f3 desde temprano este domingo. Los porte\u00f1os y bonaerenses que quisieron aprovechar la ma\u00f1ana, que suele ser algo m\u00e1s amable, se encontraron con que<strong> a las 10 el term\u00f3metro ya marcaba 30 grados<\/strong>.<\/p>\n<\/div>\n<div>\n<p>La mala noticia es que <strong>el agobio se extender\u00e1 toda la jornada<\/strong>. A tal punto que, tras el pico de 35 grados que se espera para la tarde, el descenso de temperaturas ser\u00e1 leve: <strong>por la noche se pronostican 30 grados<\/strong>. Balcones, patios, plazas y parques van a ser los mejores aliados para sobrellevar el final de este domingo.<\/p>\n<\/div>\n<div>\n<p>Lo que viene es a\u00fan menos alentador. El lunes arrancar\u00e1 algo nublado y con una m\u00ednima de&#8230; <strong>\u00a127 grados!<\/strong> De ah\u00ed el mercurio trepar\u00e1 y se espera que por la tarde alcance<strong> los tan temidos 38 grados<\/strong>. Otra vez, la noche ser\u00e1 calurosa y coquetear\u00e1 con los 30\u00b0.<\/p>\n<\/div>\n<div>\n<p>La buena noticia es que despu\u00e9s de la ola de calor el Servicio Meteorol\u00f3gico Nacional (SMN) prev\u00e9 que las temperaturas cedan un poco y el martes la m\u00e1xima se quedar\u00e1 en 30 grados, mientras que ya el mi\u00e9rcoles todo el rango t\u00e9rmico ser\u00e1 considerablemente m\u00e1s bajo: 21\u00b0\/25\u00b0. El jueves, por primera vez en la semana, el term\u00f3metro romper\u00e1 el piso de 20 grados y se espera para la ma\u00f1ana una m\u00ednima de 18\u00b0.<\/p>\n<\/div>\n<div>\n<p>Las advertencias del Servicio Meteorol\u00f3gico Nacional por temperaturas extremas abarcan no s\u00f3lo la Ciudad sino tambi\u00e9n 17 provincias. <\/p>\n<\/div>\n<div>\n<p>En las zonas m\u00e1s calientes del pa\u00eds est\u00e1n bajo alertas de nivel rojo, que prev\u00e9 un efecto entre alto y extremo del calor en la salud. Por eso, se considera que las temperaturas llegar\u00e1n a niveles &#8220;muy peligrosos&#8221; y que pueden afectar a todas las personas, incluso a las saludables. Este domingo rige en todo <strong>Mendoza<\/strong> y en el noroeste de <strong>Neuqu\u00e9n<\/strong>. <\/p>\n<\/div>\n<div>\n<p>Un segundo nivel de calor extremo se experimenta en las localidades que tienen alerta naranja, donde el riesgo mayor del calor es para los grupos de riesgo. Se extiende por el sur y centro de<strong> San Juan<\/strong>, el oeste de <strong>San Luis<\/strong>, el sudoeste de <strong>C\u00f3rdoba<\/strong> y localidades del noroeste y sudoeste de la Provincia de <strong>Buenos Aires<\/strong>, entre ellas Villegas, Bah\u00eda Blanca y Patagones.<\/p>\n<\/div>\n<div>\n<p>Finalmente las alertas naranja est\u00e1n vigente en la <strong>Ciudad de Buenos Aires<\/strong>, el centro bonaerense, el norte de <strong>Entre R\u00edos<\/strong>, casi todo <strong>Corrientes<\/strong>, el norte de <strong>Misiones<\/strong>, norte y centro de <strong>Santa Fe<\/strong>, sudeste y noroeste de<strong> Chaco<\/strong>, oeste y centro de <strong>Formosa<\/strong>,  noreste de <strong>Salta<\/strong>, todo<strong> Tucum\u00e1n<\/strong> y <strong>Catamarca<\/strong>, buena parte de <strong>Santiago del Estero<\/strong>, oeste y centro de <strong>La Rioja<\/strong>, norte de San Juan y C\u00f3rdoba.<\/p>\n<\/div>\n<p><br \/>\n<br \/><a href=\"https:\/\/www.clarin.com\/sociedad\/ola-calor-maxima-llegara-35-grados-ciudad-lunes-dia-agobiante-verano_0_BmffYv7V0V.html\">Fuente Clarin.com <\/a><\/p>\n","protected":false},"excerpt":{"rendered":"<p>Calor, calor y m\u00e1s calor. El verano se siente con todo en el AMBA y en buena parte de la Argentina. Este 2 de febrero rigen alertas por temperaturas extremas de todos los niveles en buena parte del norte y centro del pa\u00eds. En la Ciudad de Buenos Aires, el pron\u00f3stico del tiempo indica que [&hellip;]<\/p>\n","protected":false},"author":1,"featured_media":1342,"comment_status":"open","ping_status":"open","sticky":false,"template":"","format":"standard","meta":{"footnotes":""},"categories":[2],"tags":[983,328,327,984,100,1154,139,2927,2926,2928,155,2925,153,65],"class_list":["post-1341","post","type-post","status-publish","format-standard","has-post-thumbnail","hentry","category-ultimas-noticias","tag-agobiante","tag-aires","tag-buenos","tag-ciudad","tag-del","tag-dia","tag-este","tag-grados","tag-llegara","tag-lunes","tag-mas","tag-maxima","tag-sera","tag-verano"],"_links":{"self":[{"href":"https:\/\/13.com.ar\/index.php\/wp-json\/wp\/v2\/posts\/1341","targetHints":{"allow":["GET"]}}],"collection":[{"href":"https:\/\/13.com.ar\/index.php\/wp-json\/wp\/v2\/posts"}],"about":[{"href":"https:\/\/13.com.ar\/index.php\/wp-json\/wp\/v2\/types\/post"}],"author":[{"embeddable":true,"href":"https:\/\/13.com.ar\/index.php\/wp-json\/wp\/v2\/users\/1"}],"replies":[{"embeddable":true,"href":"https:\/\/13.com.ar\/index.php\/wp-json\/wp\/v2\/comments?post=1341"}],"version-history":[{"count":0,"href":"https:\/\/13.com.ar\/index.php\/wp-json\/wp\/v2\/posts\/1341\/revisions"}],"wp:featuredmedia":[{"embeddable":true,"href":"https:\/\/13.com.ar\/index.php\/wp-json\/wp\/v2\/media\/1342"}],"wp:attachment":[{"href":"https:\/\/13.com.ar\/index.php\/wp-json\/wp\/v2\/media?parent=1341"}],"wp:term":[{"taxonomy":"category","embeddable":true,"href":"https:\/\/13.com.ar\/index.php\/wp-json\/wp\/v2\/categories?post=1341"},{"taxonomy":"post_tag","embeddable":true,"href":"https:\/\/13.com.ar\/index.php\/wp-json\/wp\/v2\/tags?post=1341"}],"curies":[{"name":"wp","href":"https:\/\/api.w.org\/{rel}","templated":true}]}}