{"id":1339,"date":"2025-02-02T10:45:25","date_gmt":"2025-02-02T13:45:25","guid":{"rendered":"https:\/\/13.com.ar\/index.php\/un-modelo-de-lujo-perdio-el-liderazgo\/"},"modified":"2025-02-02T10:45:25","modified_gmt":"2025-02-02T13:45:25","slug":"un-modelo-de-lujo-perdio-el-liderazgo","status":"publish","type":"post","link":"https:\/\/13.com.ar\/index.php\/un-modelo-de-lujo-perdio-el-liderazgo\/","title":{"rendered":"un modelo de lujo perdi\u00f3 el liderazgo"},"content":{"rendered":"<p> <br \/>\n<\/p>\n<div id=\"cuerpo\">\n<div class=\"sc-80531b6b-0 chRIGJ container-text text-embed\">\n<p>El <strong>mercado automotor <\/strong>en <strong>Europa <\/strong>sigue mostrando tendencias cambiantes, y <strong>2024 <\/strong>no fue la excepci\u00f3n. En un contexto de fuerte competencia y con la creciente presencia de marcas asi\u00e1ticas, las automotrices europeas est\u00e1n demostrando que todav\u00eda tienen mucho para ofrecer. Sin embargo, el <strong>ranking de los autos m\u00e1s vendidos <\/strong>en el viejo continente sorprendi\u00f3 con un cambio inesperado en el liderazgo.<\/p>\n<\/div>\n<div class=\"sc-80531b6b-0 chRIGJ container-text text-embed\">\n<p>Seg\u00fan datos de <strong>JATO Dynamics<\/strong>, durante el \u00faltimo a\u00f1o<strong> se patentaron en Europa 12,91 millones de autos nuevos<\/strong>, lo que representa un leve crecimiento del 0,9% respecto a 2023. Aunque las ventas de autos el\u00e9ctricos bajaron, el segmento de los h\u00edbridos impuls\u00f3 el mercado y evit\u00f3 una ca\u00edda mayor.<\/p>\n<\/div>\n<p><h2>El Dacia Sandero destron\u00f3 a Tesla<\/h2>\n<\/p>\n<div class=\"sc-80531b6b-0 chRIGJ container-text text-embed\">\n<p>El <strong>Dacia Sandero se coron\u00f3 como el auto m\u00e1s vendido en Europa, desbancando al Tesla Model<\/strong> <strong>Y<\/strong>, que cay\u00f3 hasta el quinto lugar. Este cambio en la cima refleja una tendencia clara: los consumidores buscan <strong>autos accesibles, confiables y con buena relaci\u00f3n calidad-precio<\/strong>, en lugar de los modelos m\u00e1s innovadores pero costosos.<\/p>\n<\/div>\n<div class=\"sc-80531b6b-0 chRIGJ container-text text-embed\">\n<p>Desde su lanzamiento en 2008, el Sandero se convirti\u00f3 en un \u00e9xito de ventas en Europa, acumulando m\u00e1s de<strong> 3,1 millones de unidades vendidas<\/strong>. En 2024, fue el modelo m\u00e1s elegido en mercados clave como Espa\u00f1a y Portugal.<\/p>\n<\/div>\n<p><h2>Volkswagen y Renault se mantienen firmes<\/h2>\n<\/p>\n<div class=\"sc-80531b6b-0 chRIGJ container-text text-embed\">\n<p>A pesar del ascenso del Sandero, el grupo <strong>Volkswagen <\/strong>sigue dominando con varios modelos entre los m\u00e1s vendidos. El Volkswagen Golf y el Volkswagen T-Roc ocuparon el tercer y cuarto puesto respectivamente, demostrando que los cl\u00e1sicos todav\u00eda tienen su lugar.<\/p>\n<\/div>\n<div class=\"sc-80531b6b-0 chRIGJ container-text text-embed\">\n<p>Por otro lado, el Renault Clio logr\u00f3 un impresionante segundo puesto, confirmando que los autos compactos contin\u00faan siendo una opci\u00f3n atractiva para los europeos.<\/p>\n<\/div>\n<div class=\"sc-198be8ec-0 cynXbu image-embed  image-embed \"><picture class=\"sc-198be8ec-1 kOjRiQ\"><source media=\"(min-width: 975px)\" width=\"720\" height=\"480\" \/><img alt=\"El Dacia Sandero destron\u00f3 al Tesla Model Y. Foto: Brandon Bell \/ GETTY IMAGES NORTH AMERICA \/ Getty Images via AFP.\" loading=\"lazy\" width=\"720\" height=\"480\" decoding=\"async\" data-nimg=\"1\" style=\"color:transparent\" src=\"https:\/\/13.com.ar\/wp-content\/uploads\/2025\/02\/un-modelo-de-lujo-perdio-el-liderazgo.jpg\"\/><span class=\"epigraphe\">El Dacia Sandero destron\u00f3 al Tesla Model Y. Foto: Brandon Bell \/ GETTY IMAGES NORTH AMERICA \/ Getty Images via AFP.<\/span><span class=\"bkg\"\/><span class=\"picture-open\"><button class=\"open-image\" aria-label=\"Open Image\"\/><\/span><\/picture><\/div>\n<p><h2>Ranking de los autos m\u00e1s vendidos en Europa en 2024<\/h2>\n<\/p>\n<div class=\"sc-80531b6b-0 chRIGJ container-text text-embed\">\n<ul>\n<li>Dacia Sandero &#8211; 274.702 unidades<\/li>\n<\/ul>\n<\/div>\n<div class=\"sc-80531b6b-0 chRIGJ container-text text-embed\">\n<ul>\n<li>Renault Clio &#8211; 273.354 unidades<\/li>\n<\/ul>\n<\/div>\n<div class=\"sc-80531b6b-0 chRIGJ container-text text-embed\">\n<ul>\n<li>Volkswagen Golf &#8211; 230.605 unidades<\/li>\n<\/ul>\n<\/div>\n<div class=\"sc-80531b6b-0 chRIGJ container-text text-embed\">\n<ul>\n<li>Volkswagen T-Roc &#8211; 221.712 unidades<\/li>\n<\/ul>\n<\/div>\n<div class=\"sc-80531b6b-0 chRIGJ container-text text-embed\">\n<ul>\n<li>Tesla Model Y &#8211; 215.851 unidades<\/li>\n<\/ul>\n<\/div>\n<div class=\"sc-80531b6b-0 chRIGJ container-text text-embed\">\n<ul>\n<li>Dacia Duster &#8211; 210.148 unidades<\/li>\n<\/ul>\n<\/div>\n<div class=\"sc-80531b6b-0 chRIGJ container-text text-embed\">\n<ul>\n<li>Volkswagen Tiguan &#8211; 204.559 unidades<\/li>\n<\/ul>\n<\/div>\n<div class=\"sc-80531b6b-0 chRIGJ container-text text-embed\">\n<ul>\n<li>Lada Granta &#8211; 203.925 unidades<\/li>\n<\/ul>\n<\/div>\n<div class=\"sc-80531b6b-0 chRIGJ container-text text-embed\">\n<ul>\n<li>Toyota Yaris &#8211; 194.417 unidades<\/li>\n<\/ul>\n<\/div>\n<div class=\"sc-80531b6b-0 chRIGJ container-text text-embed\">\n<ul>\n<li>Skoda Octavia &#8211; 188.634 unidades<\/li>\n<\/ul>\n<\/div>\n<div class=\"sc-198be8ec-0 cynXbu image-embed  image-embed \"><picture class=\"sc-198be8ec-1 kOjRiQ\"><source media=\"(min-width: 975px)\" width=\"720\" height=\"480\" \/><img alt=\"El futuro apunta a una transici\u00f3n hacia la electrificaci\u00f3n en el mercado automotor. Foto: Emmanuel Fern\u00e1ndez - Clar\u00edn.\" loading=\"lazy\" width=\"720\" height=\"480\" decoding=\"async\" data-nimg=\"1\" style=\"color:transparent\" src=\"https:\/\/13.com.ar\/wp-content\/uploads\/2025\/02\/1738503925_436_un-modelo-de-lujo-perdio-el-liderazgo.jpg\"\/><span class=\"epigraphe\">El futuro apunta a una transici\u00f3n hacia la electrificaci\u00f3n en el mercado automotor. Foto: Emmanuel Fern\u00e1ndez &#8211; Clar\u00edn.<\/span><span class=\"bkg\"\/><span class=\"picture-open\"><button class=\"open-image\" aria-label=\"Open Image\"\/><\/span><\/picture><\/div>\n<p><h2>Los h\u00edbridos ganan terreno<\/h2>\n<\/p>\n<div class=\"sc-80531b6b-0 chRIGJ container-text text-embed\">\n<p>Si bien los autos a combusti\u00f3n interna siguen dominando el ranking, el futuro apunta a una transici\u00f3n hacia la electrificaci\u00f3n. En septiembre de 2024, seg\u00fan la<strong> Asociaci\u00f3n Europea de Fabricantes de Autom\u00f3viles<\/strong> (ACEA), los <strong>veh\u00edculos h\u00edbridos representaron el 32,8% de las matriculaciones<\/strong>, superando por primera vez a los autos con motor de combusti\u00f3n tradicional (29,8%).<\/p>\n<\/div>\n<div class=\"sc-80531b6b-0 chRIGJ container-text text-embed\">\n<p>A su vez, los veh\u00edculos electrificados (el\u00e9ctricos puros, h\u00edbridos enchufables e h\u00edbridos convencionales) alcanzaron una cuota del 56,9% del mercado, lo que marca un punto de inflexi\u00f3n para la industria automotriz en Europa.<\/p>\n<\/div>\n<div class=\"sc-4306f4f9-0 bAPCpp\">\n<div class=\"inner-card-m\">\n<div class=\"related-content\">\n<p><span class=\"body-title\">Mir\u00e1 tambi\u00e9n<\/span><\/p>\n<h3>Cada vez m\u00e1s argentinos viajan con sus mascotas: requisitos y costos para embarcar perros y gatos<br \/>\n<\/h3>\n<source media=\"(min-width: 975px)\" width=\"340\" height=\"340\" \/><img alt=\"Cada vez m\u00e1s argentinos viajan con sus mascotas: requisitos y costos para embarcar perros y gatos&#10;\" loading=\"lazy\" width=\"340\" height=\"340\" decoding=\"async\" data-nimg=\"1\" style=\"color:transparent\" src=\"https:\/\/13.com.ar\/wp-content\/uploads\/2025\/02\/1738503925_575_un-modelo-de-lujo-perdio-el-liderazgo.jpg\"\/><\/div>\n<\/div>\n<\/div>\n<div class=\"sc-4306f4f9-0 bAPCpp\">\n<div class=\"inner-card-m\">\n<div class=\"related-content\">\n<p><span class=\"body-title\">Mir\u00e1 tambi\u00e9n<\/span><\/p>\n<h3>Ondas de WiFi y celulares: un estudio revela cu\u00e1l es su impacto en la salud humana<\/h3>\n<source media=\"(min-width: 975px)\" width=\"340\" height=\"340\" \/><img alt=\"Ondas de WiFi y celulares: un estudio revela cu\u00e1l es su impacto en la salud humana\" loading=\"lazy\" width=\"340\" height=\"340\" decoding=\"async\" data-nimg=\"1\" style=\"color:transparent\" src=\"https:\/\/13.com.ar\/wp-content\/uploads\/2025\/02\/1738503925_433_un-modelo-de-lujo-perdio-el-liderazgo.jpg\"\/><\/div>\n<\/div>\n<\/div>\n<\/div>\n<p><br \/>\n<br \/><a href=\"https:\/\/www.clarin.com\/informacion-general\/autos-vendidos-europa-2024-modelo-lujo-perdio-liderazgo_0_EJEwwx3V6y.html\">Fuente Clarin.com <\/a><\/p>\n","protected":false},"excerpt":{"rendered":"<p>El mercado automotor en Europa sigue mostrando tendencias cambiantes, y 2024 no fue la excepci\u00f3n. En un contexto de fuerte competencia y con la creciente presencia de marcas asi\u00e1ticas, las automotrices europeas est\u00e1n demostrando que todav\u00eda tienen mucho para ofrecer. Sin embargo, el ranking de los autos m\u00e1s vendidos en el viejo continente sorprendi\u00f3 con [&hellip;]<\/p>\n","protected":false},"author":1,"featured_media":1340,"comment_status":"open","ping_status":"open","sticky":false,"template":"","format":"standard","meta":{"footnotes":""},"categories":[2],"tags":[1330,259,844,88],"class_list":["post-1339","post","type-post","status-publish","format-standard","has-post-thumbnail","hentry","category-ultimas-noticias","tag-liderazgo","tag-lujo","tag-modelo","tag-perdio"],"_links":{"self":[{"href":"https:\/\/13.com.ar\/index.php\/wp-json\/wp\/v2\/posts\/1339","targetHints":{"allow":["GET"]}}],"collection":[{"href":"https:\/\/13.com.ar\/index.php\/wp-json\/wp\/v2\/posts"}],"about":[{"href":"https:\/\/13.com.ar\/index.php\/wp-json\/wp\/v2\/types\/post"}],"author":[{"embeddable":true,"href":"https:\/\/13.com.ar\/index.php\/wp-json\/wp\/v2\/users\/1"}],"replies":[{"embeddable":true,"href":"https:\/\/13.com.ar\/index.php\/wp-json\/wp\/v2\/comments?post=1339"}],"version-history":[{"count":0,"href":"https:\/\/13.com.ar\/index.php\/wp-json\/wp\/v2\/posts\/1339\/revisions"}],"wp:featuredmedia":[{"embeddable":true,"href":"https:\/\/13.com.ar\/index.php\/wp-json\/wp\/v2\/media\/1340"}],"wp:attachment":[{"href":"https:\/\/13.com.ar\/index.php\/wp-json\/wp\/v2\/media?parent=1339"}],"wp:term":[{"taxonomy":"category","embeddable":true,"href":"https:\/\/13.com.ar\/index.php\/wp-json\/wp\/v2\/categories?post=1339"},{"taxonomy":"post_tag","embeddable":true,"href":"https:\/\/13.com.ar\/index.php\/wp-json\/wp\/v2\/tags?post=1339"}],"curies":[{"name":"wp","href":"https:\/\/api.w.org\/{rel}","templated":true}]}}