{"id":1337,"date":"2025-02-02T10:35:51","date_gmt":"2025-02-02T13:35:51","guid":{"rendered":"https:\/\/13.com.ar\/index.php\/el-papa-francisco-arengo-a-las-parejas-jovenes-a-tener-mas-hijos-no-tengan-miedo\/"},"modified":"2025-02-02T10:35:51","modified_gmt":"2025-02-02T13:35:51","slug":"el-papa-francisco-arengo-a-las-parejas-jovenes-a-tener-mas-hijos-no-tengan-miedo","status":"publish","type":"post","link":"https:\/\/13.com.ar\/index.php\/el-papa-francisco-arengo-a-las-parejas-jovenes-a-tener-mas-hijos-no-tengan-miedo\/","title":{"rendered":"El papa Francisco areng\u00f3 a las parejas j\u00f3venes a tener m\u00e1s hijos: &#8220;No tengan miedo&#8221;"},"content":{"rendered":"<p> <br \/>\n<br \/><img decoding=\"async\" src=\"https:\/\/13.com.ar\/wp-content\/uploads\/2025\/02\/El-papa-Francisco-arengo-a-las-parejas-jovenes-a-tener.jpg\" \/><\/p>\n<div>\n<p>El <strong>papa Francisco<\/strong> pidi\u00f3 este domingo a los gobernantes de fe cristiana que durante este a\u00f1o jubilar <strong>negocien el fin de los conflictos existentes en el mundo<\/strong>, en un mensaje que lanz\u00f3 despu\u00e9s de haber rezado el tradicional \u00c1ngelus del mediod\u00eda a la multitud reunida en la plaza de San Pedro. Adem\u00e1s <strong>areng\u00f3 a las parejas j\u00f3venes a tener hijos<\/strong>, en la celebraci\u00f3n del &#8220;D\u00eda de la Vida&#8221;.<\/p>\n<\/div>\n<div>\n<p> \u201cReitero mi no a la guerra que destruye la vida, lleva a despreciarla. No olvidemos que la guerra es siempre una derrota\u201d, agreg\u00f3 el Sumo Pont\u00edfice.<\/p>\n<\/div>\n<div>\n<p>Francisco pidi\u00f3, como todos los domingos en los que reitera su condena de la guerra , que \u201coremos por la martirizada Ucrania, Palestina, Israel, L\u00edbano, Sud\u00e1n\u201d.<\/p>\n<\/div>\n<div>\n<p>El Papa record\u00f3, hablando desde la ventaja de su mesa de trabajo en el tercer piso del Palacio Apost\u00f3lico, que ese domingo en Italia se celebra \u201cEl D\u00eda de la Vida\u201d, centrado en el lema de \u201cTrasmitir la Vida, esperanza para el mundo\u201d.<\/p>\n<\/div>\n<div>\n<p>\u201cMe uno a los obispos italianos a expresar mi reconocimiento a las tantas familiar que acogen voluntariamente el don de la vida\u201d y anim\u00f3<strong> \u201ca las parejas j\u00f3venes a no tener miedo de traer hijos al mundo\u201d<\/strong>.<\/p>\n<\/div>\n<div>\n<p>Al comentar la liturgia, como hace siempre antes de rezar el Angelus, Francisco record\u00f3 que \u201cella recuerda que Mar\u00eda y Jos\u00e9 llevaron el ni\u00f1o Jes\u00fas al templo de Jerusal\u00e9n. Seg\u00fan la Ley lo presentaron en la casa de Dios para recordar que la vida viene del se\u00f1or \u201c.<\/p>\n<\/div>\n<div>\n<p>\u201cLa Sagrada Familia cumpli\u00f3 as\u00ed lo que el pueblo de Israel hac\u00eda siempre, de generaci\u00f3n en generaci\u00f3n\u201d, concluy\u00f3.<\/p>\n<\/div>\n<p><br \/>\n<br \/><a href=\"https:\/\/www.clarin.com\/mundo\/papa-francisco-arengo-parejas-jovenes-tener-hijos-miedo_0_l0BKEl56E6.html\">Fuente Clarin.com <\/a><\/p>\n","protected":false},"excerpt":{"rendered":"<p>El papa Francisco pidi\u00f3 este domingo a los gobernantes de fe cristiana que durante este a\u00f1o jubilar negocien el fin de los conflictos existentes en el mundo, en un mensaje que lanz\u00f3 despu\u00e9s de haber rezado el tradicional \u00c1ngelus del mediod\u00eda a la multitud reunida en la plaza de San Pedro. Adem\u00e1s areng\u00f3 a las [&hellip;]<\/p>\n","protected":false},"author":1,"featured_media":1338,"comment_status":"open","ping_status":"open","sticky":false,"template":"","format":"standard","meta":{"footnotes":""},"categories":[2],"tags":[2920,917,41,2922,48,155,2924,2919,2921,301,2923],"class_list":["post-1337","post","type-post","status-publish","format-standard","has-post-thumbnail","hentry","category-ultimas-noticias","tag-arengo","tag-francisco","tag-hijos","tag-jovenes","tag-las","tag-mas","tag-miedo","tag-papa","tag-parejas","tag-tener","tag-tengan"],"_links":{"self":[{"href":"https:\/\/13.com.ar\/index.php\/wp-json\/wp\/v2\/posts\/1337","targetHints":{"allow":["GET"]}}],"collection":[{"href":"https:\/\/13.com.ar\/index.php\/wp-json\/wp\/v2\/posts"}],"about":[{"href":"https:\/\/13.com.ar\/index.php\/wp-json\/wp\/v2\/types\/post"}],"author":[{"embeddable":true,"href":"https:\/\/13.com.ar\/index.php\/wp-json\/wp\/v2\/users\/1"}],"replies":[{"embeddable":true,"href":"https:\/\/13.com.ar\/index.php\/wp-json\/wp\/v2\/comments?post=1337"}],"version-history":[{"count":0,"href":"https:\/\/13.com.ar\/index.php\/wp-json\/wp\/v2\/posts\/1337\/revisions"}],"wp:featuredmedia":[{"embeddable":true,"href":"https:\/\/13.com.ar\/index.php\/wp-json\/wp\/v2\/media\/1338"}],"wp:attachment":[{"href":"https:\/\/13.com.ar\/index.php\/wp-json\/wp\/v2\/media?parent=1337"}],"wp:term":[{"taxonomy":"category","embeddable":true,"href":"https:\/\/13.com.ar\/index.php\/wp-json\/wp\/v2\/categories?post=1337"},{"taxonomy":"post_tag","embeddable":true,"href":"https:\/\/13.com.ar\/index.php\/wp-json\/wp\/v2\/tags?post=1337"}],"curies":[{"name":"wp","href":"https:\/\/api.w.org\/{rel}","templated":true}]}}