{"id":13349,"date":"2025-03-19T15:50:40","date_gmt":"2025-03-19T18:50:40","guid":{"rendered":"https:\/\/13.com.ar\/index.php\/corre-en-riesgo-su-futuro-en-telefe-por-sus-conflictos\/"},"modified":"2025-03-19T15:50:40","modified_gmt":"2025-03-19T18:50:40","slug":"corre-en-riesgo-su-futuro-en-telefe-por-sus-conflictos","status":"publish","type":"post","link":"https:\/\/13.com.ar\/index.php\/corre-en-riesgo-su-futuro-en-telefe-por-sus-conflictos\/","title":{"rendered":"\u00bfcorre en riesgo su futuro en Telefe por sus conflictos?"},"content":{"rendered":"<p> <br \/>\n<br \/><img decoding=\"async\" src=\"https:\/\/13.com.ar\/wp-content\/uploads\/2025\/03\/\u00bfcorre-en-riesgo-su-futuro-en-Telefe-por-sus-conflictos.jpg\" \/><\/p>\n<div id=\"element-body-0\">\n<p>Luego de que circularan versiones que aseguran que <strong>Wanda Nara<\/strong> no estar\u00eda en la pantalla de Telefe en 2025, trascendieron los<strong> importantes cambios<\/strong> que est\u00e1 realizando el canal para cuidarse ante los esc\u00e1ndalos de las figuras.<\/p>\n<\/div>\n<div id=\"element-body-1\">\n<p>La medi\u00e1tica ten\u00eda una incipiente carrera como conductora. De hecho, brill\u00f3 al frente de <em>MasterChef <\/em>y luego de <em>Bake Off Famosos.<\/em><\/p>\n<\/div>\n<div id=\"element-body-2\">\n<p>Sin embargo, sus constantes esc\u00e1ndalos con Mauro Icardi y Eugenia \u201cLa China\u201d Su\u00e1rez, y su romance con L-Gante, aparentemente hicieron que <strong>Telefe decidiera sacar de su grilla a la medi\u00e1tica.<\/strong><\/p>\n<\/div>\n<div id=\"element-body-3\">\n<p>Hace apenas unos d\u00edas en<em> Intrusos <\/em>(Am\u00e9rica TV) contaron detalles y se\u00f1alaron que el canal tendr\u00eda planeado seguir con <em>Gran Hermano <\/em>hasta mitad de a\u00f1o y, luego, continuar con el <em>reality<\/em> de canto <em>La Voz Argentina, <\/em>que contar\u00eda con la conducci\u00f3n de Nicol\u00e1s Occhiato.<\/p>\n<\/div>\n<div id=\"element-body-4\">\n<p><strong>\u201cNo hay lugar en la pantalla 2025 para Wanda Nara. <\/strong>Por dos motivos. Uno tiene que ver con que no estuvo en los planes hacer <em>MasterChef<\/em> este a\u00f1o, es un programa muy caro\u201d, expuso Paula Varela en <em>Intrusos<\/em>.<\/p>\n<\/div>\n<div id=\"element-body-6\">\n<p>Y detall\u00f3: \u201cLa otra raz\u00f3n que me dijeron es que tambi\u00e9n<strong> Wanda estar\u00eda &#8216;freezada&#8217; en el canal. Por ahora no quieren tenerla en la pantalla<\/strong>. Y no se va a hacer el <em>reality<\/em> por una cuesti\u00f3n de costos\u201d.<\/p>\n<\/div>\n<div id=\"element-body-7\">\n<p>Ahora se supo que el canal de las pelotas <strong>sum\u00f3 algunos cambios para los futuros contratos con sus figuras <\/strong>y que tienen que ver con que deben cuidar sus declaraciones, la vida privada y <strong>mantenerse al margen de los esc\u00e1ndalos medi\u00e1ticos mientras est\u00e9n trabajando para el canal.<\/strong><\/p>\n<\/div>\n<div id=\"element-body-9\">\n<p>Marina Calabr\u00f3 mostr\u00f3 al aire de <em>Lape club social informativo<\/em> (Am\u00e9rica TV) un contrato de una figura de Telefe, el cual detall\u00f3 que era \u201cest\u00e1ndar\u201d pero aclar\u00f3 que ese documento pod\u00eda explicar <strong>\u201calgunas ausencias en la pantalla de Telefe y algunas decisiones hacia el 2026\u201d.<\/strong><\/p>\n<\/div>\n<div id=\"element-body-10\">\n<p><strong>\u201cEste a\u00f1o los contratos de Telefe, entiendo que por primera vez, han incluido una cl\u00e1usula llamada de \u2018reputaci\u00f3n e imagen p\u00fablica\u2019. <\/strong>Tiene que ver con algunos sofocones que pasaron con algunos conductores como Jey Mamm\u00f3n, Marley y J\u00e9sica Cirio\u201d, cont\u00f3.<\/p>\n<\/div>\n<div id=\"element-body-11\">\n<p>La periodista luego ley\u00f3 algunos p\u00e1rrafos del contrato que se\u00f1alan que \u201cmientras dure el contrato con Telefe, <strong>el contratado se abstendr\u00e1 de asumir cualquier actitud y\/o realizar declaraciones en cualquier medio, incluyendo las redes sociales personales, que atenten contra su buena reputaci\u00f3n e imagen<\/strong> o que puedan da\u00f1ar la imagen del programa, la imagen institucional y la marca Telefe\u201d.<\/p>\n<\/div>\n<div id=\"element-body-12\">\n<p>\u201cAsimismo el contratado se obliga a <strong>mantener en su vida privada una conductora ordenada y alejada de hechos que atenten contra la moral, las buenas costumbres o que puedan ser considerados como il\u00edcitos<\/strong>, cuasi delitos o delitos y que puedan ocasionarle descr\u00e9dito p\u00fablico o esc\u00e1ndalo o desprecio\u201d, sum\u00f3 sobre una cl\u00e1usula del contrato.<\/p>\n<\/div>\n<p><br \/>\n<br \/><a href=\"https:\/\/www.clarin.com\/fama\/wanda-nara-centro-polemica-corre-riesgo-futuro-telefe-conflictos_0_aOFIgYrcgw.html\">Fuente Clarin.com <\/a><\/p>\n","protected":false},"excerpt":{"rendered":"<p>Luego de que circularan versiones que aseguran que Wanda Nara no estar\u00eda en la pantalla de Telefe en 2025, trascendieron los importantes cambios que est\u00e1 realizando el canal para cuidarse ante los esc\u00e1ndalos de las figuras. La medi\u00e1tica ten\u00eda una incipiente carrera como conductora. De hecho, brill\u00f3 al frente de MasterChef y luego de Bake [&hellip;]<\/p>\n","protected":false},"author":1,"featured_media":13350,"comment_status":"open","ping_status":"open","sticky":false,"template":"","format":"standard","meta":{"footnotes":""},"categories":[2],"tags":[12676,8146,2563,142,456,40,2337],"class_list":["post-13349","post","type-post","status-publish","format-standard","has-post-thumbnail","hentry","category-ultimas-noticias","tag-conflictos","tag-corre","tag-futuro","tag-por","tag-riesgo","tag-sus","tag-telefe"],"_links":{"self":[{"href":"https:\/\/13.com.ar\/index.php\/wp-json\/wp\/v2\/posts\/13349","targetHints":{"allow":["GET"]}}],"collection":[{"href":"https:\/\/13.com.ar\/index.php\/wp-json\/wp\/v2\/posts"}],"about":[{"href":"https:\/\/13.com.ar\/index.php\/wp-json\/wp\/v2\/types\/post"}],"author":[{"embeddable":true,"href":"https:\/\/13.com.ar\/index.php\/wp-json\/wp\/v2\/users\/1"}],"replies":[{"embeddable":true,"href":"https:\/\/13.com.ar\/index.php\/wp-json\/wp\/v2\/comments?post=13349"}],"version-history":[{"count":0,"href":"https:\/\/13.com.ar\/index.php\/wp-json\/wp\/v2\/posts\/13349\/revisions"}],"wp:featuredmedia":[{"embeddable":true,"href":"https:\/\/13.com.ar\/index.php\/wp-json\/wp\/v2\/media\/13350"}],"wp:attachment":[{"href":"https:\/\/13.com.ar\/index.php\/wp-json\/wp\/v2\/media?parent=13349"}],"wp:term":[{"taxonomy":"category","embeddable":true,"href":"https:\/\/13.com.ar\/index.php\/wp-json\/wp\/v2\/categories?post=13349"},{"taxonomy":"post_tag","embeddable":true,"href":"https:\/\/13.com.ar\/index.php\/wp-json\/wp\/v2\/tags?post=13349"}],"curies":[{"name":"wp","href":"https:\/\/api.w.org\/{rel}","templated":true}]}}