{"id":1285,"date":"2025-02-01T22:49:13","date_gmt":"2025-02-02T01:49:13","guid":{"rendered":"https:\/\/13.com.ar\/index.php\/mauro-icardi-llego-junto-a-la-china-suarez-a-turquia\/"},"modified":"2025-02-01T22:49:13","modified_gmt":"2025-02-02T01:49:13","slug":"mauro-icardi-llego-junto-a-la-china-suarez-a-turquia","status":"publish","type":"post","link":"https:\/\/13.com.ar\/index.php\/mauro-icardi-llego-junto-a-la-china-suarez-a-turquia\/","title":{"rendered":"Mauro Icardi lleg\u00f3 junto a La China Su\u00e1rez a Turqu\u00eda"},"content":{"rendered":"<p> <br \/>\n<\/p>\n<div id=\"cuerpo\">\n<div class=\"sc-80531b6b-0 chRIGJ container-text text-embed\">\n<p>Luego de un par de d\u00edas en Mil\u00e1n, Italia, <strong>Mauro Icardi y Eugenia &#8220;La China&#8221; Su\u00e1rez ya est\u00e1n en Estambul, Turqu\u00eda.<\/strong><\/p>\n<\/div>\n<div class=\"sc-80531b6b-0 chRIGJ container-text text-embed\">\n<p>La pareja ya se encuentra en la casa del futbolista rosarino, perteneciente al Galatasaray turco, que se recupera de una grave lesi\u00f3n: rotura del ligamento cruzado anterior y meniscos en la rodilla derecha.<\/p>\n<\/div>\n<div class=\"sc-80531b6b-0 chRIGJ container-text text-embed\">\n<p>El arribo de Icardi y La China a Turqu\u00eda fue bastante ca\u00f3tica.<\/p>\n<\/div>\n<div class=\"sc-80531b6b-0 chRIGJ container-text text-embed\">\n<p>Tal como queda demostrado en un video que compartieron en las cuentas de redes de LAM, el ciclo de Am\u00e9rica TV conducido por \u00c1ngel de Brito, <strong>Icardi fue recibido en el aeropuerto por un grupo de fan\u00e1ticos del Galatasaray<\/strong>, club al que el futbolista rosarino arrib\u00f3 a mediados de 2022 y r\u00e1pidamente se convirti\u00f3 en \u00eddolo gracias a ganar tres t\u00edtulos y marcar 61 goles.<\/p>\n<\/div>\n<div class=\"sc-80531b6b-0 chRIGJ container-text text-embed\">\n<p>Mientras que Icardi acept\u00f3 gustoso posar para un par de fotos, <strong>La China opt\u00f3 por quedarse a un costado, esperando a su pareja. <\/strong><\/p>\n<\/div>\n<div class=\"sc-80531b6b-0 chRIGJ container-text text-embed\">\n<p>Luego, escoltados por seguridad del aeropuerto pudieron atravesar al multitud y llegar al veh\u00edculo que lo estaba esperando.<\/p>\n<\/div>\n<div class=\"sc-80531b6b-0 chRIGJ container-text text-embed\">\n<p>&#8220;Istanbul&#8221;, escribi\u00f3 luego el futbolista en su cuenta de Instagram, junto a una foto del jard\u00edn de su hogar en Turqu\u00eda.<\/p>\n<\/div>\n<div class=\"sc-198be8ec-0 cynXbu image-embed  image-embed \"><picture class=\"sc-198be8ec-1 kOjRiQ\"><source media=\"(min-width: 975px)\" width=\"720\" height=\"480\" \/><img alt=\"&quot;Home&quot;, la foto que comparti\u00f3 Mauro Icardi tras su arribo a Turqu\u00eda. Foto: Instagram.\" loading=\"lazy\" width=\"720\" height=\"480\" decoding=\"async\" data-nimg=\"1\" style=\"color:transparent\" src=\"https:\/\/13.com.ar\/wp-content\/uploads\/2025\/02\/Mauro-Icardi-llego-junto-a-La-China-Suarez-a-Turquia.jpg\"\/><span class=\"epigraphe\">&#8220;Home&#8221;, la foto que comparti\u00f3 Mauro Icardi tras su arribo a Turqu\u00eda. Foto: Instagram.<\/span><span class=\"bkg\"\/><span class=\"picture-open\"><button class=\"open-image\" aria-label=\"Open Image\"\/><\/span><\/picture><\/div>\n<div class=\"sc-80531b6b-0 chRIGJ container-text text-embed\">\n<p>Minutos despu\u00e9s Icardi comparti\u00f3 en sus redes algunas im\u00e1genes de la cena que comparti\u00f3 junta a La China y compa\u00f1eros de equipo de Galatasaray, como los uruguayos Lucas Torreira y Fernando Muslera.<\/p>\n<\/div>\n<div class=\"sc-198be8ec-0 cynXbu image-embed  image-embed \"><picture class=\"sc-198be8ec-1 kOjRiQ\"><source media=\"(min-width: 975px)\" width=\"720\" height=\"480\" \/><img alt=\"Mauro Icardi y La China Su\u00e1rez, junto a compa\u00f1eros del rosarino en el Galatasaray de Turqu\u00eda. Foto: Instagram.\" loading=\"lazy\" width=\"720\" height=\"480\" decoding=\"async\" data-nimg=\"1\" style=\"color:transparent\" src=\"https:\/\/13.com.ar\/wp-content\/uploads\/2025\/02\/1738460953_283_Mauro-Icardi-llego-junto-a-La-China-Suarez-a-Turquia.jpg\"\/><span class=\"epigraphe\">Mauro Icardi y La China Su\u00e1rez, junto a compa\u00f1eros del rosarino en el Galatasaray de Turqu\u00eda. Foto: Instagram.<\/span><span class=\"bkg\"\/><span class=\"picture-open\"><button class=\"open-image\" aria-label=\"Open Image\"\/><\/span><\/picture><\/div>\n<div class=\"sc-80531b6b-0 chRIGJ container-text text-embed\">\n<p>La actriz, por su parte, en su Instagram subi\u00f3 la pizza y un postre de frutillas con chocolate que degustaron. <strong>&#8220;Me malcr\u00edan&#8221;<\/strong>, escribi\u00f3.<\/p>\n<\/div>\n<div class=\"sc-80531b6b-0 chRIGJ container-text text-embed\">\n<p>Despu\u00e9s La China comparti\u00f3 una de sus ya cl\u00e1sicas <em>selfie,<\/em> junto a su ubicaci\u00f3n: &#8220;Estambul, Turqu\u00eda&#8221;.<\/p>\n<\/div>\n<div class=\"sc-198be8ec-0 cynXbu image-embed  image-embed \"><picture class=\"sc-198be8ec-1 kOjRiQ\"><source media=\"(min-width: 975px)\" width=\"720\" height=\"480\" \/><img alt=\"La China Su\u00e1rez, posando en Estambul. Foto: Instagram.\" loading=\"lazy\" width=\"720\" height=\"480\" decoding=\"async\" data-nimg=\"1\" style=\"color:transparent\" src=\"https:\/\/13.com.ar\/wp-content\/uploads\/2025\/02\/1738460953_792_Mauro-Icardi-llego-junto-a-La-China-Suarez-a-Turquia.jpg\"\/><span class=\"epigraphe\">La China Su\u00e1rez, posando en Estambul. Foto: Instagram.<\/span><span class=\"bkg\"\/><span class=\"picture-open\"><button class=\"open-image\" aria-label=\"Open Image\"\/><\/span><\/picture><\/div>\n<p><h2>Las fotos de los d\u00edas de relax de La China Su\u00e1rez y Mauro Icardi en Italia<\/h2>\n<\/p>\n<div class=\"sc-80531b6b-0 chRIGJ container-text text-embed\">\n<p>Previo a su arriba a Turqu\u00eda, la pareja estuvo en Mil\u00e1n, Italia.<\/p>\n<\/div>\n<div class=\"sc-80531b6b-0 chRIGJ container-text text-embed\">\n<p>Mauro y la China Su\u00e1rez realizaron un rom\u00e1ntico recorrido por la ciudad italiana que incluy\u00f3 una visita a la ic\u00f3nica Plaza del Duomo y una cena en un reconocido restaurante de comida argentina.<\/p>\n<\/div>\n<div class=\"sc-198be8ec-0 cynXbu image-embed  image-embed \"><picture class=\"sc-198be8ec-1 kOjRiQ\"><source media=\"(min-width: 975px)\" width=\"720\" height=\"480\" \/><img alt=\"La China Su\u00e1rez y Mauro Icardi se mostraron almorzando en Mil\u00e1n, Italia. | Foto: Instagram\" loading=\"lazy\" width=\"720\" height=\"480\" decoding=\"async\" data-nimg=\"1\" style=\"color:transparent\" src=\"https:\/\/13.com.ar\/wp-content\/uploads\/2025\/02\/1738460953_107_Mauro-Icardi-llego-junto-a-La-China-Suarez-a-Turquia.jpg\"\/><span class=\"epigraphe\">La China Su\u00e1rez y Mauro Icardi se mostraron almorzando en Mil\u00e1n, Italia. | Foto: Instagram<\/span><span class=\"bkg\"\/><span class=\"picture-open\"><button class=\"open-image\" aria-label=\"Open Image\"\/><\/span><\/picture><\/div>\n<div class=\"sc-198be8ec-0 cynXbu image-embed  image-embed \"><picture class=\"sc-198be8ec-1 kOjRiQ\"><source media=\"(min-width: 975px)\" width=\"720\" height=\"480\" \/><img alt=\"La China Su\u00e1rez y Mauro Icardi disfrutaron de un rom\u00e1ntico paseo en Mil\u00e1n. | Foto: Instagram\" loading=\"lazy\" width=\"720\" height=\"480\" decoding=\"async\" data-nimg=\"1\" style=\"color:transparent\" src=\"https:\/\/13.com.ar\/wp-content\/uploads\/2025\/02\/1738460953_800_Mauro-Icardi-llego-junto-a-La-China-Suarez-a-Turquia.jpg\"\/><span class=\"epigraphe\">La China Su\u00e1rez y Mauro Icardi disfrutaron de un rom\u00e1ntico paseo en Mil\u00e1n. | Foto: Instagram<\/span><span class=\"bkg\"\/><span class=\"picture-open\"><button class=\"open-image\" aria-label=\"Open Image\"\/><\/span><\/picture><\/div>\n<div class=\"sc-80531b6b-0 chRIGJ container-text text-embed\">\n<p><strong>\u201cCaminando por las calles de Mil\u00e1n, de la mano, como si el tiempo se hubiera detenido s\u00f3lo para nosotros\u201d<\/strong>, escribi\u00f3 el futbolista junto a fotos del paseo.<\/p>\n<\/div>\n<div class=\"sc-80531b6b-0 chRIGJ container-text text-embed\">\n<p>Una de las paradas fue la Plaza de la Catedral, donde se los vio muy compenetrados, compartiendo tiernos besos y gestos de cari\u00f1o.<\/p>\n<\/div>\n<div class=\"sc-198be8ec-0 cynXbu image-embed  image-embed \"><picture class=\"sc-198be8ec-1 kOjRiQ\"><source media=\"(min-width: 975px)\" width=\"720\" height=\"480\" \/><img alt=\"La China Su\u00e1rez mostr\u00f3 la costosa cartera que le regal\u00f3 Mauro Icardi en Italia. | Foto: Instagram\" loading=\"lazy\" width=\"720\" height=\"480\" decoding=\"async\" data-nimg=\"1\" style=\"color:transparent\" src=\"https:\/\/13.com.ar\/wp-content\/uploads\/2025\/02\/1738460953_700_Mauro-Icardi-llego-junto-a-La-China-Suarez-a-Turquia.jpg\"\/><span class=\"epigraphe\">La China Su\u00e1rez mostr\u00f3 la costosa cartera que le regal\u00f3 Mauro Icardi en Italia. | Foto: Instagram<\/span><span class=\"bkg\"\/><span class=\"picture-open\"><button class=\"open-image\" aria-label=\"Open Image\"\/><\/span><\/picture><\/div>\n<\/div>\n<p><br \/>\n<br \/><a href=\"https:\/\/www.clarin.com\/fama\/caos-ovacion-mauro-icardi-llego-junto-china-suarez-turquia_0_pWKzkxNnre.html\">Fuente Clarin.com <\/a><\/p>\n","protected":false},"excerpt":{"rendered":"<p>Luego de un par de d\u00edas en Mil\u00e1n, Italia, Mauro Icardi y Eugenia &#8220;La China&#8221; Su\u00e1rez ya est\u00e1n en Estambul, Turqu\u00eda. La pareja ya se encuentra en la casa del futbolista rosarino, perteneciente al Galatasaray turco, que se recupera de una grave lesi\u00f3n: rotura del ligamento cruzado anterior y meniscos en la rodilla derecha. El [&hellip;]<\/p>\n","protected":false},"author":1,"featured_media":1286,"comment_status":"open","ping_status":"open","sticky":false,"template":"","format":"standard","meta":{"footnotes":""},"categories":[2],"tags":[72,133,776,1096,132,131,2836],"class_list":["post-1285","post","type-post","status-publish","format-standard","has-post-thumbnail","hentry","category-ultimas-noticias","tag-china","tag-icardi","tag-junto","tag-llego","tag-mauro","tag-suarez","tag-turquia"],"_links":{"self":[{"href":"https:\/\/13.com.ar\/index.php\/wp-json\/wp\/v2\/posts\/1285","targetHints":{"allow":["GET"]}}],"collection":[{"href":"https:\/\/13.com.ar\/index.php\/wp-json\/wp\/v2\/posts"}],"about":[{"href":"https:\/\/13.com.ar\/index.php\/wp-json\/wp\/v2\/types\/post"}],"author":[{"embeddable":true,"href":"https:\/\/13.com.ar\/index.php\/wp-json\/wp\/v2\/users\/1"}],"replies":[{"embeddable":true,"href":"https:\/\/13.com.ar\/index.php\/wp-json\/wp\/v2\/comments?post=1285"}],"version-history":[{"count":0,"href":"https:\/\/13.com.ar\/index.php\/wp-json\/wp\/v2\/posts\/1285\/revisions"}],"wp:featuredmedia":[{"embeddable":true,"href":"https:\/\/13.com.ar\/index.php\/wp-json\/wp\/v2\/media\/1286"}],"wp:attachment":[{"href":"https:\/\/13.com.ar\/index.php\/wp-json\/wp\/v2\/media?parent=1285"}],"wp:term":[{"taxonomy":"category","embeddable":true,"href":"https:\/\/13.com.ar\/index.php\/wp-json\/wp\/v2\/categories?post=1285"},{"taxonomy":"post_tag","embeddable":true,"href":"https:\/\/13.com.ar\/index.php\/wp-json\/wp\/v2\/tags?post=1285"}],"curies":[{"name":"wp","href":"https:\/\/api.w.org\/{rel}","templated":true}]}}