{"id":12839,"date":"2025-03-18T11:53:28","date_gmt":"2025-03-18T14:53:28","guid":{"rendered":"https:\/\/13.com.ar\/index.php\/le-robaron-la-camioneta-en-la-puerta-de-su-casa-le-chocaron-el-porton-y-su-hijo-penso-que-lo-habian-secuestrado\/"},"modified":"2025-03-18T11:53:28","modified_gmt":"2025-03-18T14:53:28","slug":"le-robaron-la-camioneta-en-la-puerta-de-su-casa-le-chocaron-el-porton-y-su-hijo-penso-que-lo-habian-secuestrado","status":"publish","type":"post","link":"https:\/\/13.com.ar\/index.php\/le-robaron-la-camioneta-en-la-puerta-de-su-casa-le-chocaron-el-porton-y-su-hijo-penso-que-lo-habian-secuestrado\/","title":{"rendered":"Le robaron la camioneta en la puerta de su casa, le chocaron el port\u00f3n y su hijo pens\u00f3 que lo hab\u00edan secuestrado"},"content":{"rendered":"<p> <br \/>\n<br \/><img decoding=\"async\" src=\"https:\/\/13.com.ar\/wp-content\/uploads\/2025\/03\/Le-robaron-la-camioneta-en-la-puerta-de-su-casa.jpg\" \/><\/p>\n<div id=\"element-body-0\">\n<p><strong><em>&#8220;Andate de ac\u00e1 o te disparamos&#8221;<\/em><\/strong><em>. <\/em>Esa amenazante frase recibi\u00f3 un vecino de Merlo cuando estaba con su camioneta en la puerta de su casa. Delincuentes se bajaron de un auto y lo apuntaron con un arma en la cabeza. Su hijo escuch\u00f3 que algo andaba mal por lo que sali\u00f3 y se encontr\u00f3 con la violenta escena. Pens\u00f3 que se hab\u00edan llevado secuestrado a su pap\u00e1. Desesperado, sali\u00f3 a perseguir a los ladrones que, antes de la fuga, chocaron el port\u00f3n. <\/p>\n<\/div>\n<div id=\"element-body-1\">\n<p>El hecho ocurri\u00f3 el s\u00e1bado a la noche sobre la calle Iturri, en Libertad, partido de Merlo. Un hombre estaba por entrar su camioneta con las balizas encendidas, cuando de repente cuatro hombres se le acercaron, le apuntaron con un arma y le robaron el veh\u00edculo.<\/p>\n<\/div>\n<div id=\"element-body-2\">\n<p><em>\u201cAndate de ac\u00e1 o te disparamos\u201d<\/em>, le dijo uno de los delincuentes, que bajaron al hombre al mismo tiempo que ellos se subieron a la camioneta, que estaba estacionada en la subida de la casa.<\/p>\n<\/div>\n<div id=\"element-body-3\">\n<p>En ese momento, su hijo, de 20 a\u00f1os, sali\u00f3 de la casa. Pens\u00f3 que su pap\u00e1 estaba todav\u00eda adentro del veh\u00edculo, pero ya hab\u00eda salido corriendo para la esquina. Es por eso que les grit\u00f3 a los ladrones, quienes de inmediato arrancaron la camioneta y chocaron el port\u00f3n, lo que hizo que dejara el frente destruido.<\/p>\n<\/div>\n<div id=\"element-body-4\">\n<p>Vestido con una remera de color clara y un jean, y al grito de <strong><em>&#8220;\u00a1Ehhh!, \u00bfy mi viejo?<\/em><\/strong><em>&#8220;<\/em>, el joven sali\u00f3 de su casa esquivando el port\u00f3n y se acerc\u00f3 a la camioneta, que dio marcha atr\u00e1s y sali\u00f3 de la escena a toda velocidad.<\/p>\n<\/div>\n<div id=\"element-body-6\">\n<p>Toda la secuencia qued\u00f3 registrada por las c\u00e1maras de seguridad que la familia tenia en su casa. En el video, se observan los 50 segundos de tensi\u00f3n en donde sucedieron todos los hechos del robo.<\/p>\n<\/div>\n<div id=\"element-body-7\">\n<p>En di\u00e1logo con <em>TN<\/em>, la v\u00edctima, Jose Luis, cont\u00f3 que se hab\u00eda ocultado en un \u00e1rbol para que los delincuentes no lo agredan, y justo fue en el momento en que sali\u00f3 su hijo y rompieron el port\u00f3n con la camioneta.<\/p>\n<\/div>\n<div id=\"element-body-8\">\n<p>&#8220;Me baj\u00e9 y sal\u00ed corriendo, pegu\u00e9 la vuelta manzana y en ese momento se ve lo del video, que le tiran el port\u00f3n a mi hijo&#8221;, relat\u00f3. Tambi\u00e9n asegur\u00f3 que pudo comunicarse con su familia y avisar que estaba en Noguera e Iturri.<\/p>\n<\/div>\n<div id=\"element-body-9\">\n<p>&#8220;A pesar de todo, <strong>agradezco estar vivo<\/strong> y que no me trataron tan mal. Lo importante es que mi familia est\u00e1 bien&#8221;, confes\u00f3 la v\u00edctima.<\/p>\n<\/div>\n<div id=\"element-body-10\">\n<p>A pesar de todo, confirm\u00f3 que el domingo fue a trabajar: &#8220;Tengo un comercio, dentro de todo estoy bien y no me hicieron nada. Trabaj\u00e9 hasta el mediod\u00eda y vine a comer&#8221;. Adem\u00e1s, expres\u00f3 que ya hab\u00eda sufrido dos robos anteriormente en su casa, y que <strong>en le barrio mataron a una persona hace algunos a\u00f1os<\/strong>.<\/p>\n<\/div>\n<div id=\"element-body-11\">\n<p>Hasta el momento, y despu\u00e9s de dos d\u00edas, la camioneta todav\u00eda no hab\u00eda aparecido.<\/p>\n<\/div>\n<p><br \/>\n<br \/><a href=\"https:\/\/www.clarin.com\/policiales\/merlo-inseguridad-camioneta-robo-asalto-porton_0_fyLbbva3Vr.html\">Fuente Clarin.com <\/a><\/p>\n","protected":false},"excerpt":{"rendered":"<p>&#8220;Andate de ac\u00e1 o te disparamos&#8221;. Esa amenazante frase recibi\u00f3 un vecino de Merlo cuando estaba con su camioneta en la puerta de su casa. Delincuentes se bajaron de un auto y lo apuntaron con un arma en la cabeza. Su hijo escuch\u00f3 que algo andaba mal por lo que sali\u00f3 y se encontr\u00f3 con [&hellip;]<\/p>\n","protected":false},"author":1,"featured_media":12840,"comment_status":"open","ping_status":"open","sticky":false,"template":"","format":"standard","meta":{"footnotes":""},"categories":[2],"tags":[921,108,12348,2944,918,4539,12349,857,3789,8709],"class_list":["post-12839","post","type-post","status-publish","format-standard","has-post-thumbnail","hentry","category-ultimas-noticias","tag-camioneta","tag-casa","tag-chocaron","tag-habian","tag-hijo","tag-penso","tag-porton","tag-puerta","tag-robaron","tag-secuestrado"],"_links":{"self":[{"href":"https:\/\/13.com.ar\/index.php\/wp-json\/wp\/v2\/posts\/12839","targetHints":{"allow":["GET"]}}],"collection":[{"href":"https:\/\/13.com.ar\/index.php\/wp-json\/wp\/v2\/posts"}],"about":[{"href":"https:\/\/13.com.ar\/index.php\/wp-json\/wp\/v2\/types\/post"}],"author":[{"embeddable":true,"href":"https:\/\/13.com.ar\/index.php\/wp-json\/wp\/v2\/users\/1"}],"replies":[{"embeddable":true,"href":"https:\/\/13.com.ar\/index.php\/wp-json\/wp\/v2\/comments?post=12839"}],"version-history":[{"count":0,"href":"https:\/\/13.com.ar\/index.php\/wp-json\/wp\/v2\/posts\/12839\/revisions"}],"wp:featuredmedia":[{"embeddable":true,"href":"https:\/\/13.com.ar\/index.php\/wp-json\/wp\/v2\/media\/12840"}],"wp:attachment":[{"href":"https:\/\/13.com.ar\/index.php\/wp-json\/wp\/v2\/media?parent=12839"}],"wp:term":[{"taxonomy":"category","embeddable":true,"href":"https:\/\/13.com.ar\/index.php\/wp-json\/wp\/v2\/categories?post=12839"},{"taxonomy":"post_tag","embeddable":true,"href":"https:\/\/13.com.ar\/index.php\/wp-json\/wp\/v2\/tags?post=12839"}],"curies":[{"name":"wp","href":"https:\/\/api.w.org\/{rel}","templated":true}]}}