{"id":12834,"date":"2025-03-18T11:26:32","date_gmt":"2025-03-18T14:26:32","guid":{"rendered":"https:\/\/13.com.ar\/index.php\/quien-es-el-fashionista-que-aplasto-al-corinthians-de-ramon-diaz-y-ahora-enfrentara-a-los-de-gallardo-en-la-libertadores\/"},"modified":"2025-03-18T11:26:32","modified_gmt":"2025-03-18T14:26:32","slug":"quien-es-el-fashionista-que-aplasto-al-corinthians-de-ramon-diaz-y-ahora-enfrentara-a-los-de-gallardo-en-la-libertadores","status":"publish","type":"post","link":"https:\/\/13.com.ar\/index.php\/quien-es-el-fashionista-que-aplasto-al-corinthians-de-ramon-diaz-y-ahora-enfrentara-a-los-de-gallardo-en-la-libertadores\/","title":{"rendered":"qui\u00e9n es el fashionista que aplast\u00f3 al Corinthians de Ram\u00f3n D\u00edaz y ahora enfrentar\u00e1 a los de Gallardo en la Libertadores"},"content":{"rendered":"<p> <br \/>\n<\/p>\n<div id=\"cuerpo\">\n<div class=\"sc-80531b6b-0 chRIGJ container-text text-embed\" id=\"element-body-0\">\n<p>Las m\u00e1gicas noches de <strong>Copa Libertadores <\/strong>son as\u00ed. De repente, un partido en <strong>Ecuador <\/strong>se convirti\u00f3 en tendencia en Argentina y en todo el mundo por una particularidad completamente inesperada: el look del entrenador <strong>Segundo Castillo<\/strong>, DT de <strong>Barcelona de Guayaquil<\/strong>. No hace falta ser adivino: en un par de semanas volver\u00e1 a convertirse en trending topic en las redes, cuando desfile por el c\u00e9sped del Estadio Monumental para enfrentar al River de Marcelo Gallardo.<\/p>\n<\/div>\n<div class=\"sc-80531b6b-0 chRIGJ container-text text-embed\" id=\"element-body-1\">\n<p>A principios de marzo, vestido con <strong>un esmoquin blanco impecable<\/strong>, en contraste con su piel morena y el verde furioso de un c\u00e9sped castigado por la lluvia, Castillo sali\u00f3 al campo de juego con una misi\u00f3n dif\u00edcil: evitar las manchas de barro pero especialmente sacarle un buen resultado al poderoso <strong>Corinthians <\/strong>de Brasil, dirigido por <strong>Ram\u00f3n D\u00edaz<\/strong>.<\/p>\n<\/div>\n<div class=\"sc-80531b6b-0 chRIGJ container-text text-embed\" id=\"element-body-2\">\n<p>Como si fuera un experimentado modelo paseando por la pasarela, <strong>el equipo de Castillo aplast\u00f3 3-0 al equipo que tiene a Memphis Depay y Yuri Alberto, en la ida en la ida. Y aguant\u00f3 los trapos en la vuelta (cay\u00f3 2-0) para meterse<\/strong> la fase de grupos de la <strong>Libertadores <\/strong>y el que pierda deber\u00e1 consolarse con la <strong>Sudamericana<\/strong>.<\/p>\n<\/div>\n<div class=\"sc-80531b6b-0 chRIGJ container-text text-embed\" id=\"element-body-3\">\n<p>Ahora los dirigidos por Segundo Castillo, a esta altura el DT m\u00e1s elegante de Am\u00e9rica, cayeron en el grupo de River y, adem\u00e1s de la propuesta futbol\u00edstica del equipo m\u00e1s tradicional de Ecuador, los focos estar\u00e1n puestos en el outfit del hombre que estar\u00e1 del otro lado de la l\u00ednea de cal. <\/p>\n<\/div>\n<div class=\"sc-80531b6b-0 chRIGJ container-text text-embed\" id=\"element-body-4\">\n<p>Barcelona y el Millonario comparten grupo con Independiente del Valle, otro equipo Ecuatoriano y Universitario de Per\u00fa.<\/p>\n<\/div>\n<div class=\"sc-80531b6b-0 chRIGJ container-text text-embed\" id=\"element-body-5\">\n<p>Se habl\u00f3 mucho de Castillo en las redes, casi todos sorprendidos por el atuendo elegido por este exfutbolista que desde 2020 siempre sale al rescate para ocupar el rol de interino al frente de uno de los clubes m\u00e1s populares de Ecuador.<strong> Este a\u00f1o busca parece haberse adue\u00f1ado definitivamente del cargo tras el batacazo frente al Timao.<\/strong><\/p>\n<\/div>\n<div class=\"sc-106e49c0-0 dcVumd freeHtml-embed undefined\" id=\"element-body-6\">\n<blockquote class=\"twitter-tweet\">\n<p lang=\"es\" dir=\"ltr\">\ud83e\udd35\ud83c\udfc6 \u00bfLujo? El de Segundo Castillo, entrenador de <a rel=\"nofollow\" target=\"_blank\" href=\"https:\/\/twitter.com\/BarcelonaSC?ref_src=twsrc%5Etfw\">@BarcelonaSC<\/a>: as\u00ed se ve un partido de CONMEBOL <a rel=\"nofollow\" target=\"_blank\" href=\"https:\/\/twitter.com\/hashtag\/Libertadores?src=hash&amp;ref_src=twsrc%5Etfw\">#Libertadores<\/a>. <a rel=\"nofollow\" target=\"_blank\" href=\"https:\/\/twitter.com\/hashtag\/GloriaEterna?src=hash&amp;ref_src=twsrc%5Etfw\">#GloriaEterna<\/a> <a rel=\"nofollow\" target=\"_blank\" href=\"https:\/\/t.co\/60PpBBT9DD\">pic.twitter.com\/60PpBBT9DD<\/a><\/p>\n<p>\u2014 CONMEBOL Libertadores (@Libertadores) <a rel=\"nofollow\" target=\"_blank\" href=\"https:\/\/twitter.com\/Libertadores\/status\/1897452234205430038?ref_src=twsrc%5Etfw\">March 6, 2025<\/a><\/p><\/blockquote>\n<\/div>\n<div class=\"sc-80531b6b-0 chRIGJ container-text text-embed\" id=\"element-body-7\">\n<p>Muy c\u00f3modo con la pilcha de DT, los primeros el 5 de marzo <strong>Castillo le dio una paliza t\u00e1ctica a Ram\u00f3n<\/strong>, y festej\u00f3 con calma la diferencia cosechada en el campo de juego con tal de no arrugar su elegante dise\u00f1o era grande.<\/p>\n<\/div>\n<div class=\"sc-80531b6b-0 chRIGJ container-text text-embed\" id=\"element-body-8\">\n<p>En una \u00e9poca en la que los entrenadores suelen dedicarle mucho empe\u00f1o al vestuario de cada partido, con pantalones chupines, camisas ajustadas y sacos de alta moda tra\u00eddos desde Europa, el nacido en Esmeraldas hace 42 a\u00f1os redobl\u00f3 la apuesta<strong> y apela a conjuntos bien llamativos<\/strong>.<\/p>\n<\/div>\n<div class=\"sc-80531b6b-0 chRIGJ container-text text-embed\" id=\"element-body-9\">\n<p>Ya se lo vio con boinas, chalecos, bermudas, tiradores, mo\u00f1os, pantalones floreados y hasta con una bata \u00e1rabe. Hay que decirlo, el ecuatoriano triunf\u00f3 en el f\u00fatbol de su pa\u00eds pero tambi\u00e9n recorri\u00f3 el mundo jugando en equipos como el <strong>Everton <\/strong>de Inglaterra, el <strong>Monterrey <\/strong>mexicano o el <strong>Al Hilal <\/strong>de la liga saud\u00ed.<\/p>\n<\/div>\n<div class=\"sc-80531b6b-0 chRIGJ container-text text-embed\" id=\"element-body-10\">\n<p>En una entrevista, Castillo revel\u00f3 que su esposa juega un papel fundamental en la selecci\u00f3n de sus atuendos para los partidos. Ella es quien le ayuda a elegir las prendas, asegurando que su vestimenta est\u00e9 siempre a la altura de las expectativas del club y los aficionados.<\/p>\n<\/div>\n<div class=\"sc-80531b6b-0 chRIGJ container-text text-embed\" id=\"element-body-11\">\n<p>Despu\u00e9s de despachar al poderoso Timao, ahora Castillo tiene otro desaf\u00edo y es nada menos que contra el River de Gallardo, uno de los equipos m\u00e1s temidos de Am\u00e9rica<\/p>\n<\/div>\n<p><iframe loading=\"lazy\" title=\"EN VIVO | SORTEO DE LA FASE DE GRUPOS | CONMEBOL LIBERTADORES 2024\" width=\"640\" height=\"360\" src=\"https:\/\/www.youtube.com\/embed\/ZMega6Zxui4?feature=oembed\" frameborder=\"0\" allow=\"accelerometer; autoplay; clipboard-write; encrypted-media; gyroscope; picture-in-picture; web-share\" referrerpolicy=\"strict-origin-when-cross-origin\" allowfullscreen><\/iframe><\/p>\n<p><h2>Otros looks de Segundo Castillo<\/h2>\n<\/p>\n<div class=\"sc-98b114a2-0 bkqiHH image-embed  image-embed \" id=\"element-body-14\"><picture class=\"sc-98b114a2-1 jRUlDm\"><source media=\"(min-width: 975px)\" width=\"720\" height=\"480\" \/><img alt=\"Segundo Castillo, con boina y chaleco a lo Peaky Blinders.\" loading=\"lazy\" width=\"720\" height=\"480\" decoding=\"async\" data-nimg=\"1\" style=\"color:transparent\" src=\"https:\/\/13.com.ar\/wp-content\/uploads\/2025\/03\/Segundo-Castillo-el-DT-fashionista-de-Barcelona-de-Guayaquil-que.jpg\"\/><span class=\"epigraphe\">Segundo Castillo, con boina y chaleco a lo Peaky Blinders.<\/span><span class=\"picture-open\"><button class=\"open-image\" aria-label=\"Open Image\"\/><\/span><\/picture><\/div>\n<div class=\"sc-98b114a2-0 bkqiHH image-embed  image-embed \" id=\"element-body-15\"><picture class=\"sc-98b114a2-1 jRUlDm\"><source media=\"(min-width: 975px)\" width=\"720\" height=\"480\" \/><img alt=\"Segundo Castillo, con una curiosa combinaci\u00f3n de bermudas blancas, tiradores y remera ajustada de mangas largas.\" loading=\"lazy\" width=\"720\" height=\"480\" decoding=\"async\" data-nimg=\"1\" style=\"color:transparent\" src=\"https:\/\/13.com.ar\/wp-content\/uploads\/2025\/03\/1741270962_367_Segundo-Castillo-el-DT-fashionista-de-Barcelona-de-Guayaquil-que.jpg\"\/><span class=\"epigraphe\">Segundo Castillo, con una curiosa combinaci\u00f3n de bermudas blancas, tiradores y remera ajustada de mangas largas.<\/span><span class=\"picture-open\"><button class=\"open-image\" aria-label=\"Open Image\"\/><\/span><\/picture><\/div>\n<div class=\"sc-98b114a2-0 bkqiHH image-embed  image-embed \" id=\"element-body-16\"><picture class=\"sc-98b114a2-1 jRUlDm\"><source media=\"(min-width: 975px)\" width=\"720\" height=\"480\" \/><img alt=\"\u00bfPantal\u00f3n floreado, camisa blanca y mo\u00f1o azul? Segundo Castillo se anima a todo.\" loading=\"lazy\" width=\"720\" height=\"480\" decoding=\"async\" data-nimg=\"1\" style=\"color:transparent\" src=\"https:\/\/13.com.ar\/wp-content\/uploads\/2025\/03\/1741270962_877_Segundo-Castillo-el-DT-fashionista-de-Barcelona-de-Guayaquil-que.jpg\"\/><span class=\"epigraphe\">\u00bfPantal\u00f3n floreado, camisa blanca y mo\u00f1o azul? Segundo Castillo se anima a todo.<\/span><span class=\"picture-open\"><button class=\"open-image\" aria-label=\"Open Image\"\/><\/span><\/picture><\/div>\n<div class=\"sc-98b114a2-0 bkqiHH image-embed  image-embed \" id=\"element-body-17\"><picture class=\"sc-98b114a2-1 jRUlDm\"><source media=\"(min-width: 975px)\" width=\"720\" height=\"480\" \/><img alt=\"Segundo Castillo y otro particular atuendo, en sus tiempos como futbolista en tierra \u00e1rabe.\" loading=\"lazy\" width=\"720\" height=\"480\" decoding=\"async\" data-nimg=\"1\" style=\"color:transparent\" src=\"https:\/\/13.com.ar\/wp-content\/uploads\/2025\/03\/1741270962_854_Segundo-Castillo-el-DT-fashionista-de-Barcelona-de-Guayaquil-que.jpg\"\/><span class=\"epigraphe\">Segundo Castillo y otro particular atuendo, en sus tiempos como futbolista en tierra \u00e1rabe.<\/span><span class=\"picture-open\"><button class=\"open-image\" aria-label=\"Open Image\"\/><\/span><\/picture><\/div>\n<p><h2>En la cancha tambi\u00e9n desfila: Barcelona de Guayaquil se meti\u00f3 en la Libertadores y es l\u00edder en su pa\u00eds<\/h2>\n<\/p>\n<div class=\"sc-80531b6b-0 chRIGJ container-text text-embed\" id=\"element-body-19\">\n<p>El <strong>Barcelona <\/strong>ecuatoriano gole\u00f3 este mi\u00e9rcoles por 3-0 a <strong>Corinthians<\/strong>, y puso un pie en la fase de grupos de la <strong>Copa Libertadores<\/strong>, en una eliminatoria que se decidir\u00e1 la pr\u00f3xima semana en Sao Paulo. <\/p>\n<\/div>\n<div class=\"sc-80531b6b-0 chRIGJ container-text text-embed\" id=\"element-body-20\">\n<p>El equipo local, que fabric\u00f3 la goleada con un doblete de Janner Corozo y otro tanto del delantero uruguayo <strong>Octavio Rivero<\/strong>, tuvo una noche id\u00edlica en la que fue ganando confianza con el paso de los minutos y donde le sali\u00f3 todo lo que intent\u00f3, frente a <strong>un rival desdibujado y con juego gris<\/strong>, donde ni siquiera pudo destacar el neerland\u00e9s <strong>Memphis Depay<\/strong>.<\/p>\n<\/div>\n<div class=\"sc-80531b6b-0 chRIGJ container-text text-embed\" id=\"element-body-21\">\n<p>La vuelta fue 0-2, con algo de sufrimiento, y clasificaci\u00f3n para el Barcelona. Pero el momento del equipo de Castillo se extiende a un buen presente en el torneo ecuatoriano.<\/p>\n<\/div>\n<div class=\"sc-80531b6b-0 chRIGJ container-text text-embed\" id=\"element-body-22\">\n<p>El Barcelona recuper\u00f3 este lunes el primer lugar en la primera divisi\u00f3n de la Liga Pro ecuatoriana al ganar por 0-1 al T\u00e9cnico Universitario con un solitario gol del delantero Octavio Rivera, en el partido que cerraba la quinta jornada. El \u00fanico gol del encuentro cay\u00f3 en el minuto 22, tras una gran asistencia, entre l\u00edneas, del centrocampista brasile\u00f1o Leonai Souza.<\/p>\n<\/div>\n<div class=\"sc-80531b6b-0 chRIGJ container-text text-embed\" id=\"element-body-23\">\n<p>El ansiado debut en el torneo ecuatoriana del atacante Felipe Caicedo, que regres\u00f3 este a\u00f1o para reforzar al Barcelona tras a\u00f1o y medio alejado de las canchas, finalmente se dio desde el comienzo del partido ante el T\u00e9cnico Universitario, que se qued\u00f3 junto a El Nacional, como colistas del torneo con dos puntos.<\/p>\n<\/div>\n<div class=\"sc-80531b6b-0 chRIGJ container-text text-embed\" id=\"element-body-24\">\n<p>Tras el cierre de la quinta fecha, el Barcelona es l\u00edder con 12 puntos, seguido de Libertad, con 10; y Universidad Cat\u00f3lica y Macar\u00e1, ambos con 9 unidades, a los que le siguen con 8 puntos Liga Deportiva Universitaria de Quito, Aucas y Vinotinto.<\/p>\n<\/div>\n<div class=\"sc-80531b6b-0 chRIGJ container-text text-embed\" id=\"element-body-25\">\n<p>&#8220;Sab\u00edamos que \u00edbamos a tener un partido dif\u00edcil en la altura, el equipo estuvo bien en cuanto a lo defensivo. Estuvo muy s\u00f3lido, adem\u00e1s, nos acompa\u00f1\u00f3 la fortuna&#8221;, expres\u00f3 Castillo luego de la derrota.<\/p>\n<\/div>\n<div class=\"sc-80531b6b-0 chRIGJ container-text text-embed\" id=\"element-body-26\">\n<p>El DT se explay\u00f3 luego del sorteo de la Libertadores, aunque no puntualiz\u00f3 en River: &#8220;Tenemos que enfrentar todos los torneos de buena manera. Vamos a recuperar energ\u00edas para llegar mejor a los partidos que se nos vienen&#8221;.<\/p>\n<\/div>\n<div class=\"sc-80531b6b-0 chRIGJ container-text text-embed\" id=\"element-body-27\">\n<p> <em>Con informaci\u00f3n de Agencias<\/em><\/p>\n<\/div>\n<\/div>\n<p><script async src=\"\/\/platform.twitter.com\/widgets.js\" charset=\"utf-8\"><\/script><br \/>\n<br \/><br \/>\n<br \/><a href=\"https:\/\/www.clarin.com\/deportes\/segundo-castillo-dt-elegante-america-va-river-fashionista-aplasto-corinthians-ramon-diaz-ahora-enfrentara-gallardo-libertadores_0_RX3wYryYXH.html\">Fuente Clarin.com <\/a><\/p>\n","protected":false},"excerpt":{"rendered":"<p>Las m\u00e1gicas noches de Copa Libertadores son as\u00ed. De repente, un partido en Ecuador se convirti\u00f3 en tendencia en Argentina y en todo el mundo por una particularidad completamente inesperada: el look del entrenador Segundo Castillo, DT de Barcelona de Guayaquil. No hace falta ser adivino: en un par de semanas volver\u00e1 a convertirse en [&hellip;]<\/p>\n","protected":false},"author":1,"featured_media":10551,"comment_status":"open","ping_status":"open","sticky":false,"template":"","format":"standard","meta":{"footnotes":""},"categories":[2],"tags":[1412,1271,5695,4359,5388,11014,3089,1749,28,3,11016],"class_list":["post-12834","post","type-post","status-publish","format-standard","has-post-thumbnail","hentry","category-ultimas-noticias","tag-ahora","tag-aplasto","tag-corinthians","tag-diaz","tag-enfrentara","tag-fashionista","tag-gallardo","tag-libertadores","tag-los","tag-quien","tag-ramon"],"_links":{"self":[{"href":"https:\/\/13.com.ar\/index.php\/wp-json\/wp\/v2\/posts\/12834","targetHints":{"allow":["GET"]}}],"collection":[{"href":"https:\/\/13.com.ar\/index.php\/wp-json\/wp\/v2\/posts"}],"about":[{"href":"https:\/\/13.com.ar\/index.php\/wp-json\/wp\/v2\/types\/post"}],"author":[{"embeddable":true,"href":"https:\/\/13.com.ar\/index.php\/wp-json\/wp\/v2\/users\/1"}],"replies":[{"embeddable":true,"href":"https:\/\/13.com.ar\/index.php\/wp-json\/wp\/v2\/comments?post=12834"}],"version-history":[{"count":0,"href":"https:\/\/13.com.ar\/index.php\/wp-json\/wp\/v2\/posts\/12834\/revisions"}],"wp:featuredmedia":[{"embeddable":true,"href":"https:\/\/13.com.ar\/index.php\/wp-json\/wp\/v2\/media\/10551"}],"wp:attachment":[{"href":"https:\/\/13.com.ar\/index.php\/wp-json\/wp\/v2\/media?parent=12834"}],"wp:term":[{"taxonomy":"category","embeddable":true,"href":"https:\/\/13.com.ar\/index.php\/wp-json\/wp\/v2\/categories?post=12834"},{"taxonomy":"post_tag","embeddable":true,"href":"https:\/\/13.com.ar\/index.php\/wp-json\/wp\/v2\/tags?post=12834"}],"curies":[{"name":"wp","href":"https:\/\/api.w.org\/{rel}","templated":true}]}}