{"id":12832,"date":"2025-03-18T11:17:30","date_gmt":"2025-03-18T14:17:30","guid":{"rendered":"https:\/\/13.com.ar\/index.php\/como-salir-del-pais-y-que-pasa-al-conducir-un-auto-en-el-exterior\/"},"modified":"2025-03-18T11:17:30","modified_gmt":"2025-03-18T14:17:30","slug":"como-salir-del-pais-y-que-pasa-al-conducir-un-auto-en-el-exterior","status":"publish","type":"post","link":"https:\/\/13.com.ar\/index.php\/como-salir-del-pais-y-que-pasa-al-conducir-un-auto-en-el-exterior\/","title":{"rendered":"c\u00f3mo salir del pa\u00eds y qu\u00e9 pasa al conducir un auto en el exterior"},"content":{"rendered":"<p> <br \/>\n<br \/><img decoding=\"async\" src=\"https:\/\/13.com.ar\/wp-content\/uploads\/2025\/03\/como-salir-del-pais-y-que-pasa-al-conducir-un.jpg\" \/><\/p>\n<div id=\"element-body-0\">\n<p>A fines de noviembre pasado, el <strong>Gobierno<\/strong> implement\u00f3 una importante actualizaci\u00f3n para los propietarios de veh\u00edculos. Ahora, es posible otorgar de forma completamente digital y sin costo la<strong> c\u00e9dula azul <\/strong>a un tercero, permiti\u00e9ndole conducir el veh\u00edculo asignado. Pero, \u00bfqu\u00e9 pasa a la hora de salir del pa\u00eds?<\/p>\n<\/div>\n<div id=\"element-body-1\">\n<p>Muchas personas se preguntan sobre la validez de esta <strong>versi\u00f3n digital<\/strong> cuando se viaja al exterior. Conoc\u00e9 los detalles de la normativa.<\/p>\n<\/div>\n<div id=\"element-body-3\">\n<p>Seg\u00fan la<strong> normativa vigente<\/strong>, la c\u00e9dula azul digital permite la circulaci\u00f3n dentro de Argentina, y tambi\u00e9n el<strong> egreso temporal del pa\u00eds<\/strong> con el veh\u00edculo. <\/p>\n<\/div>\n<div id=\"element-body-4\">\n<p>Esto indica que otros pa\u00edses aceptan el documento digital a la hora de verificar los permisos de conducci\u00f3n de<strong> veh\u00edculos argentinos<\/strong> en sus territorios.<\/p>\n<\/div>\n<div id=\"element-body-6\">\n<p>Para autorizar a una persona a manejar tu veh\u00edculo solo deb\u00e9s seguir ciertos pasos. <\/p>\n<\/div>\n<div id=\"element-body-12\">\n<p>Adem\u00e1s, el titular tiene la facultad de revocar digitalmente los permisos cuando lo desee y no existe un l\u00edmite en la cantidad de autorizados.<\/p>\n<\/div>\n<p><br \/>\n<br \/><a href=\"https:\/\/www.clarin.com\/informacion-general\/cedula-azul-digital-salir-pais-pasa-conducir-auto-exterior_0_P8LwqWGidx.html\">Fuente Clarin.com <\/a><\/p>\n","protected":false},"excerpt":{"rendered":"<p>A fines de noviembre pasado, el Gobierno implement\u00f3 una importante actualizaci\u00f3n para los propietarios de veh\u00edculos. Ahora, es posible otorgar de forma completamente digital y sin costo la c\u00e9dula azul a un tercero, permiti\u00e9ndole conducir el veh\u00edculo asignado. Pero, \u00bfqu\u00e9 pasa a la hora de salir del pa\u00eds? Muchas personas se preguntan sobre la validez [&hellip;]<\/p>\n","protected":false},"author":1,"featured_media":12833,"comment_status":"open","ping_status":"open","sticky":false,"template":"","format":"standard","meta":{"footnotes":""},"categories":[2],"tags":[430,66,321,100,1520,134,112,286,1660],"class_list":["post-12832","post","type-post","status-publish","format-standard","has-post-thumbnail","hentry","category-ultimas-noticias","tag-auto","tag-como","tag-conducir","tag-del","tag-exterior","tag-pais","tag-pasa","tag-que","tag-salir"],"_links":{"self":[{"href":"https:\/\/13.com.ar\/index.php\/wp-json\/wp\/v2\/posts\/12832","targetHints":{"allow":["GET"]}}],"collection":[{"href":"https:\/\/13.com.ar\/index.php\/wp-json\/wp\/v2\/posts"}],"about":[{"href":"https:\/\/13.com.ar\/index.php\/wp-json\/wp\/v2\/types\/post"}],"author":[{"embeddable":true,"href":"https:\/\/13.com.ar\/index.php\/wp-json\/wp\/v2\/users\/1"}],"replies":[{"embeddable":true,"href":"https:\/\/13.com.ar\/index.php\/wp-json\/wp\/v2\/comments?post=12832"}],"version-history":[{"count":0,"href":"https:\/\/13.com.ar\/index.php\/wp-json\/wp\/v2\/posts\/12832\/revisions"}],"wp:featuredmedia":[{"embeddable":true,"href":"https:\/\/13.com.ar\/index.php\/wp-json\/wp\/v2\/media\/12833"}],"wp:attachment":[{"href":"https:\/\/13.com.ar\/index.php\/wp-json\/wp\/v2\/media?parent=12832"}],"wp:term":[{"taxonomy":"category","embeddable":true,"href":"https:\/\/13.com.ar\/index.php\/wp-json\/wp\/v2\/categories?post=12832"},{"taxonomy":"post_tag","embeddable":true,"href":"https:\/\/13.com.ar\/index.php\/wp-json\/wp\/v2\/tags?post=12832"}],"curies":[{"name":"wp","href":"https:\/\/api.w.org\/{rel}","templated":true}]}}