{"id":12829,"date":"2025-03-18T11:08:28","date_gmt":"2025-03-18T14:08:28","guid":{"rendered":"https:\/\/13.com.ar\/index.php\/bayer-revoluciono-expoagro-con-propuestas-integrales-en-maiz-proteccion-de-cultivos-digitalizacion-y-pro-carbono\/"},"modified":"2025-03-18T11:08:28","modified_gmt":"2025-03-18T14:08:28","slug":"bayer-revoluciono-expoagro-con-propuestas-integrales-en-maiz-proteccion-de-cultivos-digitalizacion-y-pro-carbono","status":"publish","type":"post","link":"https:\/\/13.com.ar\/index.php\/bayer-revoluciono-expoagro-con-propuestas-integrales-en-maiz-proteccion-de-cultivos-digitalizacion-y-pro-carbono\/","title":{"rendered":"Bayer revolucion\u00f3 Expoagro con propuestas integrales en ma\u00edz, protecci\u00f3n de cultivos, digitalizaci\u00f3n y PRO Carbono"},"content":{"rendered":"<p> <br \/>\n<br \/><img decoding=\"async\" src=\"https:\/\/13.com.ar\/wp-content\/uploads\/2025\/03\/Bayer-revoluciono-Expoagro-con-propuestas-integrales-en-maiz-proteccion-de.jpg\" \/><\/p>\n<div id=\"element-body-1\">\n<p>Como ya resulta un cl\u00e1sico de todos los a\u00f1os, <strong>Expoagro<\/strong> es una vidriera enorme en la regi\u00f3n y el mundo para las diversas industrias que se dedican al campo. Dentro de ese gran grupo, aquellas compa\u00f1\u00edas que apuestan por el desarrollo de tecnolog\u00eda para los productores son de las m\u00e1s buscadas y reconocidas. Tal es el caso de <strong>Bayer<\/strong>, l\u00edder del sector que present\u00f3 sus soluciones innovadoras, propuestas <strong>integrales en ma\u00edz, protecci\u00f3n de cultivos, digitalizaci\u00f3n y<\/strong> <strong>PRO Carbono<\/strong>.<\/p>\n<\/div>\n<div id=\"element-body-2\">\n<p>&#8220;Una propuesta 100% enfocada en el productor\u201d, definieron desde la compa\u00f1\u00eda de origen alem\u00e1n su presencia en la edici\u00f3n 2025 de la mega muestra del agro.<\/p>\n<\/div>\n<div id=\"element-body-4\">\n<p>La marca present\u00f3 los<strong> ma\u00edces de baja estatura <\/strong>(short corn), la m\u00e1s reciente innovaci\u00f3n del agro desarrollada bajo el <strong>Sistema de Ma\u00edz Inteligente PRECEON<\/strong>, que combina innovaci\u00f3n cient\u00edfica, gen\u00e9tica, agron\u00f3mica y digital; <strong>la nueva plataforma Conecta PRO Carbono<\/strong> y los resultados del primer a\u00f1o de la alianza con Viterra. Adem\u00e1s,<strong> present\u00f3 el Field View Drive 2.0<\/strong>, con nuevas compatible con el 80% de la maquinaria agr\u00edcola de Argentina, y un abanico de soluciones para el tratamiento y la protecci\u00f3n de cultivos.<\/p>\n<\/div>\n<div id=\"element-body-5\">\n<p><strong>Geraldine Stegemann<\/strong>, directora de Estrategia Comercial de Bayer Crop Science Cono Sur, explic\u00f3 la visi\u00f3n empresarial representada en el imponente stand montado en Expoagro. \u201cCuando entr\u00e1s, lo primero que se ve es un cartel que dice \u2018<em>Agricultura regenerativa<\/em>\u2019, que es nuestra visi\u00f3n de c\u00f3mo hacemos y ayudamos a nuestros productores para producir m\u00e1s con menos. Quiere decir usando menos recursos mientras reconstruimos el ambiente en el que trabajamos\u201d.<\/p>\n<\/div>\n<div id=\"element-body-7\">\n<p>Y continu\u00f3: \u201cEstamos contando nuestro programa de PRO Carbono que venimos trabajando ya hace algunos a\u00f1os. Estamos muy orgullosos de decir que el a\u00f1o pasado pudimos certificar la trazabilidad de la huella de carbono en el cultivo de soja en 1 mill\u00f3n de hect\u00e1reas libre de deforestaci\u00f3n\u201d.<\/p>\n<\/div>\n<div id=\"element-body-9\">\n<p>Bayer viene trabajando con el programa PRO Carbono desde hace varios a\u00f1os y en la feria present\u00f3 <strong>Conecta PRO Carbono<\/strong>, una plataforma digital que facilita la medici\u00f3n, reporte y verificaci\u00f3n de pr\u00e1cticas sustentables a gran escala. Con funcionalidades como <strong>an\u00e1lisis socioambientales automatizados, calculadoras de huella de carbono y trazabilidad con blockchain<\/strong>, esta soluci\u00f3n conecta a los productores con la industria y asegura la transparencia de los procesos.<\/p>\n<\/div>\n<div id=\"element-body-11\">\n<p>Otro de los lanzamientos fue <strong>Field View 2.0<\/strong>, la \u00faltima versi\u00f3n de la herramienta digital dise\u00f1ada para maximizar la eficiencia de los productores. El<strong> Drive 2.0<\/strong>, dispone de mayor capacidad de procesamiento gracias a su procesador multin\u00facleo de \u00faltima generaci\u00f3n, lo que permite realizar m\u00faltiples tareas en paralelo y acceder a 32 GB de almacenamiento, y as\u00ed manejar grandes cantidades de datos sin inconvenientes.<\/p>\n<\/div>\n<div id=\"element-body-12\">\n<p>\u201cPueden ver que hay muchas novedades desde la ciencia y la innovaci\u00f3n\u201d, enfatiz\u00f3 Stegemann. Y adelant\u00f3 que a partir del 2026 se har\u00e1 la introducci\u00f3n comercial de PRECEON &#8211; Smart Corn System a trav\u00e9s de un selecto y limitado grupo de productores con la biotecnolog\u00eda TRECEPTA que brinda protecci\u00f3n contra insectos y tolerancia a glifosato para el manejo de malezas, consolidando la propuesta de Bayer para seguir reduciendo la brecha de rendimiento y acompa\u00f1ando a los productores a sostener resultados s\u00f3lidos frente a condiciones cada vez m\u00e1s desafiantes.<\/p>\n<\/div>\n<div id=\"element-body-14\">\n<p>\u201cEs un ma\u00edz un 30% m\u00e1s bajo que el ma\u00edz tradicional y eso nos permite muchos beneficios a la hora del manejo del cultivo, a la hora de manejar los niveles de nitr\u00f3geno y los momentos en que podemos entrar al cultivo, manejar los fungicidas y las aplicaciones. Podemos entrar en el cultivo en estadios mucho m\u00e1s tarde, con muchos beneficios\u201d, profundiz\u00f3 la directiva.<\/p>\n<\/div>\n<div id=\"element-body-15\">\n<p>La apuesta de la compa\u00f1\u00eda contin\u00faa potenciando su portafolio con h\u00edbridos Dekalb de alto rendimiento, reconocidos por su estabilidad gen\u00e9tica, resistencia a enfermedades y adaptaci\u00f3n a diversos ambientes, con el lanzamiento de nuevos h\u00edbridos como el DK73-73TRE para la regi\u00f3n templada y el DK81-11TRE y DK76-12VTPro4 en la regi\u00f3n subtropical con muy buena tolerancia a spiroplasma. <\/p>\n<\/div>\n<div id=\"element-body-16\">\n<p>Tambi\u00e9n presentaron soluciones para asegurar que los cultivos est\u00e9n protegidos frente a plagas y enfermedades, con <strong>Acceleron<\/strong>, un tratamiento de semillas ahora no s\u00f3lo disponible en aplicaciones industriales, sino tambi\u00e9n para aplicaciones en campos de cultivos de soja y trigo. Esta soluci\u00f3n est\u00e1 dise\u00f1ada para<strong> proteger cultivos<\/strong> desde sus primeras etapas, garantizando una correcta implantaci\u00f3n, control de enfermedades y mayor rendimiento.<\/p>\n<\/div>\n<div id=\"element-body-18\">\n<p>Stegemann tambi\u00e9n analiz\u00f3 el escenario de los \u00faltimos a\u00f1os y lo que viene en el sector agr\u00edcola: &#8220;Las \u00faltimas tres campa\u00f1as fueron <strong>muy duras desde lo clim\u00e1tico<\/strong>, con diversos eventos y enfermedades que impactaron fuerte y con un contexto global de precios de commodities hacia la baja. Pero con algunas noticias positivas como pueden ser la baja de las retenciones temporarias hasta junio y variables macroecon\u00f3micas que nos ayudan a tener una mejor previsibilidad.\u201d. <\/p>\n<\/div>\n<div id=\"element-body-19\">\n<p>&#8220;Hoy volvemos realmente a concentrarnos en lo que sabemos hacer, que es hacer agronom\u00eda, que es realmente entender qu\u00e9 tengo que hacer para producir m\u00e1s en cada lote, qu\u00e9 tecnolog\u00eda tengo que utilizar y c\u00f3mo hago para ser m\u00e1s eficiente en el uso de los recursos y esa es la propuesta de Bayer&#8221;, concluy\u00f3 Stegemann.<\/p>\n<\/div>\n<div id=\"element-body-21\">\n<p>Bayer es una empresa global con competencias b\u00e1sicas en los campos de las ciencias de la vida de la atenci\u00f3n m\u00e9dica y la nutrici\u00f3n. Sus productos y servicios est\u00e1n dise\u00f1ados para ayudar a las personas y al planeta a prosperar apoyando los esfuerzos para dominar los principales desaf\u00edos presentados por una poblaci\u00f3n mundial en crecimiento y envejecimiento. La marca Bayer es <strong>sin\u00f3nimo de confianza, fiabilidad y calidad<\/strong>.<\/p>\n<\/div>\n<p><br \/>\n<br \/><a href=\"https:\/\/www.clarin.com\/rural\/bayer-revoluciono-expoagro-propuestas-integrales-maiz-proteccion-cultivos-digitalizacion-pro-carbono_0_UY6jQrU0aG.html\">Fuente Clarin.com <\/a><\/p>\n","protected":false},"excerpt":{"rendered":"<p>Como ya resulta un cl\u00e1sico de todos los a\u00f1os, Expoagro es una vidriera enorme en la regi\u00f3n y el mundo para las diversas industrias que se dedican al campo. Dentro de ese gran grupo, aquellas compa\u00f1\u00edas que apuestan por el desarrollo de tecnolog\u00eda para los productores son de las m\u00e1s buscadas y reconocidas. Tal es [&hellip;]<\/p>\n","protected":false},"author":1,"featured_media":12830,"comment_status":"open","ping_status":"open","sticky":false,"template":"","format":"standard","meta":{"footnotes":""},"categories":[2],"tags":[12343,10080,18,6799,12345,4046,12344,1310,1111,60,4392,6153],"class_list":["post-12829","post","type-post","status-publish","format-standard","has-post-thumbnail","hentry","category-ultimas-noticias","tag-bayer","tag-carbono","tag-con","tag-cultivos","tag-digitalizacion","tag-expoagro","tag-integrales","tag-maiz","tag-pro","tag-propuestas","tag-proteccion","tag-revoluciono"],"_links":{"self":[{"href":"https:\/\/13.com.ar\/index.php\/wp-json\/wp\/v2\/posts\/12829","targetHints":{"allow":["GET"]}}],"collection":[{"href":"https:\/\/13.com.ar\/index.php\/wp-json\/wp\/v2\/posts"}],"about":[{"href":"https:\/\/13.com.ar\/index.php\/wp-json\/wp\/v2\/types\/post"}],"author":[{"embeddable":true,"href":"https:\/\/13.com.ar\/index.php\/wp-json\/wp\/v2\/users\/1"}],"replies":[{"embeddable":true,"href":"https:\/\/13.com.ar\/index.php\/wp-json\/wp\/v2\/comments?post=12829"}],"version-history":[{"count":0,"href":"https:\/\/13.com.ar\/index.php\/wp-json\/wp\/v2\/posts\/12829\/revisions"}],"wp:featuredmedia":[{"embeddable":true,"href":"https:\/\/13.com.ar\/index.php\/wp-json\/wp\/v2\/media\/12830"}],"wp:attachment":[{"href":"https:\/\/13.com.ar\/index.php\/wp-json\/wp\/v2\/media?parent=12829"}],"wp:term":[{"taxonomy":"category","embeddable":true,"href":"https:\/\/13.com.ar\/index.php\/wp-json\/wp\/v2\/categories?post=12829"},{"taxonomy":"post_tag","embeddable":true,"href":"https:\/\/13.com.ar\/index.php\/wp-json\/wp\/v2\/tags?post=12829"}],"curies":[{"name":"wp","href":"https:\/\/api.w.org\/{rel}","templated":true}]}}