{"id":12827,"date":"2025-03-18T11:05:31","date_gmt":"2025-03-18T14:05:31","guid":{"rendered":"https:\/\/13.com.ar\/index.php\/hamas-confirma-la-muerte-de-cuatro-altos-mandos-en-gaza-y-acusa-a-ee-uu-de-complicidad-directa-en-el-asesinato-de-mujeres-y-ninos\/"},"modified":"2025-03-18T11:05:31","modified_gmt":"2025-03-18T14:05:31","slug":"hamas-confirma-la-muerte-de-cuatro-altos-mandos-en-gaza-y-acusa-a-ee-uu-de-complicidad-directa-en-el-asesinato-de-mujeres-y-ninos","status":"publish","type":"post","link":"https:\/\/13.com.ar\/index.php\/hamas-confirma-la-muerte-de-cuatro-altos-mandos-en-gaza-y-acusa-a-ee-uu-de-complicidad-directa-en-el-asesinato-de-mujeres-y-ninos\/","title":{"rendered":"Hamas confirma la muerte de cuatro altos mandos en Gaza y acusa a EE.UU. de &#8220;complicidad directa&#8221; en &#8220;el asesinato de mujeres y ni\u00f1os&#8221;"},"content":{"rendered":"<p> <br \/>\n<\/p>\n<div id=\"cuerpo\">\n<div class=\"sc-80531b6b-0 chRIGJ container-text text-embed\" id=\"element-body-0\">\n<p>Los bombardeos israel\u00edes contra la Franja de Gaza en la madrugada de este martes mataron al menos a cuatro altos cargos del gobierno de Hamas, entre ellos Essam al Dalis, jefe del Ejecutivo en Gaza y a quien Israel ya hab\u00eda dado por muerto en noviembre de 2023, confirm\u00f3 la oficina de medios del grupo extremista y el Ministerio del Interior gazat\u00ed.<\/p>\n<\/div>\n<div class=\"sc-80531b6b-0 chRIGJ container-text text-embed\" id=\"element-body-1\">\n<p>Hamas repudi\u00f3 los feroces ataques que sorprendieron al territorio palestino y afirm\u00f3 que el hecho de que Estados Unidos haya reconocido que Israel le hab\u00eda anunciado previamente la reanudaci\u00f3n de los ataques en Gaza &#8220;confirma su <strong>complicidad directa en la guerra de exterminio&#8221;<\/strong> contra el pueblo palestino y &#8220;su responsabilidad por las masacres y el asesinato de mujeres y ni\u00f1os en Gaza&#8221;.<\/p>\n<\/div>\n<div class=\"sc-80531b6b-0 chRIGJ container-text text-embed\" id=\"element-body-2\">\n<p>&#8220;Esta admisi\u00f3n revela una vez m\u00e1s la flagrante colusi\u00f3n y parcialidad de Estados Unidos con la ocupaci\u00f3n (Israel), y expone la falsedad de sus afirmaciones sobre su compromiso de calmar la situaci\u00f3n&#8221;, dice el grupo ultraisl\u00e1mico palestino en un comunicado publicado en sus redes.<\/p>\n<\/div>\n<div class=\"sc-80531b6b-0 chRIGJ container-text text-embed\" id=\"element-body-3\">\n<p>Por ello, afirma que &#8220;Washington, con su ilimitado apoyo pol\u00edtico y militar a la ocupaci\u00f3n, tiene plena responsabilidad por las masacres&#8221;.<\/p>\n<\/div>\n<div class=\"sc-80531b6b-0 chRIGJ container-text text-embed\" id=\"element-body-4\">\n<p>Hamas insta tambi\u00e9n &#8220;a la comunidad internacional a adoptar medidas urgentes para exigir responsabilidades a la ocupaci\u00f3n y a quienes la apoyan por estos cr\u00edmenes contra la humanidad&#8221;.<\/p>\n<\/div>\n<div class=\"sc-98b114a2-0 bkqiHH image-embed  image-embed \" id=\"element-body-5\"><picture class=\"sc-98b114a2-1 jRUlDm\"><source media=\"(min-width: 975px)\" width=\"720\" height=\"480\" \/><img alt=\"Destrucci\u00f3n en el barrio residencial de Shejaiya, en Ciudad de Gaza, este martes. Foto: BLOOMBERG  \" loading=\"lazy\" width=\"720\" height=\"480\" decoding=\"async\" data-nimg=\"1\" style=\"color:transparent\" src=\"https:\/\/13.com.ar\/wp-content\/uploads\/2025\/03\/Hamas-confirma-la-muerte-de-cuatro-altos-mandos-en-Gaza.jpg\"\/><span class=\"epigraphe\">Destrucci\u00f3n en el barrio residencial de Shejaiya, en Ciudad de Gaza, este martes. Foto: BLOOMBERG  <\/span><span class=\"picture-open\"><button class=\"open-image\" aria-label=\"Open Image\"\/><\/span><\/picture><\/div>\n<p><h2>La respuesta de Washington<\/h2>\n<\/p>\n<div class=\"sc-80531b6b-0 chRIGJ container-text text-embed\" id=\"element-body-7\">\n<p>El gobierno de Estados Unidos, en tanto, asegur\u00f3 que Hamas &#8220;ten\u00eda la oportunidad para liberar m\u00e1s rehenes y extender el alto el fuego, pero han elegido rechazo y la guerra&#8221;, despu\u00e9s de que Israel reiniciara los bombardeos sobre la Franja de Gaza tras casi dos meses de cese de las hostilidades. <\/p>\n<\/div>\n<div class=\"sc-80531b6b-0 chRIGJ container-text text-embed\" id=\"element-body-8\">\n<p>&#8220;Presentamos a Hamas varias propuestas para la liberaci\u00f3n de rehenes, pero Hamas las rechaz\u00f3 todas&#8221;, asegur\u00f3 el portavoz del Consejo de Seguridad Nacional de la Casa Blanca, Brian Hughes.<\/p>\n<\/div>\n<div class=\"sc-80531b6b-0 chRIGJ container-text text-embed\" id=\"element-body-9\">\n<p>Al menos 404 palestinos han muerto en lo que va del martes a causa de los bombardeos de Israel sobre Gaza, que comenzaron de madrugada y echaron por tierra el fr\u00e1gil alto el fuego que reg\u00eda desde fines de enero.<\/p>\n<\/div>\n<div class=\"sc-80531b6b-0 chRIGJ container-text text-embed\" id=\"element-body-10\">\n<p><strong>La Casa Blanca afirm\u00f3 este lunes que Israel le consult\u00f3 antes de reanudar los ataques <\/strong>en la Franja de Gaza, lo que supone la ruptura de la tregua con Hamas, que comenz\u00f3 el 19 de enero.<\/p>\n<\/div>\n<div class=\"sc-80531b6b-0 chRIGJ container-text text-embed\" id=\"element-body-11\">\n<p>&#13;<br \/>\n&#8220;La Administraci\u00f3n Trump y la Casa Blanca fueron consultadas por los israel\u00edes sobre sus ataques en Gaza esta noche&#8221;, afirm\u00f3 la portavoz de la Casa Blanca, Karoline Leavitt, en una entrevista con la cadena Fox News.<\/p>\n<\/div>\n<div class=\"sc-80531b6b-0 chRIGJ container-text text-embed\" id=\"element-body-12\">\n<p>Ham\u00e1s y Estados Unidos llegaron a tener conversaciones directas sobre la continuaci\u00f3n del alto el fuego y el grupo islamista ofreci\u00f3 liberar a un reh\u00e9n americano-israel\u00ed cautivo en Gaza vivo y a otros cuatro muertos. <\/p>\n<\/div>\n<div class=\"sc-98b114a2-0 bkqiHH image-embed  image-embed \" id=\"element-body-13\"><picture class=\"sc-98b114a2-1 jRUlDm\"><source media=\"(min-width: 975px)\" width=\"720\" height=\"480\" \/><img alt=\"Miles de palestinos huyen de sus casas en medio de la destrucci\u00f3n tras los bombardeos en Gaza. Foto: REUTERS \" loading=\"lazy\" width=\"720\" height=\"480\" decoding=\"async\" data-nimg=\"1\" style=\"color:transparent\" src=\"https:\/\/13.com.ar\/wp-content\/uploads\/2025\/03\/1742306731_170_Hamas-confirma-la-muerte-de-cuatro-altos-mandos-en-Gaza.jpg\"\/><span class=\"epigraphe\">Miles de palestinos huyen de sus casas en medio de la destrucci\u00f3n tras los bombardeos en Gaza. Foto: REUTERS <\/span><span class=\"picture-open\"><button class=\"open-image\" aria-label=\"Open Image\"\/><\/span><\/picture><\/div>\n<p><h2>Cuatro jefes de Hamas muertos<\/h2>\n<\/p>\n<div class=\"sc-80531b6b-0 chRIGJ container-text text-embed\" id=\"element-body-15\">\n<p>Entre los cientos de muertos en los bombardeos israel\u00edes en Gaza figuran al menos cuatro altos mandos de Hamas, como <strong>Essam al Dalis, jefe del Ejecutivo en Gaza<\/strong>. Tambi\u00e9n murieron Ahmed al Hatta, viceministro de Justicia; Mahmud Abu Wafta, viceministro de Interior, y Bahjat Abu Sultan, director general de Seguridad Interna del Ministerio del Interior.<\/p>\n<\/div>\n<div class=\"sc-80531b6b-0 chRIGJ container-text text-embed\" id=\"element-body-16\">\n<p>Hamas inform\u00f3 de un quinto fallecido, Mohammed Al Jamasi, miembro del Bur\u00f3 Pol\u00edtico del grupo, pero que no ostentaba ning\u00fan cargo en el gobierno de la Franja.<\/p>\n<\/div>\n<div class=\"sc-80531b6b-0 chRIGJ container-text text-embed\" id=\"element-body-17\">\n<p>Fueron &#8220;blanco directo de los ataques a\u00e9reos israel\u00edes junto con sus familias, como parte de los cr\u00edmenes de guerra que se est\u00e1n cometiendo desde las primeras horas de hoy&#8221;, dice la nota de la oficina de medios de Hamas sobre el retorno a la guerra este martes en Gaza siguiendo \u00f3rdenes del primer ministro israel\u00ed, Benjam\u00edn Netanyahu.<\/p>\n<\/div>\n<div class=\"sc-80531b6b-0 chRIGJ container-text text-embed\" id=\"element-body-18\">\n<p>El Ministerio del Interior de Gaza, controlado por Hamas, explic\u00f3 en otra nota que el general Abu Wafta ten\u00eda 58 a\u00f1os y era subsecretario del Ministerio del Interior y Seguridad Nacional, mientras que el general Abu Sultan ten\u00eda 56 a\u00f1os y era director general del Servicio de Seguridad Interna.<\/p>\n<\/div>\n<div class=\"sc-98b114a2-0 bkqiHH image-embed  image-embed \" id=\"element-body-19\"><picture class=\"sc-98b114a2-1 jRUlDm\"><source media=\"(min-width: 975px)\" width=\"720\" height=\"480\" \/><img alt=\"Tanques israel\u00edes, en la frontera con Gaza, este martes. Foto: REUTERS  \" loading=\"lazy\" width=\"720\" height=\"480\" decoding=\"async\" data-nimg=\"1\" style=\"color:transparent\" src=\"https:\/\/13.com.ar\/wp-content\/uploads\/2025\/03\/1742306731_615_Hamas-confirma-la-muerte-de-cuatro-altos-mandos-en-Gaza.jpg\"\/><span class=\"epigraphe\">Tanques israel\u00edes, en la frontera con Gaza, este martes. Foto: REUTERS  <\/span><span class=\"picture-open\"><button class=\"open-image\" aria-label=\"Open Image\"\/><\/span><\/picture><\/div>\n<div class=\"sc-80531b6b-0 chRIGJ container-text text-embed\" id=\"element-body-20\">\n<p>A\u00f1adi\u00f3 que ambos murieron en <strong>&#8220;un ataque a\u00e9reo dirigido contra ellos, junto con varios funcionarios gubernamentales&#8221; <\/strong>y que los dos &#8220;desempe\u00f1aron un papel destacado al hacer frente a los planes de la ocupaci\u00f3n (Israel) de atacar el frente interno en la Franja de Gaza&#8221;.<\/p>\n<\/div>\n<div class=\"sc-80531b6b-0 chRIGJ container-text text-embed\" id=\"element-body-21\">\n<p>&#8220;Dieron un gran ejemplo de servicio honorable y de asumir la responsabilidad en las situaciones y circunstancias m\u00e1s dif\u00edciles para servir a nuestro pueblo palestino&#8221;, afirma la nota.<\/p>\n<\/div>\n<div class=\"sc-80531b6b-0 chRIGJ container-text text-embed\" id=\"element-body-22\">\n<p>Hamas lament\u00f3 en un comunicado su muerte y destac\u00f3 &#8220;que estuvieron en la trinchera de la firmeza, la perseverancia y la solidaridad con el pueblo y las familias de la Franja de Gaza durante m\u00e1s de quince meses&#8221;.<\/p>\n<\/div>\n<div class=\"sc-80531b6b-0 chRIGJ container-text text-embed\" id=\"element-body-23\">\n<p>Adem\u00e1s afirm\u00f3 que con su muerte el pueblo palestino &#8220;se fortalecer\u00e1 y se volver\u00e1 m\u00e1s firme al enfrentar la ocupaci\u00f3n y sus planes agresivos&#8221;.<\/p>\n<\/div>\n<div class=\"sc-80531b6b-0 chRIGJ container-text text-embed\" id=\"element-body-24\">\n<p>La Oficina de Netanyahu se\u00f1al\u00f3 en un comunicado haber ordenado &#8220;medidas en\u00e9rgicas contra la organizaci\u00f3n terrorista Hamas en la Franja de Gaza&#8221; por <strong>la negativa de ese grupo de liberar a los 59 rehenes que a\u00fan siguen en su poder.<\/strong><\/p>\n<\/div>\n<div class=\"sc-80531b6b-0 chRIGJ container-text text-embed\" id=\"element-body-25\">\n<p>Netanyahu detuvo cualquier avance hacia la segunda fase del acuerdo de alto el fuego -que habr\u00eda visto la liberaci\u00f3n del resto de rehenes a\u00fan con vida del enclave palestino a cambio de que Israel diera por terminada la guerra y abandonase la Franja- e insisti\u00f3 en alargar la primera, que no garantizar\u00eda el fin del conflicto.<\/p>\n<\/div>\n<\/div>\n<p><br \/>\n<br \/><a href=\"https:\/\/www.clarin.com\/mundo\/hamas-confirma-muerte-altos-mandos-gaza-acusa-eeuu-complicidad-directa-asesinato-mujeres-ninos_0_Uqc2XBrLEH.html\">Fuente Clarin.com <\/a><\/p>\n","protected":false},"excerpt":{"rendered":"<p>Los bombardeos israel\u00edes contra la Franja de Gaza en la madrugada de este martes mataron al menos a cuatro altos cargos del gobierno de Hamas, entre ellos Essam al Dalis, jefe del Ejecutivo en Gaza y a quien Israel ya hab\u00eda dado por muerto en noviembre de 2023, confirm\u00f3 la oficina de medios del grupo [&hellip;]<\/p>\n","protected":false},"author":1,"featured_media":12828,"comment_status":"open","ping_status":"open","sticky":false,"template":"","format":"standard","meta":{"footnotes":""},"categories":[2],"tags":[3622,10590,1876,12342,4520,1932,8175,2582,1542,1461,12341,1506,4354,120],"class_list":["post-12827","post","type-post","status-publish","format-standard","has-post-thumbnail","hentry","category-ultimas-noticias","tag-acusa","tag-altos","tag-asesinato","tag-complicidad","tag-confirma","tag-cuatro","tag-directa","tag-ee-uu","tag-gaza","tag-hamas","tag-mandos","tag-muerte","tag-mujeres","tag-ninos"],"_links":{"self":[{"href":"https:\/\/13.com.ar\/index.php\/wp-json\/wp\/v2\/posts\/12827","targetHints":{"allow":["GET"]}}],"collection":[{"href":"https:\/\/13.com.ar\/index.php\/wp-json\/wp\/v2\/posts"}],"about":[{"href":"https:\/\/13.com.ar\/index.php\/wp-json\/wp\/v2\/types\/post"}],"author":[{"embeddable":true,"href":"https:\/\/13.com.ar\/index.php\/wp-json\/wp\/v2\/users\/1"}],"replies":[{"embeddable":true,"href":"https:\/\/13.com.ar\/index.php\/wp-json\/wp\/v2\/comments?post=12827"}],"version-history":[{"count":0,"href":"https:\/\/13.com.ar\/index.php\/wp-json\/wp\/v2\/posts\/12827\/revisions"}],"wp:featuredmedia":[{"embeddable":true,"href":"https:\/\/13.com.ar\/index.php\/wp-json\/wp\/v2\/media\/12828"}],"wp:attachment":[{"href":"https:\/\/13.com.ar\/index.php\/wp-json\/wp\/v2\/media?parent=12827"}],"wp:term":[{"taxonomy":"category","embeddable":true,"href":"https:\/\/13.com.ar\/index.php\/wp-json\/wp\/v2\/categories?post=12827"},{"taxonomy":"post_tag","embeddable":true,"href":"https:\/\/13.com.ar\/index.php\/wp-json\/wp\/v2\/tags?post=12827"}],"curies":[{"name":"wp","href":"https:\/\/api.w.org\/{rel}","templated":true}]}}