{"id":12825,"date":"2025-03-18T11:02:34","date_gmt":"2025-03-18T14:02:34","guid":{"rendered":"https:\/\/13.com.ar\/index.php\/no-hay-diferencias-sobre-el-dolar-con-el-presidente-estamos-simbiotizados\/"},"modified":"2025-03-18T11:02:34","modified_gmt":"2025-03-18T14:02:34","slug":"no-hay-diferencias-sobre-el-dolar-con-el-presidente-estamos-simbiotizados","status":"publish","type":"post","link":"https:\/\/13.com.ar\/index.php\/no-hay-diferencias-sobre-el-dolar-con-el-presidente-estamos-simbiotizados\/","title":{"rendered":"No hay diferencias sobre el d\u00f3lar con el Presidente, estamos simbiotizados"},"content":{"rendered":"<p> <br \/>\n<br \/><img decoding=\"async\" src=\"https:\/\/13.com.ar\/wp-content\/uploads\/2025\/03\/No-hay-diferencias-sobre-el-dolar-con-el-Presidente-estamos.jpg\" \/><\/p>\n<div id=\"element-body-0\">\n<p>En medio de renovadas tensiones con el d\u00f3lar y rumores sobre posibles ajustes del plan econ\u00f3mico, el secretario de Finanzas, Pablo Quirno, neg\u00f3 que hubiera diferencias entre el presidente Javier Milei y el equipo econ\u00f3mico respecto al rumbo a seguir con el esquema cambiario en el marco de las negociaciones con el Fondo Monetario para obtener un nuevo cr\u00e9dito que podr\u00eda implicar una salida m\u00e1s r\u00e1pida del cepo y un menor margen de intervenci\u00f3n cambiaria.<\/p>\n<\/div>\n<div id=\"element-body-1\">\n<p>&#8220;Si algo no hay es una diferencia entre el Presidente y el equipo econ\u00f3mico, estamos absolutamente simbiotizados&#8221;, dijo el funcionario del Ministerio de Econom\u00eda al ser consultado por Clar\u00edn a la salida del hotel Four Seasons, despu\u00e9s participar del foro econ\u00f3mico IEFA Latam, donde defendi\u00f3 el plan econ\u00f3mico frente a una tribuna de empresarios del sector energ\u00e9tico y financiero, y asegur\u00f3 que el gobierno va a profundizarlo.<\/p>\n<\/div>\n<div id=\"element-body-2\">\n<p>De esa manera, desminti\u00f3 las versi\u00f3nes que surgieron a partir de una presentaci\u00f3n del economista Ricardo Arriazu, donde se mostr\u00f3 preocupado la semana pasada porque &#8220;al Presidente le gusta la flotaci\u00f3n y al FMI le gusta la flotaci\u00f3n. Mucho me temo que van a querer poner una flotaci\u00f3n con banda parecida a la de 2018 y eso va a crear problemas [\u2026] \u00bfLa plata que vendr\u00e1 del FMI permite abrir el cepo? Todav\u00eda no. <\/p>\n<\/div>\n<div id=\"element-body-3\">\n<p>Arriazu advirti\u00f3 que hab\u00eda &#8220;alguna diferencia entre el Presidente que quiere flotar y el Banco Central y Econom\u00eda que no quieren flotar&#8221;. &#8220;Insisto: devaluaci\u00f3n no habr\u00e1, el peligro es que pongan una banda cambiaria que genere cierta incertidumbre. Es cierto que van a cancelar deuda del BCRA y da liquidez. \u00bfPero para qu\u00e9 sirve si no la pueden usar? Creo que liberar\u00e1n mucho el cepo pero no del todo&#8221;, advirti\u00f3.<\/p>\n<\/div>\n<div id=\"element-body-4\">\n<p>La discusi\u00f3n se da en medio de la presentaci\u00f3n este martes del DNU para autorizar nueva deuda con el Fondo y la discusi\u00f3n con el organismo para avanzar en ese camino. Pero en el mercado crece la expectativa de un adelantamiento de la salida del cepo y un ajuste del tipo de cambio a partir de un nuevo r\u00e9gimen que exigir\u00eda el FMI a cambio de desembolsos que podr\u00edan sumar unos US$ 20.000 millones.<\/p>\n<\/div>\n<div id=\"element-body-5\">\n<p>En ese marco, Quirno asegur\u00f3 que en el futuro habr\u00e1 m\u00e1s d\u00f3lares. &#8220;En un par de a\u00f1os, el sector energ\u00e9tico va a tener exportaciones equivalentes a nuestro sector agr\u00edcola, y unos a\u00f1os m\u00e1s all\u00e1, vamos a tener el ingreso de exportaciones mineras. Cuando preguntan sobre el tipo de cambio, es evidente que van a entrar m\u00e1s d\u00f3lares con orden monetario y fiscal y la moneda se va a apreciar, lo dijo Arriazu estos d\u00edas&#8221;, asegur\u00f3 en el evento.<\/p>\n<\/div>\n<p><br \/>\n<br \/><a href=\"https:\/\/www.clarin.com\/economia\/pablo-quirno-diferencias-dolar-presidente-simbiotizados_0_0Cgwa6Adr6.html\">Fuente Clarin.com <\/a><\/p>\n","protected":false},"excerpt":{"rendered":"<p>En medio de renovadas tensiones con el d\u00f3lar y rumores sobre posibles ajustes del plan econ\u00f3mico, el secretario de Finanzas, Pablo Quirno, neg\u00f3 que hubiera diferencias entre el presidente Javier Milei y el equipo econ\u00f3mico respecto al rumbo a seguir con el esquema cambiario en el marco de las negociaciones con el Fondo Monetario para [&hellip;]<\/p>\n","protected":false},"author":1,"featured_media":12826,"comment_status":"open","ping_status":"open","sticky":false,"template":"","format":"standard","meta":{"footnotes":""},"categories":[2],"tags":[18,2429,3068,4376,942,135,12340,732],"class_list":["post-12825","post","type-post","status-publish","format-standard","has-post-thumbnail","hentry","category-ultimas-noticias","tag-con","tag-diferencias","tag-dolar","tag-estamos","tag-hay","tag-presidente","tag-simbiotizados","tag-sobre"],"_links":{"self":[{"href":"https:\/\/13.com.ar\/index.php\/wp-json\/wp\/v2\/posts\/12825","targetHints":{"allow":["GET"]}}],"collection":[{"href":"https:\/\/13.com.ar\/index.php\/wp-json\/wp\/v2\/posts"}],"about":[{"href":"https:\/\/13.com.ar\/index.php\/wp-json\/wp\/v2\/types\/post"}],"author":[{"embeddable":true,"href":"https:\/\/13.com.ar\/index.php\/wp-json\/wp\/v2\/users\/1"}],"replies":[{"embeddable":true,"href":"https:\/\/13.com.ar\/index.php\/wp-json\/wp\/v2\/comments?post=12825"}],"version-history":[{"count":0,"href":"https:\/\/13.com.ar\/index.php\/wp-json\/wp\/v2\/posts\/12825\/revisions"}],"wp:featuredmedia":[{"embeddable":true,"href":"https:\/\/13.com.ar\/index.php\/wp-json\/wp\/v2\/media\/12826"}],"wp:attachment":[{"href":"https:\/\/13.com.ar\/index.php\/wp-json\/wp\/v2\/media?parent=12825"}],"wp:term":[{"taxonomy":"category","embeddable":true,"href":"https:\/\/13.com.ar\/index.php\/wp-json\/wp\/v2\/categories?post=12825"},{"taxonomy":"post_tag","embeddable":true,"href":"https:\/\/13.com.ar\/index.php\/wp-json\/wp\/v2\/tags?post=12825"}],"curies":[{"name":"wp","href":"https:\/\/api.w.org\/{rel}","templated":true}]}}