{"id":12823,"date":"2025-03-18T10:59:29","date_gmt":"2025-03-18T13:59:29","guid":{"rendered":"https:\/\/13.com.ar\/index.php\/asi-es-el-tractor-de-alta-potencia-que-valtra-presento-en-expoagro-2025\/"},"modified":"2025-03-18T10:59:29","modified_gmt":"2025-03-18T13:59:29","slug":"asi-es-el-tractor-de-alta-potencia-que-valtra-presento-en-expoagro-2025","status":"publish","type":"post","link":"https:\/\/13.com.ar\/index.php\/asi-es-el-tractor-de-alta-potencia-que-valtra-presento-en-expoagro-2025\/","title":{"rendered":"as\u00ed es el tractor de alta potencia que Valtra present\u00f3 en Expoagro 2025"},"content":{"rendered":"<p> <br \/>\n<\/p>\n<div id=\"cuerpo\">\n<div class=\"sc-80531b6b-0 chRIGJ container-text text-embed\" id=\"element-body-1\">\n<p>Con el foco puesto en el crecimiento y reafirm\u00e1ndose como l\u00edder regional, <strong>Valtra<\/strong> pis\u00f3 fuerte en <strong>Expoagro 2025: present\u00f3 la renovaci\u00f3n de un modelo insignia y todo su potencial tecnol\u00f3gico<\/strong> en la exposici\u00f3n agroindustrial a cielo abierto realizada en el predio ferial y aut\u00f3dromo de San Nicol\u00e1s. Adem\u00e1s de ser otra vez el <strong>Tractor Oficial de la mega muestra<\/strong>, llev\u00f3 novedades en pulverizadoras y distintas opciones de financiaci\u00f3n en pesos y d\u00f3lares.<\/p>\n<\/div>\n<div class=\"sc-80531b6b-0 chRIGJ container-text text-embed\" id=\"element-body-2\">\n<p>Los tractores <strong>Valtra <\/strong>son reconocidos por su versatilidad y confiabilidad, construidos para soportar los climas m\u00e1s exigentes y garantizar el mayor rendimiento en las condiciones de trabajo m\u00e1s duras. Entre las atracciones principales, present\u00f3 un<strong> upgrade en su pulverizadora<\/strong>, con mejoras en los brazos y mayor capacidad de trabajo. Tambi\u00e9n fueron atracci\u00f3n sus <strong>tres l\u00edneas renovadas de tractores <\/strong>que responden a las crecientes demandas del mercado.<\/p>\n<\/div>\n<div class=\"sc-98b114a2-0 bkqiHH image-embed  image-embed \" id=\"element-body-3\"><picture class=\"sc-98b114a2-1 jRUlDm\"><source media=\"(min-width: 975px)\" width=\"720\" height=\"480\" \/><img alt=\"Valtra volvi\u00f3 a ser el Tractor Oficial de Expoagro.\" loading=\"lazy\" width=\"720\" height=\"480\" decoding=\"async\" data-nimg=\"1\" style=\"color:transparent\" src=\"https:\/\/13.com.ar\/wp-content\/uploads\/2025\/03\/asi-es-el-tractor-de-alta-potencia-que-Valtra-presento.jpg\"\/><span class=\"epigraphe\">Valtra volvi\u00f3 a ser el Tractor Oficial de Expoagro.<\/span><span class=\"picture-open\"><button class=\"open-image\" aria-label=\"Open Image\"\/><\/span><\/picture><\/div>\n<div class=\"sc-80531b6b-0 chRIGJ container-text text-embed\" id=\"element-body-4\">\n<p>En el evento de mayor relevancia del sector, que atrae no s\u00f3lo a miles de productores de Argentina sino tambi\u00e9n a visitantes de toda Latinoam\u00e9rica, la empresa invit\u00f3 a<strong> descubrir sus innovaciones para el trabajo en el campo, <\/strong>que marcar\u00e1n el rumbo del agro en 2025.<\/p>\n<\/div>\n<p><h2>Otro a\u00f1o como el Tractor Oficial de Expoagro<\/h2>\n<\/p>\n<div class=\"sc-80531b6b-0 chRIGJ container-text text-embed\" id=\"element-body-6\">\n<p>La marca present\u00f3 el modelo insignia de tractor de alta potencia, dise\u00f1ado para satisfacer las exigencias actuales del sector, especialmente en la siembra. Y <strong>por tercer a\u00f1o consecutivo Valtra llev\u00f3 el t\u00edtulo de Tractor Oficial de la muestra<\/strong>. Su stand, el 910, llam\u00f3 la atenci\u00f3n por su amplio espacio, especialmente dise\u00f1ado para mostrar la tecnolog\u00eda avanzada y las soluciones agr\u00edcolas.<\/p>\n<\/div>\n<div class=\"sc-98b114a2-0 bkqiHH image-embed  image-embed \" id=\"element-body-7\"><picture class=\"sc-98b114a2-1 jRUlDm\"><source media=\"(min-width: 975px)\" width=\"720\" height=\"480\" \/><img alt=\"El stand de Valtra en Expoagro 2025, con tractores y maquinaria de \u00faltima generaci\u00f3n.\" loading=\"lazy\" width=\"720\" height=\"480\" decoding=\"async\" data-nimg=\"1\" style=\"color:transparent\" src=\"https:\/\/13.com.ar\/wp-content\/uploads\/2025\/03\/1742306369_982_asi-es-el-tractor-de-alta-potencia-que-Valtra-presento.jpg\"\/><span class=\"epigraphe\">El stand de Valtra en Expoagro 2025, con tractores y maquinaria de \u00faltima generaci\u00f3n.<\/span><span class=\"picture-open\"><button class=\"open-image\" aria-label=\"Open Image\"\/><\/span><\/picture><\/div>\n<div class=\"sc-80531b6b-0 chRIGJ container-text text-embed\" id=\"element-body-8\">\n<p>\u201cEstamos muy contentos de ser nuevamente el Tractor Oficial de Expoagro. Desde hace varios meses que estamos preparando cada detalle para que quienes nos visiten vivan de cerca <strong>lo que representa Valtra:<\/strong> <strong>innovaci\u00f3n, evoluci\u00f3n y cercan\u00eda con el cliente<\/strong>\u201d, destac\u00f3 <strong>Emiliano Ferrari<\/strong>, gerente senior de Ventas para Hispanoam\u00e9rica.<\/p>\n<\/div>\n<div class=\"sc-80531b6b-0 chRIGJ container-text text-embed\" id=\"element-body-9\">\n<p>Es que <strong>Valtra<\/strong> colabora de manera estrecha y estrat\u00e9gica con el equipo organizador de la muestra para dise\u00f1ar y lograr una experiencia \u00fanica e integral, que no solamente destaque sus \u00faltimos avances tecnol\u00f3gicos y productos, sino que tambi\u00e9n transmita su visi\u00f3n y compromiso con el futuro de la agricultura.<\/p>\n<\/div>\n<div class=\"sc-98b114a2-0 bkqiHH image-embed  image-embed \" id=\"element-body-10\"><picture class=\"sc-98b114a2-1 jRUlDm\"><source media=\"(min-width: 975px)\" width=\"720\" height=\"480\" \/><img alt=\"El stand de Valtra en Expoagro 2025, visitado por gran cantidad de productores con los tractores como gran atracci\u00f3n.\" loading=\"lazy\" width=\"720\" height=\"480\" decoding=\"async\" data-nimg=\"1\" style=\"color:transparent\" src=\"https:\/\/13.com.ar\/wp-content\/uploads\/2025\/03\/1742306369_909_asi-es-el-tractor-de-alta-potencia-que-Valtra-presento.jpg\"\/><span class=\"epigraphe\">El stand de Valtra en Expoagro 2025, visitado por gran cantidad de productores con los tractores como gran atracci\u00f3n.<\/span><span class=\"picture-open\"><button class=\"open-image\" aria-label=\"Open Image\"\/><\/span><\/picture><\/div>\n<p><h2>Muchas novedades<\/h2>\n<\/p>\n<div class=\"sc-80531b6b-0 chRIGJ container-text text-embed\" id=\"element-body-12\">\n<p>Ferrari dio detalles de las novedades presentadas. \u201cTenemos <strong>una l\u00ednea de tractores renovada<\/strong> a la ya acostumbrada; el lanzamiento importante que vamos a hacer en<strong> serie Q, un tractor de alta potencia <\/strong>con toda la tecnolog\u00eda y todo nuestro potencial. Tambi\u00e9n estamos lanzando la <strong>serie frutera nueva, la A3 F,<\/strong> <strong>con tractores de 73, 83 y 93 caballos<\/strong>, pensado para la vi\u00f1a, para la fruta, una econom\u00eda mucho m\u00e1s regional\u201d.<\/p>\n<\/div>\n<div class=\"sc-80531b6b-0 chRIGJ container-text text-embed\" id=\"element-body-13\">\n<p>El directivo se refiri\u00f3 adem\u00e1s a la <strong>renovaci\u00f3n de la conocida l\u00ednea BM<\/strong>, <strong>con el BM 115.<\/strong> \u201cTambi\u00e9n viene el de 135 caballos. Es una l\u00ednea con un \u00e9xito terrible en la regi\u00f3n, una de las m\u00e1s vendidas en la historia de<strong> Valtra, <\/strong>con una renovaci\u00f3n un poco del look and feel, y algunas cuestiones tambi\u00e9n t\u00e9cnicas\u201d, puntualiz\u00f3. <\/p>\n<\/div>\n<div class=\"sc-80531b6b-0 chRIGJ container-text text-embed\" id=\"element-body-14\">\n<p>\u201cPor \u00faltimo, traemos el<strong> BH High Tech<\/strong>, nuestra versi\u00f3n de BH acostumbrado, pero con una versi\u00f3n High Tech, en el cual incorporamos tecnolog\u00eda en la transmisi\u00f3n, y una cabina\u201d, agreg\u00f3.<\/p>\n<\/div>\n<div class=\"sc-80531b6b-0 chRIGJ container-text text-embed\" id=\"element-body-15\">\n<p>Las <strong>pulverizadoras<\/strong> contaron tambi\u00e9n con un lugar central en el stand.<\/p>\n<\/div>\n<div class=\"sc-98b114a2-0 bkqiHH image-embed  image-embed \" id=\"element-body-16\"><picture class=\"sc-98b114a2-1 jRUlDm\"><source media=\"(min-width: 975px)\" width=\"720\" height=\"480\" \/><img alt=\"Las pulverizadoras, con un lugar destacado en el stand de Valtra.\" loading=\"lazy\" width=\"720\" height=\"480\" decoding=\"async\" data-nimg=\"1\" style=\"color:transparent\" src=\"https:\/\/13.com.ar\/wp-content\/uploads\/2025\/03\/1742306369_582_asi-es-el-tractor-de-alta-potencia-que-Valtra-presento.jpg\"\/><span class=\"epigraphe\">Las pulverizadoras, con un lugar destacado en el stand de Valtra.<\/span><span class=\"picture-open\"><button class=\"open-image\" aria-label=\"Open Image\"\/><\/span><\/picture><\/div>\n<p><h2>Crecimiento y financiaci\u00f3n para el productor<\/h2>\n<\/p>\n<div class=\"sc-80531b6b-0 chRIGJ container-text text-embed\" id=\"element-body-18\">\n<p>El gerente de <strong>Valtra<\/strong> destac\u00f3 que para este 2025 la compa\u00f1\u00eda espera una consolidaci\u00f3n y \u201cm\u00e1s crecimiento\u201d. \u201cCuando vemos todas las novedades que est\u00e1 trayendo la marca, claramente nuestra ambici\u00f3n es de <strong>a\u00fan m\u00e1s crecimiento<\/strong>. El caso de la serie Q es un segmento donde antes no est\u00e1bamos, con lo cual ah\u00ed deber\u00edamos tener un incremento directo con nuestros clientes\u201d, asegur\u00f3 Ferrari.<\/p>\n<\/div>\n<div class=\"sc-80531b6b-0 chRIGJ container-text text-embed\" id=\"element-body-19\">\n<p>&#8220;Cuando hablamos de pulverizaci\u00f3n, trabajamos muy bien las barras de 32 y 36 metros, y ahora lanzamos la pulverizadora serie R5 con 40 mts. de punta a punta, dise\u00f1ada para optimizar todos los recursos durante el trabajo. Esta nueva versi\u00f3n incluye un importante upgrade, todas las barras son de fibra carbono y el chasis es flexible, lo que le permite adaptarse a todo tipo de terreno. Estamos yendo a un segmento que no est\u00e1bamos, con lo cual la ambici\u00f3n de crecimiento tambi\u00e9n ah\u00ed es muy buena, y deber\u00eda darse tambi\u00e9n de una manera natural\u201d, sentenci\u00f3.<\/p>\n<\/div>\n<div class=\"sc-80531b6b-0 chRIGJ container-text text-embed\" id=\"element-body-20\">\n<p>Respecto de la mirada global sobre el agro en nuestro pa\u00eds, consider\u00f3 que este a\u00f1o deber\u00eda ser similar al 2023 en cuanto al volumen de comercializaci\u00f3n de tractores y equipos. <\/p>\n<\/div>\n<div class=\"sc-80531b6b-0 chRIGJ container-text text-embed\" id=\"element-body-21\">\n<p>\u201cLo veo como <strong>un a\u00f1o de transici\u00f3n<\/strong>. En cosechadoras esperamos un n\u00famero similar de equipos, y en pulverizaci\u00f3n tambi\u00e9n. Creo que algunas condiciones est\u00e1n un poquito m\u00e1s asentadas. En el caso de la financiaci\u00f3n, hay una perspectiva buena para el a\u00f1o\u201d, evalu\u00f3.<\/p>\n<\/div>\n<div class=\"sc-98b114a2-0 bkqiHH image-embed  image-embed \" id=\"element-body-22\"><picture class=\"sc-98b114a2-1 jRUlDm\"><source media=\"(min-width: 975px)\" width=\"720\" height=\"480\" \/><img alt=\"En Expoagro, Valtra acerc\u00f3 opciones de financiaci\u00f3n para comprar su maquinaria.\" loading=\"lazy\" width=\"720\" height=\"480\" decoding=\"async\" data-nimg=\"1\" style=\"color:transparent\" src=\"https:\/\/13.com.ar\/wp-content\/uploads\/2025\/03\/1742306369_913_asi-es-el-tractor-de-alta-potencia-que-Valtra-presento.jpg\"\/><span class=\"epigraphe\">En Expoagro, Valtra acerc\u00f3 opciones de financiaci\u00f3n para comprar su maquinaria.<\/span><span class=\"picture-open\"><button class=\"open-image\" aria-label=\"Open Image\"\/><\/span><\/picture><\/div>\n<div class=\"sc-80531b6b-0 chRIGJ container-text text-embed\" id=\"element-body-23\">\n<p><strong>Valtra <\/strong>puso a disposici\u00f3n de los productores un asesoramiento especializado por parte de la Red de Concesionarios, reforzando el compromiso de la marca con el respaldo t\u00e9cnico, disponibilidad de repuestos y atenci\u00f3n personalizada en todo el pa\u00eds. <\/p>\n<\/div>\n<div class=\"sc-80531b6b-0 chRIGJ container-text text-embed\" id=\"element-body-24\">\n<p>Adem\u00e1s, mostr\u00f3 <strong>distintas opciones de financiaci\u00f3n en pesos y d\u00f3lares<\/strong>, que facilitan el acceso a su tecnolog\u00eda de vanguardia.<\/p>\n<\/div>\n<div class=\"sc-80531b6b-0 chRIGJ container-text text-embed\" id=\"element-body-25\">\n<p>\u201cClaramente una parte importante dentro de la venta termina siendo c\u00f3mo pagar: la financiaci\u00f3n. Ya sea con nuestra financiera, con <em>Capital Finance<\/em>, que nos da el brazo de financiaci\u00f3n a mediano y largo plazo en d\u00f3lares, con algunos convenios muy atractivos para la feria, o <strong>con los bancos privados y p\u00fablicos con los que trabajamos muy bien<\/strong>, que lanzaron propuestas muy atractivas. Ya tuvimos algunas charlas con distintas entidades y me parece que la propuesta en pesos tambi\u00e9n es buena\u201d, afirm\u00f3 Ferrari.<\/p>\n<\/div>\n<\/div>\n<p><br \/>\n<br \/><a href=\"https:\/\/www.clarin.com\/rural\/renovacion-modelo-insignia-tractor-alta-potencia-valtra-presento-expoagro-2025_0_NQd4ewrk9L.html\">Fuente Clarin.com <\/a><\/p>\n","protected":false},"excerpt":{"rendered":"<p>Con el foco puesto en el crecimiento y reafirm\u00e1ndose como l\u00edder regional, Valtra pis\u00f3 fuerte en Expoagro 2025: present\u00f3 la renovaci\u00f3n de un modelo insignia y todo su potencial tecnol\u00f3gico en la exposici\u00f3n agroindustrial a cielo abierto realizada en el predio ferial y aut\u00f3dromo de San Nicol\u00e1s. Adem\u00e1s de ser otra vez el Tractor Oficial [&hellip;]<\/p>\n","protected":false},"author":1,"featured_media":12824,"comment_status":"open","ping_status":"open","sticky":false,"template":"","format":"standard","meta":{"footnotes":""},"categories":[2],"tags":[768,789,4046,1565,2351,11267,12339],"class_list":["post-12823","post","type-post","status-publish","format-standard","has-post-thumbnail","hentry","category-ultimas-noticias","tag-alta","tag-asi","tag-expoagro","tag-potencia","tag-presento","tag-tractor","tag-valtra"],"_links":{"self":[{"href":"https:\/\/13.com.ar\/index.php\/wp-json\/wp\/v2\/posts\/12823","targetHints":{"allow":["GET"]}}],"collection":[{"href":"https:\/\/13.com.ar\/index.php\/wp-json\/wp\/v2\/posts"}],"about":[{"href":"https:\/\/13.com.ar\/index.php\/wp-json\/wp\/v2\/types\/post"}],"author":[{"embeddable":true,"href":"https:\/\/13.com.ar\/index.php\/wp-json\/wp\/v2\/users\/1"}],"replies":[{"embeddable":true,"href":"https:\/\/13.com.ar\/index.php\/wp-json\/wp\/v2\/comments?post=12823"}],"version-history":[{"count":0,"href":"https:\/\/13.com.ar\/index.php\/wp-json\/wp\/v2\/posts\/12823\/revisions"}],"wp:featuredmedia":[{"embeddable":true,"href":"https:\/\/13.com.ar\/index.php\/wp-json\/wp\/v2\/media\/12824"}],"wp:attachment":[{"href":"https:\/\/13.com.ar\/index.php\/wp-json\/wp\/v2\/media?parent=12823"}],"wp:term":[{"taxonomy":"category","embeddable":true,"href":"https:\/\/13.com.ar\/index.php\/wp-json\/wp\/v2\/categories?post=12823"},{"taxonomy":"post_tag","embeddable":true,"href":"https:\/\/13.com.ar\/index.php\/wp-json\/wp\/v2\/tags?post=12823"}],"curies":[{"name":"wp","href":"https:\/\/api.w.org\/{rel}","templated":true}]}}