{"id":1281,"date":"2025-02-01T21:59:58","date_gmt":"2025-02-02T00:59:58","guid":{"rendered":"https:\/\/13.com.ar\/index.php\/el-gobernador-de-rio-negro-confirmo-un-muerto-en-los-incendios-en-el-bolson\/"},"modified":"2025-02-01T21:59:58","modified_gmt":"2025-02-02T00:59:58","slug":"el-gobernador-de-rio-negro-confirmo-un-muerto-en-los-incendios-en-el-bolson","status":"publish","type":"post","link":"https:\/\/13.com.ar\/index.php\/el-gobernador-de-rio-negro-confirmo-un-muerto-en-los-incendios-en-el-bolson\/","title":{"rendered":"El gobernador de R\u00edo Negro confirm\u00f3 un muerto en los incendios en El Bols\u00f3n"},"content":{"rendered":"<p> <br \/>\n<br \/><img decoding=\"async\" src=\"https:\/\/13.com.ar\/wp-content\/uploads\/2025\/02\/El-gobernador-de-Rio-Negro-confirmo-un-muerto-en-los.jpg\" \/><\/p>\n<div id=\"cuerpo\">\n<div class=\"sc-80531b6b-0 chRIGJ container-text text-embed\">\n<p>La situaci\u00f3n por los incendios en El Bols\u00f3n, localidad tur\u00edstica del sudoeste de R\u00edo Negro, se torna cada vez m\u00e1s dram\u00e1tica. En la noche de este s\u00e1bado, el gobernador Alberto Weretilneck confirm\u00f3 la muerte de un vecino en la zona afectada por las llamas. Adem\u00e1s, el fuego sigue avanzando: consumi\u00f3 ya m\u00e1s de 2 mil hect\u00e1reas y oblig\u00f3 a las autoridades a decretar la emergencia \u00edgnea.<\/p>\n<\/div>\n<div class=\"sc-80531b6b-0 chRIGJ container-text text-embed\">\n<p>&#8220;Lamentamos profundamente el <strong>fallecimiento de un vecino en la zona afectada por los incendios en El Bols\u00f3n<\/strong>. Acompa\u00f1amos a su familia y seres queridos en este dif\u00edcil momento&#8221;, tuite\u00f3 Weretilneck pasadas las 20.30 del s\u00e1bado. <strong>No trascendi\u00f3 la identidad de la v\u00edctima, pero s\u00ed que resid\u00eda en la localidad de Mall\u00edn Ahogado<\/strong>, a casi 15 kil\u00f3metros al norte de la ciudad de El Bols\u00f3n.<\/p>\n<\/div>\n<div class=\"sc-80531b6b-0 chRIGJ container-text text-embed\">\n<p>El mandatario provincial se hab\u00eda reunido durante la tarde con su par de Chubut, Ignacio Torres, para coordinar medidas conjuntas para intentar paliar la situaci\u00f3n. Los incendios azotan a todo el oeste rionegrino, desde su frontera en el norte con Neuqu\u00e9n hasta el sur, en la frontera con Chubut. Del otro lado del l\u00edmite provincial, ya en tierras chubutenses, el fuego amenaza a los vecinos de Lago Puelo.<\/p>\n<\/div>\n<div class=\"sc-80531b6b-0 chRIGJ container-text text-embed\">\n<p>Tras esa reuni\u00f3n, de la que tambi\u00e9n particip\u00f3 el intendente de El Bols\u00f3n, Bruno Pogliano, el municipio dict\u00f3 la orden de evacuaci\u00f3n para la zona de Costa del R\u00edo Azul, desde Wharton hasta Yayo Tiller\u00eda, incluyendo Morada del Sol. En total, se estima que el fuego ya consumi\u00f3 m\u00e1s de 2.100 mil hect\u00e1reas.<\/p>\n<\/div>\n<div class=\"sc-80531b6b-0 chRIGJ container-text text-embed\">\n<p>Adem\u00e1s, se decret\u00f3 el estado de emergencia \u00edgnea para todo el verano en El Bols\u00f3n. Tendr\u00e1 vigencia hasta el 30 de abril de 2025.<\/p>\n<\/div>\n<div class=\"sc-80531b6b-0 chRIGJ container-text text-embed\">\n<p>&#8220;Esta medida responde al riesgo extremo de incendios de vegetaci\u00f3n dentro de las \u00c1reas Naturales Protegidas Provinciales, incluyendo Paisaje Protegido &#8211; R\u00edo Limay, R\u00edo Azul &#8211; Lago Escondido y el Parque Provincial Azul&#8221;, explicaron desde la Municipalidad.<\/p>\n<\/div>\n<div class=\"sc-106e49c0-0 dcVumd freeHtml-embed undefined\">\n<blockquote class=\"twitter-tweet\">\n<p lang=\"es\" dir=\"ltr\">Lamentamos profundamente el fallecimiento de un vecino en la zona afectada por los incendios en El Bols\u00f3n. Acompa\u00f1amos a su familia y seres queridos en este dif\u00edcil momento.<\/p>\n<p>\u2014 Alberto Weretilneck (@Weretilneck) <a rel=\"nofollow\" target=\"_blank\" href=\"https:\/\/twitter.com\/Weretilneck\/status\/1885834929537159611?ref_src=twsrc%5Etfw\">February 1, 2025<\/a><\/p><\/blockquote>\n<\/div>\n<div class=\"sc-80531b6b-0 chRIGJ container-text text-embed\">\n<p>Torres puso a disposici\u00f3n brigadistas, bomberos y otros recursos, humanos y materiales, para la provincia de R\u00edo Negro, la m\u00e1s comprometida de las provincias patag\u00f3nicas. No s\u00f3lo debe intentar controlar incendios que cada vez avanzan m\u00e1s y m\u00e1s, sino tambi\u00e9n episodios como el denunciado en la madrugada del s\u00e1bado, cuando tres hombres fueron filmados iniciando focos de incendios en autos y zonas de pastizales.<\/p>\n<\/div>\n<div class=\"sc-80531b6b-0 chRIGJ container-text text-embed\">\n<p>En el \u00faltimo parte emitido por el municipio de El Bols\u00f3n, luego del anuncio de Weretilneck sobre la muerte del vecino, se lee: &#8220;El incendio contin\u00faa activo y todos los recursos est\u00e1n desplegados trabajando intensamente en su combate&#8221;.<\/p>\n<\/div>\n<div class=\"sc-80531b6b-0 chRIGJ container-text text-embed\">\n<p>Durante la jornada, el fuego cobr\u00f3 mayor actividad en la zona de la confluencia, avanzando hacia Wharton. Otro sector con focos importantes fue el Callej\u00f3n 7 Savos y el Campo de Nassler, donde se logr\u00f3 contener el avance de las llamas&#8221;. Es decir, y en comparaci\u00f3n con las horas previas, el fuego contin\u00faa avanzando y comprometiendo a m\u00e1s zonas.<\/p>\n<\/div>\n<p><h2>Pocas lluvias, vientos y una ciudad en alerta: qu\u00e9 significa la emergencia \u00edgnea en El Bols\u00f3n<\/h2>\n<\/p>\n<div class=\"sc-80531b6b-0 chRIGJ container-text text-embed\">\n<p>&#8220;El intendente Bruno Pogliano junto a la secretaria de Jefatura de Gabinete Adriana Del Agua, en consonancia con la declaraci\u00f3n del Estado de Emergencia \u00cdgnea emitida por la Secretar\u00eda de Ambiente y Cambio Clim\u00e1tico de la Provincia de R\u00edo Negro, han resuelto adherir al Decreto Provincial 2025-70-E-GDERNE-RNE y declarar la emergencia \u00edgnea en todo el ejido municipal hasta el 30 de abril de 2025&#8221;, anunciaron en la tarde del s\u00e1bado las autoridades municipales de El Bols\u00f3n.<\/p>\n<\/div>\n<div class=\"sc-80531b6b-0 chRIGJ container-text text-embed\">\n<p>La medida establece la prohibici\u00f3n de cualquier tipo de fuego en espacios p\u00fablicos &#8220;dentro del ejido municipal y en todos aquellos lugares no espec\u00edficamente habilitados para ello&#8221;. Tambi\u00e9n dispone que &#8220;concesionarios de balnearios, zonas tur\u00edsticas, campings, complejos hoteleros, propietarios de campos, casas de verano, clubes y predios de esparcimiento en general extremen las medidas de prevenci\u00f3n y vigilancia contra incendios&#8221;.<\/p>\n<\/div>\n<div class=\"sc-80531b6b-0 chRIGJ container-text text-embed\">\n<p>Uno de los factores clave, explicaron, es el pron\u00f3stico de escasas lluvias para los meses venideros.<\/p>\n<\/div>\n<div class=\"sc-80531b6b-0 chRIGJ container-text text-embed\">\n<p>&#8220;Seg\u00fan el Servicio Meteorol\u00f3gico Nacional (SMN), para los meses de febrero y marzo se prev\u00e9n precipitaciones por debajo de los valores hist\u00f3ricos y temperaturas superiores a la media, lo que aumenta el riesgo de incendios y refuerza la necesidad de tomar medidas preventivas&#8221;, profundizaron.<\/p>\n<\/div>\n<div class=\"sc-80531b6b-0 chRIGJ container-text text-embed\">\n<p>Durante esta semana, adem\u00e1s, las altas temperaturas y los fuertes vientos hab\u00edan complicado la tarea de los bomberos, al tiempo que facilitaron la propagaci\u00f3n de las llamas.<\/p>\n<\/div>\n<div class=\"sc-80531b6b-0 chRIGJ container-text text-embed\">\n<p>&#8220;Desde la Municipalidad de El Bols\u00f3n hacemos un llamado a la comunidad para que respete las restricciones y tome conciencia sobre la gravedad de la situaci\u00f3n&#8221;, completaron las autoridades.<\/p>\n<\/div>\n<\/div>\n<p><script async src=\"\/\/platform.twitter.com\/widgets.js\" charset=\"utf-8\"><\/script><br \/>\n<br \/><br \/>\n<br \/><a href=\"https:\/\/www.clarin.com\/sociedad\/gobernador-rio-negro-confirmo-muerto-incendios-bolson_0_Kyrx8lkboD.html\">Fuente Clarin.com <\/a><\/p>\n","protected":false},"excerpt":{"rendered":"<p>La situaci\u00f3n por los incendios en El Bols\u00f3n, localidad tur\u00edstica del sudoeste de R\u00edo Negro, se torna cada vez m\u00e1s dram\u00e1tica. En la noche de este s\u00e1bado, el gobernador Alberto Weretilneck confirm\u00f3 la muerte de un vecino en la zona afectada por las llamas. Adem\u00e1s, el fuego sigue avanzando: consumi\u00f3 ya m\u00e1s de 2 mil [&hellip;]<\/p>\n","protected":false},"author":1,"featured_media":1282,"comment_status":"open","ping_status":"open","sticky":false,"template":"","format":"standard","meta":{"footnotes":""},"categories":[2],"tags":[2098,218,1321,2422,28,2827,229,2344],"class_list":["post-1281","post","type-post","status-publish","format-standard","has-post-thumbnail","hentry","category-ultimas-noticias","tag-bolson","tag-confirmo","tag-gobernador","tag-incendios","tag-los","tag-muerto","tag-negro","tag-rio"],"_links":{"self":[{"href":"https:\/\/13.com.ar\/index.php\/wp-json\/wp\/v2\/posts\/1281","targetHints":{"allow":["GET"]}}],"collection":[{"href":"https:\/\/13.com.ar\/index.php\/wp-json\/wp\/v2\/posts"}],"about":[{"href":"https:\/\/13.com.ar\/index.php\/wp-json\/wp\/v2\/types\/post"}],"author":[{"embeddable":true,"href":"https:\/\/13.com.ar\/index.php\/wp-json\/wp\/v2\/users\/1"}],"replies":[{"embeddable":true,"href":"https:\/\/13.com.ar\/index.php\/wp-json\/wp\/v2\/comments?post=1281"}],"version-history":[{"count":0,"href":"https:\/\/13.com.ar\/index.php\/wp-json\/wp\/v2\/posts\/1281\/revisions"}],"wp:featuredmedia":[{"embeddable":true,"href":"https:\/\/13.com.ar\/index.php\/wp-json\/wp\/v2\/media\/1282"}],"wp:attachment":[{"href":"https:\/\/13.com.ar\/index.php\/wp-json\/wp\/v2\/media?parent=1281"}],"wp:term":[{"taxonomy":"category","embeddable":true,"href":"https:\/\/13.com.ar\/index.php\/wp-json\/wp\/v2\/categories?post=1281"},{"taxonomy":"post_tag","embeddable":true,"href":"https:\/\/13.com.ar\/index.php\/wp-json\/wp\/v2\/tags?post=1281"}],"curies":[{"name":"wp","href":"https:\/\/api.w.org\/{rel}","templated":true}]}}