{"id":1279,"date":"2025-02-01T21:56:31","date_gmt":"2025-02-02T00:56:31","guid":{"rendered":"https:\/\/13.com.ar\/index.php\/masiva-marcha-lgbt-contra-milei-con-fuerte-presencia-opositora\/"},"modified":"2025-02-01T21:56:31","modified_gmt":"2025-02-02T00:56:31","slug":"masiva-marcha-lgbt-contra-milei-con-fuerte-presencia-opositora","status":"publish","type":"post","link":"https:\/\/13.com.ar\/index.php\/masiva-marcha-lgbt-contra-milei-con-fuerte-presencia-opositora\/","title":{"rendered":"Masiva marcha LGBT contra Milei, con fuerte presencia opositora"},"content":{"rendered":"<p> <br \/>\n<\/p>\n<div id=\"cuerpo\">\n<div class=\"sc-80531b6b-0 chRIGJ container-text text-embed\">\n<p>Sin el colorido de las cl\u00e1sicas marchas del orgullo y con columnas de partidos pol\u00edticos y gremios opositores -que se plegaron a la consigna &#8220;antifascista, antirracista y LGBTI+&#8221; de las organizaciones convocantes-, <strong>decenas de miles de personas salieron este s\u00e1bado a las calles en repudio al discurso de Javier Milei en Davos <\/strong>en el que apunt\u00f3 contra el feminismo y asoci\u00f3 la homosexualidad con la pedofilia.<\/p>\n<\/div>\n<div class=\"sc-80531b6b-0 chRIGJ container-text text-embed\">\n<p>Antes de las 16 -el horario pautado- la Plaza de Congreso ya estaba repleta de gente que march\u00f3 <strong>sin cantos aglutinantes pero con carteles contra Milei<\/strong>. <\/p>\n<\/div>\n<div class=\"sc-80531b6b-0 chRIGJ container-text text-embed\">\n<p>&#8220;<strong>Al closet nunca m\u00e1s&#8221;,<\/strong> fue el lema m\u00e1s repetido. &#8220;La ESI previene abusos en la infancia&#8221;, &#8220;Con HIV vivo, con Milei muero&#8221;, &#8220;Basta de ajuste&#8221; y &#8220;Milei ped\u00ed turno en el Bonaparte (hospital de salud mental intervenido por el Gobierno) que te van a ayudar&#8221;, rezaban otros.<\/p>\n<\/div>\n<div class=\"sc-198be8ec-0 cynXbu image-embed  image-embed \"><picture class=\"sc-198be8ec-1 kOjRiQ\"><source media=\"(min-width: 975px)\" width=\"720\" height=\"480\" \/><img alt=\"Fotograf\u00eda a\u00e9rea que muestra personas manifest\u00e1ndose durante una marcha convocada por colectivos LGTBI+ argentinos, este s\u00e1bado en Buenos Aires. Foto: EFE\/STR\" loading=\"lazy\" width=\"720\" height=\"480\" decoding=\"async\" data-nimg=\"1\" style=\"color:transparent\" src=\"https:\/\/13.com.ar\/wp-content\/uploads\/2025\/02\/Masiva-marcha-LGBT-contra-Milei-con-fuerte-presencia-opositora.jpg\"\/><span class=\"epigraphe\">Fotograf\u00eda a\u00e9rea que muestra personas manifest\u00e1ndose durante una marcha convocada por colectivos LGTBI+ argentinos, este s\u00e1bado en Buenos Aires. Foto: EFE\/STR<\/span><span class=\"bkg\"\/><span class=\"picture-open\"><button class=\"open-image\" aria-label=\"Open Image\"\/><\/span><\/picture><\/div>\n<div class=\"sc-80531b6b-0 chRIGJ container-text text-embed\">\n<p>El destino era la Plaza de Mayo, aunque<strong> no se mont\u00f3 un acto oficial<\/strong>. As\u00ed lo hab\u00edan acordado los colectivos de g\u00e9nero y de diversidad. \u201cEn la reuni\u00f3n organizativa se decidi\u00f3 que no habr\u00eda un documento \u00fanico ni un escenario central. Nuestro modo de estar en las calles es diverso y m\u00faltiple, alojando nuestros matices y diferencias, el grito com\u00fan y compartido que nos congrega es el antifascismo y el antirracismo&#8221;, hicieron trascender en la previa.<\/p>\n<\/div>\n<div class=\"sc-80531b6b-0 chRIGJ container-text text-embed\">\n<p>Golpeado por las cr\u00edticas, d\u00edas atr\u00e1s Milei hab\u00eda salido a aclarar sus dichos: habl\u00f3 de &#8220;cosas que nunca dijimos&#8221; y se\u00f1al\u00f3 ser v\u00edctima de &#8220;falacias para desprestigiar&#8221; y de una &#8220;campa\u00f1a sucia&#8221;.<\/p>\n<\/div>\n<div class=\"sc-80531b6b-0 chRIGJ container-text text-embed\">\n<p>En esa l\u00ednea, el gobierno nacional no quiso involucrarse y, como cont\u00f3 Clar\u00edn, le pidi\u00f3 a la ministra de Seguridad Patricia Bullrich que evite aplicar su protocolo anti cortes y piquetes.<\/p>\n<\/div>\n<div class=\"sc-80531b6b-0 chRIGJ container-text text-embed\">\n<p>Las fuerzas de la Ciudad, a cargo de Waldo Wolff, fueron las encargadas de controlar &#8220;a distancia prudencial y con fuerzas en apresto por si hab\u00eda alg\u00fan desm\u00e1n&#8221;, algo que no ocurri\u00f3.<strong> La polic\u00eda porte\u00f1a calcula que hubo 80 mil personas<\/strong>. Los colectivos que marcharon sentencian que fueron m\u00e1s.<\/p>\n<\/div>\n<div class=\"sc-80531b6b-0 chRIGJ container-text text-embed\">\n<p>Lo cierto es que el n\u00famero de personas autoconvocadas -que desfilaron por Rivadavia, Hip\u00f3lito Yrigoyen, Diagonal Norte y Diagonal Sur- fue notablemente superior al de las columnas organizadas que avanzaron por Avenida de Mayo.<\/p>\n<\/div>\n<div class=\"sc-80531b6b-0 chRIGJ container-text text-embed\">\n<p>A pesar de que la CGT hab\u00eda decidido apoyar, no hubo un gran despliegue de la central de trabajadores, aunque se vieron banderas de sindicatos grandes como la UOCRA y ATE. El Plenario de Trabajadoras (PDT) desfil\u00f3 con un cami\u00f3n desde el que cantaban: &#8220;Ol\u00e9 ol\u00e9, ole ol\u00e1, Milei basura tomatel\u00e1s, porque al closet no volvemos nunca m\u00e1s&#8221;.<\/p>\n<\/div>\n<div class=\"sc-198be8ec-0 cynXbu image-embed  image-embed \"><picture class=\"sc-198be8ec-1 kOjRiQ\"><source media=\"(min-width: 975px)\" width=\"720\" height=\"480\" \/><img alt=\"Marcha organizada por entidades LGBT en la ciudad de Buenos Aires. Foto: Emmanuel Fern\u00e1ndez\" loading=\"lazy\" width=\"720\" height=\"480\" decoding=\"async\" data-nimg=\"1\" style=\"color:transparent\" src=\"https:\/\/13.com.ar\/wp-content\/uploads\/2025\/02\/1738457791_314_Masiva-marcha-LGBT-contra-Milei-con-fuerte-presencia-opositora.jpg\"\/><span class=\"epigraphe\">Marcha organizada por entidades LGBT en la ciudad de Buenos Aires. Foto: Emmanuel Fern\u00e1ndez<\/span><span class=\"bkg\"\/><span class=\"picture-open\"><button class=\"open-image\" aria-label=\"Open Image\"\/><\/span><\/picture><\/div>\n<div class=\"sc-80531b6b-0 chRIGJ container-text text-embed\">\n<p>La Izquierda, Cristina Kirchner, la UCR de Mart\u00edn Lousteau y la Coalici\u00f3n C\u00edvica de Elisa Carri\u00f3 hab\u00edan llamado a marchar. Hubo legisladores y dirigentes de todos esos espacios.<\/p>\n<\/div>\n<div class=\"sc-80531b6b-0 chRIGJ container-text text-embed\">\n<p>El gobernador bonaerense Axel Kicillof se hizo presente con un breve recorrido por la zona de manifestantes peronistas que corearon &#8220;Axel presidente&#8221;.<\/p>\n<\/div>\n<div class=\"sc-80531b6b-0 chRIGJ container-text text-embed\">\n<p>En las redes los libertarios no tardaron en salir a cruzarlo tras la muerte del delivery Lucas Aguilar en Moreno. &#8220;Kicillof en la marcha LGBT mientras ayer mataron a Lucas a plena luz del d\u00eda. Las prioridades del gobernador est\u00e1n claras&#8221;, lo cruz\u00f3 Ramiro Marra, ahora ex LLA.<\/p>\n<\/div>\n<div class=\"sc-80531b6b-0 chRIGJ container-text text-embed\">\n<p>Metros m\u00e1s adelante M\u00e1ximo Kirchner -ahora enemistado con Kicillof- encabezada la columna de La C\u00e1mpora, protegido por un cord\u00f3n humano de militantes. Llevaba una remera que rezaba: &#8220;Para que reine en el pueblo el amor y la igualdad&#8221;.<\/p>\n<\/div>\n<div class=\"sc-80531b6b-0 chRIGJ container-text text-embed\">\n<p>La columna del Frente Patria Grande estuvo encabezada por Juan Grabois, los diputados Itai Hagman, Natalia Zaracho y Federico Fagioli. &#8220;Estamos en un momento protofascista y cuando la sociedad reacciona esas pulsiones retroceden &#8221; asegur\u00f3 Grabois a Clar\u00edn. La falta del protocolo anti cortes de Bullrich, para \u00e9l, es una se\u00f1al de eso. &#8220;<strong>Ya recularon en chancletas con esto.<\/strong> Van a buscar otro enemigo. Pero van probando ojal\u00e1 la sociedad reaccione siempre&#8221;, agreg\u00f3.<\/p>\n<\/div>\n<div class=\"sc-198be8ec-0 cynXbu image-embed  image-embed \"><picture class=\"sc-198be8ec-1 kOjRiQ\"><source media=\"(min-width: 975px)\" width=\"720\" height=\"480\" \/><img alt=\"Fotograf\u00eda a\u00e9rea que muestra personas manifest\u00e1ndose durante una marcha convocada por colectivos LGTBI+ argentinos, este s\u00e1bado en Buenos Aires. Foto: EFE\" loading=\"lazy\" width=\"720\" height=\"480\" decoding=\"async\" data-nimg=\"1\" style=\"color:transparent\" src=\"https:\/\/13.com.ar\/wp-content\/uploads\/2025\/02\/1738457791_675_Masiva-marcha-LGBT-contra-Milei-con-fuerte-presencia-opositora.jpg\"\/><span class=\"epigraphe\">Fotograf\u00eda a\u00e9rea que muestra personas manifest\u00e1ndose durante una marcha convocada por colectivos LGTBI+ argentinos, este s\u00e1bado en Buenos Aires. Foto: EFE<\/span><span class=\"bkg\"\/><span class=\"picture-open\"><button class=\"open-image\" aria-label=\"Open Image\"\/><\/span><\/picture><\/div>\n<div class=\"sc-80531b6b-0 chRIGJ container-text text-embed\">\n<p>Myriam Bregman, Nicol\u00e1s del Ca\u00f1o y Christian Castillo marcharon con la Izquierda. &#8220;Esta marea humana es la respuesta de todas y todos los agraviados por este Gobierno ajustador, mis\u00f3gino, discriminador y negacionista&#8221;, sentenciaron.<\/p>\n<\/div>\n<div class=\"sc-80531b6b-0 chRIGJ container-text text-embed\">\n<p>Conviv\u00edan con ellos grupos de amigos y familias. &#8220;<strong>Yo preferir\u00eda que vengan sin banderas, pero bueno. Nosotros vinimos porque nos sentimos s\u00faper ofendidos por el discurso de Milei<\/strong>&#8220;, se\u00f1ala Cristian de Las Panteras, un grupo de p\u00e1del inclusivo&#8221;.<\/p>\n<\/div>\n<div class=\"sc-80531b6b-0 chRIGJ container-text text-embed\">\n<p>Con un traje de unicornio y su gato en brazos, Santino, de 20 a\u00f1os de Villa Fiorito dijo ante <strong>Clar\u00edn<\/strong>: &#8220;Vengo porque comprendo lo que otros sienten cuando son amenazados. En mi barrio me han tirado cascotes por ser como soy&#8221;.<\/p>\n<\/div>\n<div class=\"sc-80531b6b-0 chRIGJ container-text text-embed\">\n<p>La Iglesia, a su manera, respald\u00f3 la movilizaci\u00f3n. El arzobispado de Buenos Aires emiti\u00f3 un documento quej\u00e1ndose por la valla que fue montada frente a la Catedral.<\/p>\n<\/div>\n<div class=\"sc-80531b6b-0 chRIGJ container-text text-embed\">\n<p>&#8220;El Arzobispado de Buenos Aires quiere expresar que la imagen que hoy brinda la iglesia mayor no fue por decisi\u00f3n eclesi\u00e1stica y a todos vuelve a reiterar su convicci\u00f3n que nada se construye con el odio y la divisi\u00f3n, ni dando expresiones subrepticias del mismo por medio de signos externos&#8221;, se\u00f1al\u00f3 la arquidi\u00f3cesis que conduce el monse\u00f1or Jorge Garc\u00eda Cuerva.<\/p>\n<\/div>\n<div class=\"sc-80531b6b-0 chRIGJ container-text text-embed\">\n<p>Tras el discurso de Milei en Davos, las organizaciones del colectivo LGBT se hab\u00edan reunido el fin de semana pasado en el Parque Lezama de San Telmo y ah\u00ed decidieron convocar a la marcha de este s\u00e1bado.<\/p>\n<\/div>\n<div class=\"sc-80531b6b-0 chRIGJ container-text text-embed\">\n<p>En el foro econ\u00f3mico mundial de Davos, Milei no habl\u00f3 de las finanzas ni inversiones para el pa\u00eds, sino que centr\u00f3 su discurso de media hora para hablar contra el feminismo y las pol\u00edticas de g\u00e9nero.<\/p>\n<\/div>\n<div class=\"sc-80531b6b-0 chRIGJ container-text text-embed\">\n<p>El pasaje que m\u00e1s ruido caus\u00f3 fue aquel que asimil\u00f3 la homosexualidad con la pedofilia. Despu\u00e9s de mencionar el caso de una pareja de gays de Estados Unidos que abusaron a sus hijos adoptivos sentenci\u00f3: &#8220;Cuando digo abusos no es un eufemismo, porque en sus versiones m\u00e1s extremas la ideolog\u00eda de g\u00e9nero constituye lisa y llanamente abuso infantil. Son ped\u00f3filos, por lo tanto quiero saber qui\u00e9n avala esos comportamientos&#8221;.<\/p>\n<\/div>\n<\/div>\n<p><br \/>\n<br \/><a href=\"https:\/\/www.clarin.com\/politica\/masiva-marcha-lgbt-milei-fuerte-presencia-opositora_0_xYX5Et12mD.html\">Fuente Clarin.com <\/a><\/p>\n","protected":false},"excerpt":{"rendered":"<p>Sin el colorido de las cl\u00e1sicas marchas del orgullo y con columnas de partidos pol\u00edticos y gremios opositores -que se plegaron a la consigna &#8220;antifascista, antirracista y LGBTI+&#8221; de las organizaciones convocantes-, decenas de miles de personas salieron este s\u00e1bado a las calles en repudio al discurso de Javier Milei en Davos en el que [&hellip;]<\/p>\n","protected":false},"author":1,"featured_media":1280,"comment_status":"open","ping_status":"open","sticky":false,"template":"","format":"standard","meta":{"footnotes":""},"categories":[2],"tags":[18,835,624,2050,1126,2567,77,2831,2830],"class_list":["post-1279","post","type-post","status-publish","format-standard","has-post-thumbnail","hentry","category-ultimas-noticias","tag-con","tag-contra","tag-fuerte","tag-lgbt","tag-marcha","tag-masiva","tag-milei","tag-opositora","tag-presencia"],"_links":{"self":[{"href":"https:\/\/13.com.ar\/index.php\/wp-json\/wp\/v2\/posts\/1279","targetHints":{"allow":["GET"]}}],"collection":[{"href":"https:\/\/13.com.ar\/index.php\/wp-json\/wp\/v2\/posts"}],"about":[{"href":"https:\/\/13.com.ar\/index.php\/wp-json\/wp\/v2\/types\/post"}],"author":[{"embeddable":true,"href":"https:\/\/13.com.ar\/index.php\/wp-json\/wp\/v2\/users\/1"}],"replies":[{"embeddable":true,"href":"https:\/\/13.com.ar\/index.php\/wp-json\/wp\/v2\/comments?post=1279"}],"version-history":[{"count":0,"href":"https:\/\/13.com.ar\/index.php\/wp-json\/wp\/v2\/posts\/1279\/revisions"}],"wp:featuredmedia":[{"embeddable":true,"href":"https:\/\/13.com.ar\/index.php\/wp-json\/wp\/v2\/media\/1280"}],"wp:attachment":[{"href":"https:\/\/13.com.ar\/index.php\/wp-json\/wp\/v2\/media?parent=1279"}],"wp:term":[{"taxonomy":"category","embeddable":true,"href":"https:\/\/13.com.ar\/index.php\/wp-json\/wp\/v2\/categories?post=1279"},{"taxonomy":"post_tag","embeddable":true,"href":"https:\/\/13.com.ar\/index.php\/wp-json\/wp\/v2\/tags?post=1279"}],"curies":[{"name":"wp","href":"https:\/\/api.w.org\/{rel}","templated":true}]}}