{"id":1237,"date":"2025-02-01T18:16:53","date_gmt":"2025-02-01T21:16:53","guid":{"rendered":"https:\/\/13.com.ar\/index.php\/podra-donald-trump-enviar-a-miles-de-inmigrantes-a-guantanamo-como-anuncio\/"},"modified":"2025-02-01T18:16:53","modified_gmt":"2025-02-01T21:16:53","slug":"podra-donald-trump-enviar-a-miles-de-inmigrantes-a-guantanamo-como-anuncio","status":"publish","type":"post","link":"https:\/\/13.com.ar\/index.php\/podra-donald-trump-enviar-a-miles-de-inmigrantes-a-guantanamo-como-anuncio\/","title":{"rendered":"\u00bfPodr\u00e1 Donald Trump enviar a miles de inmigrantes a Guant\u00e1namo como anunci\u00f3?"},"content":{"rendered":"<p> <br \/>\n<\/p>\n<div id=\"cuerpo\">\n<div class=\"sc-80531b6b-0 chRIGJ container-text text-embed\">\n<p>El presidente estadounidense, <strong>Donald Trump<\/strong>, quiere transformar la base naval de <strong>Guant\u00e1namo<\/strong>, situada en Cuba, en un gigantesco centro de detenci\u00f3n para migrantes ilegales. As\u00ed lo anunci\u00f3 d\u00edas atr\u00e1s, y adelant\u00f3 que hab\u00eda ordenado preparar 30.000 plazas para ellos. <\/p>\n<\/div>\n<div class=\"sc-80531b6b-0 chRIGJ container-text text-embed\">\n<p>Este sitio ha sido destino de migrantes interceptados en el mar y desde 2002 alberga presos sospechosos de terrorismo aprehendidos tras los atentados del 11 de septiembre de 2001.<\/p>\n<\/div>\n<div class=\"sc-80531b6b-0 chRIGJ container-text text-embed\">\n<p>Pero, adem\u00e1s de desatar una lluvia de cr\u00edticas de organizaciones defensoras de los derechos civiles, la propuesta genera una cantidad de dudas desde el punto de vista legal. Muchos expertos se preguntan qu\u00e9 implicaciones puede tener este plan, que se enmarca en la lucha del presidente republicano contra los inmigrantes que entran de manera irregular a Estados Unidos.<\/p>\n<\/div>\n<p><h2>La propuesta<\/h2>\n<\/p>\n<div class=\"sc-80531b6b-0 chRIGJ container-text text-embed\">\n<p>El mandatario estadounidense orden\u00f3 esta semana habilitar las instalaciones de la base de Guant\u00e1namo para albergar a 30.000 migrantes. Algunos &#8220;son tan malos que ni siquiera confiamos en que los pa\u00edses los retengan, porque no queremos que regresen&#8221;, dijo Trump.<\/p>\n<\/div>\n<div class=\"sc-80531b6b-0 chRIGJ container-text text-embed\">\n<p>&#13;<br \/>\n Seg\u00fan un informe de la Fundaci\u00f3n Heritage sobre Seguridad Fronteriza, publicado el lunes, &#8220;las instalaciones militares estadounidenses pueden desempe\u00f1ar un papel central en la gesti\u00f3n del flujo de migrantes retornados&#8221;.<\/p>\n<\/div>\n<div class=\"sc-198be8ec-0 cynXbu image-embed  image-embed \"><picture class=\"sc-198be8ec-1 kOjRiQ\"><source media=\"(min-width: 975px)\" width=\"720\" height=\"480\" \/><img alt=\"Militares de Estados Unidos custodian la base naval de Guant\u00e1namo, en Cuba. Foto: AP  \" loading=\"lazy\" width=\"720\" height=\"480\" decoding=\"async\" data-nimg=\"1\" style=\"color:transparent\" src=\"https:\/\/13.com.ar\/wp-content\/uploads\/2025\/02\/\u00bfPodra-Donald-Trump-enviar-a-miles-de-inmigrantes-a-Guantanamo.jpg\"\/><span class=\"epigraphe\">Militares de Estados Unidos custodian la base naval de Guant\u00e1namo, en Cuba. Foto: AP  <\/span><span class=\"bkg\"\/><span class=\"picture-open\"><button class=\"open-image\" aria-label=\"Open Image\"\/><\/span><\/picture><\/div>\n<div class=\"sc-80531b6b-0 chRIGJ container-text text-embed\">\n<p>El servicio de Inmigraci\u00f3n y Control de Aduanas cuenta con presupuesto para &#8220;41.500 camas, una cifra que tendr\u00e1 que aumentar significativamente&#8221; para cumplir con el plan de Trump y realizar &#8220;la mayor operaci\u00f3n de deportaci\u00f3n masiva de la historia&#8221;.<\/p>\n<\/div>\n<div class=\"sc-80531b6b-0 chRIGJ container-text text-embed\">\n<p>Estados Unidos dispone actualmente de <strong>16 bases militares en su territorio para albergar a migrantes.<\/strong><\/p>\n<\/div>\n<p><h2>La historia de la base de Guant\u00e1namo<\/h2>\n<\/p>\n<div class=\"sc-80531b6b-0 chRIGJ container-text text-embed\">\n<p>Instalada en 1903 en un \u00e1rea de 117 km2 en el extremo este de Cuba, la base de Guant\u00e1namo <strong>hosped\u00f3 en la d\u00e9cada de los 1990 a decenas de miles de cubanos y haitianos interceptados en el mar. <\/strong>Muchos haitianos fueron devueltos tras a\u00f1os de retenci\u00f3n.<\/p>\n<\/div>\n<div class=\"sc-80531b6b-0 chRIGJ container-text text-embed\">\n<p>El gobierno de George W. Bush abri\u00f3 tambi\u00e9n en ese sitio un centro de detenci\u00f3n para confinar prisioneros denominados como &#8220;combatientes enemigos&#8221;, a quienes se les negaron los derechos que presos en suelo estadounidense<strong>. Actualmente quedan 15 de los casi 800 prisiones acusados de terrorismo <\/strong>que pasaron por ah\u00ed tras los atentados del 11 de septiembre de 2001.<\/p>\n<\/div>\n<div class=\"sc-80531b6b-0 chRIGJ container-text text-embed\">\n<p>Los balseros siguieron llegando en menor medida a una prisi\u00f3n separada en la misma base. El diario <em>The New York Times<\/em> inform\u00f3 en septiembre que entre 2020 y 2023 estuvieron en esas instalaciones unos 37 migrantes.<\/p>\n<\/div>\n<div class=\"sc-80531b6b-0 chRIGJ container-text text-embed\">\n<p>Esta <strong>ser\u00eda la primera vez que un centro de detenci\u00f3n fuera de territorio estadounidense reciba &#8220;la deportaci\u00f3n masiva de personas <\/strong>(que est\u00e1n) viviendo en Estados Unidos&#8221;, dice a AFP Hannah Flamm, directora interina de pol\u00edticas de la ONG Proyecto Internacional de Ayuda para Refugiados (IRAP).<\/p>\n<\/div>\n<p><h2>El destino de los balseros<\/h2>\n<\/p>\n<div class=\"sc-80531b6b-0 chRIGJ container-text text-embed\">\n<p>Aunque miles de balseros interceptados en el agua son devueltos cada a\u00f1o a sus pa\u00edses de origen, hay pocos que logran pedir asilo, demostrando en alta mar, mediante una entrevista &#8220;de miedo cre\u00edble&#8221;, que corren riesgo de regresar a su tierra.<\/p>\n<\/div>\n<div class=\"sc-80531b6b-0 chRIGJ container-text text-embed\">\n<p>&#13;<br \/>\n Hannah Flamm narr\u00f3 el caso de una familia que as\u00ed cay\u00f3 en Guant\u00e1namo y fue asesorada legalmente por esta ONG.<\/p>\n<\/div>\n<div class=\"sc-80531b6b-0 chRIGJ container-text text-embed\">\n<p>&#13;<br \/>\n La familia, cuya identidad se reserv\u00f3, estaba integrada por un matrimonio de periodistas perseguido, sus hijos gemelos menores, un hijo mayor de edad y su esposa, que huyeron de Cuba por mar en diciembre de 2021. <\/p>\n<\/div>\n<div class=\"sc-80531b6b-0 chRIGJ container-text text-embed\">\n<p>&#13;<br \/>\n Tras un a\u00f1o de reclusi\u00f3n obtuvieron la libertad a condici\u00f3n de aceptar &#8220;un tipo de reasentamiento en un tercer pa\u00eds&#8221;.<\/p>\n<\/div>\n<div class=\"sc-80531b6b-0 chRIGJ container-text text-embed\">\n<p>&#13;<br \/>\n Flamm dijo que uno de estos migrantes dijo que &#8220;huy\u00f3 de Cuba por persecuci\u00f3n y que lo que estaba sufriendo bajo la custodia del gobierno estadounidense nunca se imagin\u00f3 vivirlo&#8221; porque era parecido a lo que experiment\u00f3 antes de escapar.<\/p>\n<\/div>\n<div class=\"sc-80531b6b-0 chRIGJ container-text text-embed\">\n<p>De acuerdo con un informe de IRAP publicado en septiembre de 2024, en Guant\u00e1namo los migrantes<strong> carecen de m\u00ednimas condiciones de higiene y salubridad, viven entre &#8220;el moho, aguas residuales y falta de agua potable&#8221;,<\/strong> adem\u00e1s de que rondan las ratas.<\/p>\n<\/div>\n<div class=\"sc-198be8ec-0 cynXbu image-embed  image-embed \"><picture class=\"sc-198be8ec-1 kOjRiQ\"><source media=\"(min-width: 975px)\" width=\"720\" height=\"480\" \/><img alt=\"El alambrado y la torre de control de la base de Guant\u00e1namo, usada como centro de detenci\u00f3n. Foto: AP \" loading=\"lazy\" width=\"720\" height=\"480\" decoding=\"async\" data-nimg=\"1\" style=\"color:transparent\" src=\"https:\/\/13.com.ar\/wp-content\/uploads\/2025\/02\/1738444613_241_\u00bfPodra-Donald-Trump-enviar-a-miles-de-inmigrantes-a-Guantanamo.jpg\"\/><span class=\"epigraphe\">El alambrado y la torre de control de la base de Guant\u00e1namo, usada como centro de detenci\u00f3n. Foto: AP <\/span><span class=\"bkg\"\/><span class=\"picture-open\"><button class=\"open-image\" aria-label=\"Open Image\"\/><\/span><\/picture><\/div>\n<div class=\"sc-80531b6b-0 chRIGJ container-text text-embed\">\n<p>&#13;<br \/>\n Los migrantes tambi\u00e9n est\u00e1n impedidos de privacidad para hablar con sus asesores legales.<\/p>\n<\/div>\n<p><h2>Recursos legales<\/h2>\n<\/p>\n<div class=\"sc-80531b6b-0 chRIGJ container-text text-embed\">\n<p>Luis Cort\u00e9s Romero, especialista en litigios sobre derechos humanos de migrantes y refugiados dice que &#8220;se presentar\u00e1n recursos de h\u00e1beas corpus para impugnar la legalidad de la detenci\u00f3n por <strong>falta de acceso al debido proceso y detenci\u00f3n prolongada sin audiencia&#8221;<\/strong>.<\/p>\n<\/div>\n<div class=\"sc-80531b6b-0 chRIGJ container-text text-embed\">\n<p>&#13;<br \/>\n En caso de que esta pol\u00edtica se dirija a los inmigrantes latinoamericanos, &#8220;los recursos legales podr\u00edan argumentar que constituye discriminaci\u00f3n, violando&#8221; la Constituci\u00f3n estadounidense.<\/p>\n<\/div>\n<div class=\"sc-80531b6b-0 chRIGJ container-text text-embed\">\n<p>&#13;<br \/>\n Para Bill Frelick, director de la Divisi\u00f3n de Derechos de los Refugiados y Migrantes de Human Rights Watch, Guant\u00e1namo es &#8220;una instalaci\u00f3n militar estadounidense aislada y altamente controlada en el extranjero&#8221; que las autoridades estadounidenses han &#8220;utilizado para eludir las protecciones legales y el escrutinio p\u00fablico&#8221;.<\/p>\n<\/div>\n<div class=\"sc-80531b6b-0 chRIGJ container-text text-embed\">\n<p>&#13;<br \/>\n &#8220;Cuando la detenci\u00f3n se vuelve prolongada e indefinida, y no est\u00e1 sujeta a una supervisi\u00f3n adecuada, viola los derechos humanos y puede equivaler a tortura&#8221;, afirm\u00f3 Frelick para HRW.<\/p>\n<\/div>\n<\/div>\n<p><br \/>\n<br \/><a href=\"https:\/\/www.clarin.com\/mundo\/podra-donald-trump-enviar-miles-inmigrantes-guantanamo-anuncio_0_Msv6lKYrrt.html\">Fuente Clarin.com <\/a><\/p>\n","protected":false},"excerpt":{"rendered":"<p>El presidente estadounidense, Donald Trump, quiere transformar la base naval de Guant\u00e1namo, situada en Cuba, en un gigantesco centro de detenci\u00f3n para migrantes ilegales. As\u00ed lo anunci\u00f3 d\u00edas atr\u00e1s, y adelant\u00f3 que hab\u00eda ordenado preparar 30.000 plazas para ellos. Este sitio ha sido destino de migrantes interceptados en el mar y desde 2002 alberga presos [&hellip;]<\/p>\n","protected":false},"author":1,"featured_media":1238,"comment_status":"open","ping_status":"open","sticky":false,"template":"","format":"standard","meta":{"footnotes":""},"categories":[2],"tags":[324,66,178,1274,1277,1275,2767,2766,179],"class_list":["post-1237","post","type-post","status-publish","format-standard","has-post-thumbnail","hentry","category-ultimas-noticias","tag-anuncio","tag-como","tag-donald","tag-enviar","tag-guantanamo","tag-inmigrantes","tag-miles","tag-podra","tag-trump"],"_links":{"self":[{"href":"https:\/\/13.com.ar\/index.php\/wp-json\/wp\/v2\/posts\/1237","targetHints":{"allow":["GET"]}}],"collection":[{"href":"https:\/\/13.com.ar\/index.php\/wp-json\/wp\/v2\/posts"}],"about":[{"href":"https:\/\/13.com.ar\/index.php\/wp-json\/wp\/v2\/types\/post"}],"author":[{"embeddable":true,"href":"https:\/\/13.com.ar\/index.php\/wp-json\/wp\/v2\/users\/1"}],"replies":[{"embeddable":true,"href":"https:\/\/13.com.ar\/index.php\/wp-json\/wp\/v2\/comments?post=1237"}],"version-history":[{"count":0,"href":"https:\/\/13.com.ar\/index.php\/wp-json\/wp\/v2\/posts\/1237\/revisions"}],"wp:featuredmedia":[{"embeddable":true,"href":"https:\/\/13.com.ar\/index.php\/wp-json\/wp\/v2\/media\/1238"}],"wp:attachment":[{"href":"https:\/\/13.com.ar\/index.php\/wp-json\/wp\/v2\/media?parent=1237"}],"wp:term":[{"taxonomy":"category","embeddable":true,"href":"https:\/\/13.com.ar\/index.php\/wp-json\/wp\/v2\/categories?post=1237"},{"taxonomy":"post_tag","embeddable":true,"href":"https:\/\/13.com.ar\/index.php\/wp-json\/wp\/v2\/tags?post=1237"}],"curies":[{"name":"wp","href":"https:\/\/api.w.org\/{rel}","templated":true}]}}