{"id":1227,"date":"2025-02-01T17:13:33","date_gmt":"2025-02-01T20:13:33","guid":{"rendered":"https:\/\/13.com.ar\/index.php\/gustavo-valdes-asumio-como-presidente-del-radicalismo-de-corrientes-y-remarco-que-la-institucionalidad-es-fundamental-para-la-ucr\/"},"modified":"2025-02-01T17:13:33","modified_gmt":"2025-02-01T20:13:33","slug":"gustavo-valdes-asumio-como-presidente-del-radicalismo-de-corrientes-y-remarco-que-la-institucionalidad-es-fundamental-para-la-ucr","status":"publish","type":"post","link":"https:\/\/13.com.ar\/index.php\/gustavo-valdes-asumio-como-presidente-del-radicalismo-de-corrientes-y-remarco-que-la-institucionalidad-es-fundamental-para-la-ucr\/","title":{"rendered":"Gustavo Vald\u00e9s asumi\u00f3 como presidente del radicalismo de Corrientes y remarc\u00f3 que &#8220;la institucionalidad es fundamental para la UCR&#8221;"},"content":{"rendered":"<p> <br \/>\n<\/p>\n<div id=\"cuerpo\">\n<div class=\"sc-80531b6b-0 chRIGJ container-text text-embed\">\n<p>El gobernador<strong> Gustavo Vald\u00e9s asumi\u00f3 como presidente de la UCR de Corrientes, <\/strong>en un acto donde dej\u00f3 un mensaje partidario: <strong>&#8220;La institucionalidad es fundamental para la Uni\u00f3n C\u00edvica Radical&#8221;.<\/strong><\/p>\n<\/div>\n<div class=\"sc-80531b6b-0 chRIGJ container-text text-embed\">\n<p>\u201c<strong>A los radicales no nos gustan las peleas, tenemos que estar juntos<\/strong> y agradecer que tenemos uno de los pocos partidos democr\u00e1ticos que existen en Argentina\u201d, remarc\u00f3.<\/p>\n<\/div>\n<div class=\"sc-80531b6b-0 chRIGJ container-text text-embed\">\n<p>Vald\u00e9s record\u00f3 tambi\u00e9n el rol de su partido en la restituci\u00f3n de la democracia y agradeci\u00f3 a <strong>\u201ctodas las vertientes de la UCR nacional, <\/strong>porque nos han devuelto la institucionalidad que tanto buscamos\u201d. Adem\u00e1s, destac\u00f3 que el radicalismo gobierna actualmente cinco provincias, muestra de su poder territorial.<\/p>\n<\/div>\n<div class=\"sc-80531b6b-0 chRIGJ container-text text-embed\">\n<p>Las nuevas autoridades radicales de Corrientes, que <strong>se impusieron en las elecciones internas realizadas el 22 de diciembre,<\/strong> asumieron el viernes en un acto realizado en la capital provincial. El sal\u00f3n estuvo colmado de <strong>militantes de la UCR y de una veintena de partidos que conforman &#8220;Vamos Corrientes&#8221;,<\/strong> el frente liderado por Vald\u00e9s con la intenci\u00f3n de continuar la l\u00ednea de gesti\u00f3n iniciada en 2017.<\/p>\n<\/div>\n<div class=\"sc-80531b6b-0 chRIGJ container-text text-embed\">\n<p>El flamante presidente del Comit\u00e9 provincial agradeci\u00f3 especialmente a los integrantes de su espacio pol\u00edtico y remarc\u00f3 que <strong>\u201csolamente juntos llegamos lejos\u201d<\/strong>. Adem\u00e1s, se refiri\u00f3 al rol de los hombres y mujeres que forman parte de la UCR: indic\u00f3 que es un partido pol\u00edtico que \u201cpersigue la igualdad\u201d para \u201ctener equidad\u201d de derechos.<\/p>\n<\/div>\n<div class=\"sc-80531b6b-0 chRIGJ container-text text-embed\">\n<p>En este sentido, Vald\u00e9s dej\u00f3 en claro que<strong> &#8220;Corrientes tiene sus propios intereses y a veces coinciden con la Naci\u00f3n y a veces son contrapuestos\u201d<\/strong>, y explic\u00f3: &#8220;Con el Gobierno nacional mantenemos relaciones puntuales e institucionales, <strong>que tenemos que seguir cuidando, <\/strong>porque nosotros administramos una provincia y me parece saludable que mantengamos una relaci\u00f3n madura que no se pod\u00eda con el anterior gobierno&#8221;.<\/p>\n<\/div>\n<div class=\"sc-198be8ec-0 cynXbu image-embed  image-embed \"><picture class=\"sc-198be8ec-1 kOjRiQ\"><source media=\"(min-width: 975px)\" width=\"720\" height=\"480\" \/><img alt=\"Gustavo Vald\u00e9s, entre los militantes que acompa\u00f1aron su asunci\u00f3n como presidente de la UCR de Corrientes.\" loading=\"lazy\" width=\"720\" height=\"480\" decoding=\"async\" data-nimg=\"1\" style=\"color:transparent\" src=\"https:\/\/13.com.ar\/wp-content\/uploads\/2025\/02\/Gustavo-Valdes-asumio-como-presidente-del-radicalismo-de-Corrientes-y.jpg\"\/><span class=\"epigraphe\">Gustavo Vald\u00e9s, entre los militantes que acompa\u00f1aron su asunci\u00f3n como presidente de la UCR de Corrientes.<\/span><span class=\"bkg\"\/><span class=\"picture-open\"><button class=\"open-image\" aria-label=\"Open Image\"\/><\/span><\/picture><\/div>\n<p><h2>La elecci\u00f3n interna<\/h2>\n<\/p>\n<div class=\"sc-80531b6b-0 chRIGJ container-text text-embed\">\n<p>En la interna partidaria votaron unos <strong>35 mil electores.<\/strong> Fue una elecci\u00f3n en la que se ratific\u00f3 la conducci\u00f3n del gobernador, que ahora pugna por orientar una sucesi\u00f3n que <strong>contin\u00fae su proyecto <\/strong>de desarrollo establecido en el Pacto Corrientes 2030, un programa donde los distintos sectores de la sociedad, a trav\u00e9s de entidades intermedias, aportaron para la elaboraci\u00f3n de pol\u00edticas de Estado basadas en desarrollo, modernizaci\u00f3n e inclusi\u00f3n.<\/p>\n<\/div>\n<div class=\"sc-80531b6b-0 chRIGJ container-text text-embed\">\n<p>Este plan estrat\u00e9gico-participativo tiene sustento <strong>en la Constituci\u00f3n Provincial, <\/strong>a trav\u00e9s de un organismo de integraci\u00f3n mixta, denominado Consejo de Crecimiento Econ\u00f3mico y Desarrollo Social.<\/p>\n<\/div>\n<div class=\"sc-80531b6b-0 chRIGJ container-text text-embed\">\n<p>Durante el acto, Vald\u00e9s record\u00f3 los hitos del partido y su rol en la historia nacional, por lo que convoc\u00f3 <strong>a sectores como la juventud,<\/strong> que fue protagonista en el desarrollo de la UCR y en las luchas universitarias: \u201cLa transformaci\u00f3n est\u00e1 en las universidades, en el conocimiento superior. Tenemos que seguir haciendo esa transformaci\u00f3n con la educaci\u00f3n p\u00fablica y gratuita\u201d.<\/p>\n<\/div>\n<div class=\"sc-80531b6b-0 chRIGJ container-text text-embed\">\n<p>Vald\u00e9s estuvo acompa\u00f1ado en el escenario por el vicegobernador <strong>Pedro Braillard Poccard;<\/strong> el gobernador de Chaco, <strong>Leandro Zdero;<\/strong> el ex senador nacional por Formosa,<strong> Luis Naidenoff<\/strong>, y el vicepresidente primero del Senado de Corrientes, <strong>Henry Fick,<\/strong> entre otras autoridades.<\/p>\n<\/div>\n<\/div>\n<p><br \/>\n<br \/><a href=\"https:\/\/www.clarin.com\/politica\/gustavo-valdes-asumio-presidente-radicalismo-corrientes-remarco-institucionalidad-fundamental-ucr_0_1ogVR3uw2G.html\">Fuente Clarin.com <\/a><\/p>\n","protected":false},"excerpt":{"rendered":"<p>El gobernador Gustavo Vald\u00e9s asumi\u00f3 como presidente de la UCR de Corrientes, en un acto donde dej\u00f3 un mensaje partidario: &#8220;La institucionalidad es fundamental para la Uni\u00f3n C\u00edvica Radical&#8221;. \u201cA los radicales no nos gustan las peleas, tenemos que estar juntos y agradecer que tenemos uno de los pocos partidos democr\u00e1ticos que existen en Argentina\u201d, [&hellip;]<\/p>\n","protected":false},"author":1,"featured_media":1228,"comment_status":"open","ping_status":"open","sticky":false,"template":"","format":"standard","meta":{"footnotes":""},"categories":[2],"tags":[2747,66,1322,100,2751,2745,2750,16,135,2748,2749,2752,2746],"class_list":["post-1227","post","type-post","status-publish","format-standard","has-post-thumbnail","hentry","category-ultimas-noticias","tag-asumio","tag-como","tag-corrientes","tag-del","tag-fundamental","tag-gustavo","tag-institucionalidad","tag-para","tag-presidente","tag-radicalismo","tag-remarco","tag-ucr","tag-valdes"],"_links":{"self":[{"href":"https:\/\/13.com.ar\/index.php\/wp-json\/wp\/v2\/posts\/1227","targetHints":{"allow":["GET"]}}],"collection":[{"href":"https:\/\/13.com.ar\/index.php\/wp-json\/wp\/v2\/posts"}],"about":[{"href":"https:\/\/13.com.ar\/index.php\/wp-json\/wp\/v2\/types\/post"}],"author":[{"embeddable":true,"href":"https:\/\/13.com.ar\/index.php\/wp-json\/wp\/v2\/users\/1"}],"replies":[{"embeddable":true,"href":"https:\/\/13.com.ar\/index.php\/wp-json\/wp\/v2\/comments?post=1227"}],"version-history":[{"count":0,"href":"https:\/\/13.com.ar\/index.php\/wp-json\/wp\/v2\/posts\/1227\/revisions"}],"wp:featuredmedia":[{"embeddable":true,"href":"https:\/\/13.com.ar\/index.php\/wp-json\/wp\/v2\/media\/1228"}],"wp:attachment":[{"href":"https:\/\/13.com.ar\/index.php\/wp-json\/wp\/v2\/media?parent=1227"}],"wp:term":[{"taxonomy":"category","embeddable":true,"href":"https:\/\/13.com.ar\/index.php\/wp-json\/wp\/v2\/categories?post=1227"},{"taxonomy":"post_tag","embeddable":true,"href":"https:\/\/13.com.ar\/index.php\/wp-json\/wp\/v2\/tags?post=1227"}],"curies":[{"name":"wp","href":"https:\/\/api.w.org\/{rel}","templated":true}]}}