{"id":1225,"date":"2025-02-01T17:10:27","date_gmt":"2025-02-01T20:10:27","guid":{"rendered":"https:\/\/13.com.ar\/index.php\/cuanto-costara-el-tramite-desde-febrero-2025\/"},"modified":"2025-02-01T17:10:27","modified_gmt":"2025-02-01T20:10:27","slug":"cuanto-costara-el-tramite-desde-febrero-2025","status":"publish","type":"post","link":"https:\/\/13.com.ar\/index.php\/cuanto-costara-el-tramite-desde-febrero-2025\/","title":{"rendered":"cu\u00e1nto costar\u00e1 el tr\u00e1mite desde febrero 2025"},"content":{"rendered":"<p> <br \/>\n<br \/><img decoding=\"async\" src=\"https:\/\/13.com.ar\/wp-content\/uploads\/2025\/02\/cuanto-costara-el-tramite-desde-febrero-2025.jpg\" \/><\/p>\n<div>\n<p>A partir del <strong>1 de febrero<\/strong>, los conductores de la provincia de Buenos Aires deber\u00e1n afrontar un nuevo aumento en la tarifa de la<strong> Verificaci\u00f3n T\u00e9cnica Vehicular (VTV)<\/strong>. Este ajuste, que impacta directamente en el bolsillo de los automovilistas, <strong>eleva el costo del tr\u00e1mite en un 17,9%<\/strong> con respecto a los valores vigentes en diciembre.<\/p>\n<\/div>\n<div>\n<p>Este incremento forma parte del esquema de ajuste tarifario ya aprobado en septiembre del a\u00f1o pasado, lo que representa un aumento acumulado del 100% en menos de seis meses.<\/p>\n<\/div>\n<div>\n<p>Desde este s\u00e1bado, las tarifas actualizadas con IVA incluido para la renovaci\u00f3n de la VTV en la provincia de Buenos Aires son las siguientes:<\/p>\n<\/div>\n<div>\n<p>A pesar del aumento, algunos sectores seguir\u00e1n exentos de pagar el tr\u00e1mite. Seg\u00fan inform\u00f3 la provincia,<strong> est\u00e1n exceptuados de abonarlo los veh\u00edculos de uso municipal, los de bomberos y los autos cuyos propietarios tengan discapacidades motrices.<\/strong><\/p>\n<\/div>\n<div>\n<p>El gobierno bonaerense tambi\u00e9n confirm\u00f3 que un grupo de beneficiarios podr\u00e1 acceder a un <strong>descuento del 50%<\/strong> en la tarifa vigente. Esta reducci\u00f3n est\u00e1 <strong>destinada a jubilados<\/strong> <strong>y pensionados<\/strong> que no superen los dos haberes m\u00ednimos, cifra que en febrero alcanzar\u00e1 los 546.173 pesos.<\/p>\n<\/div>\n<div>\n<p>Para obtener el descuento, los solicitantes deber\u00e1n presentar la siguiente documentaci\u00f3n:<\/p>\n<\/div>\n<div>\n<p>El tr\u00e1mite es <strong>obligatorio para autos particulares y motos que est\u00e9n radicados en la provincia de Buenos Aires y que tengan m\u00e1s de dos a\u00f1os de antig\u00fcedad o m\u00e1s de 60.000 kil\u00f3metros recorridos<\/strong>. Adem\u00e1s, rige para veh\u00edculos de uso comercial que circulen dentro del territorio bonaerense.<\/p>\n<\/div>\n<p><br \/>\n<br \/><a href=\"https:\/\/www.clarin.com\/informacion-general\/sube-precio-vtv-buenos-aires-costara-tramite-febrero-2025_0_i919G7eUq3.html\">Fuente Clarin.com <\/a><\/p>\n","protected":false},"excerpt":{"rendered":"<p>A partir del 1 de febrero, los conductores de la provincia de Buenos Aires deber\u00e1n afrontar un nuevo aumento en la tarifa de la Verificaci\u00f3n T\u00e9cnica Vehicular (VTV). Este ajuste, que impacta directamente en el bolsillo de los automovilistas, eleva el costo del tr\u00e1mite en un 17,9% con respecto a los valores vigentes en diciembre. [&hellip;]<\/p>\n","protected":false},"author":1,"featured_media":1226,"comment_status":"open","ping_status":"open","sticky":false,"template":"","format":"standard","meta":{"footnotes":""},"categories":[2],"tags":[2744,448,2184,1823,1731],"class_list":["post-1225","post","type-post","status-publish","format-standard","has-post-thumbnail","hentry","category-ultimas-noticias","tag-costara","tag-cuanto","tag-desde","tag-febrero","tag-tramite"],"_links":{"self":[{"href":"https:\/\/13.com.ar\/index.php\/wp-json\/wp\/v2\/posts\/1225","targetHints":{"allow":["GET"]}}],"collection":[{"href":"https:\/\/13.com.ar\/index.php\/wp-json\/wp\/v2\/posts"}],"about":[{"href":"https:\/\/13.com.ar\/index.php\/wp-json\/wp\/v2\/types\/post"}],"author":[{"embeddable":true,"href":"https:\/\/13.com.ar\/index.php\/wp-json\/wp\/v2\/users\/1"}],"replies":[{"embeddable":true,"href":"https:\/\/13.com.ar\/index.php\/wp-json\/wp\/v2\/comments?post=1225"}],"version-history":[{"count":0,"href":"https:\/\/13.com.ar\/index.php\/wp-json\/wp\/v2\/posts\/1225\/revisions"}],"wp:featuredmedia":[{"embeddable":true,"href":"https:\/\/13.com.ar\/index.php\/wp-json\/wp\/v2\/media\/1226"}],"wp:attachment":[{"href":"https:\/\/13.com.ar\/index.php\/wp-json\/wp\/v2\/media?parent=1225"}],"wp:term":[{"taxonomy":"category","embeddable":true,"href":"https:\/\/13.com.ar\/index.php\/wp-json\/wp\/v2\/categories?post=1225"},{"taxonomy":"post_tag","embeddable":true,"href":"https:\/\/13.com.ar\/index.php\/wp-json\/wp\/v2\/tags?post=1225"}],"curies":[{"name":"wp","href":"https:\/\/api.w.org\/{rel}","templated":true}]}}