{"id":1221,"date":"2025-02-01T16:28:30","date_gmt":"2025-02-01T19:28:30","guid":{"rendered":"https:\/\/13.com.ar\/index.php\/un-delirio-caotico-arrollador-y-genial\/"},"modified":"2025-02-01T16:28:30","modified_gmt":"2025-02-01T19:28:30","slug":"un-delirio-caotico-arrollador-y-genial","status":"publish","type":"post","link":"https:\/\/13.com.ar\/index.php\/un-delirio-caotico-arrollador-y-genial\/","title":{"rendered":"un delirio ca\u00f3tico, arrollador y genial"},"content":{"rendered":"<p> <br \/>\n<\/p>\n<div id=\"cuerpo\">\n<div class=\"sc-80531b6b-0 chRIGJ container-text text-embed\">\n<p>Entre 1970 y 1975, el cantante italiano <strong>Billy Bond<\/strong> comand\u00f3 gran parte del rock argentino, dejando atr\u00e1s su etapa como artista comercial en la l\u00ednea de El Club del Clan y La Escala Musical. Cre\u00f3 <strong>La Pesada del Rock and Roll<\/strong>, un dream-team de m\u00fasicos de otras bandas, y se encarg\u00f3 de la mayor\u00eda de las grabaciones de ese lustro.<\/p>\n<\/div>\n<div class=\"sc-80531b6b-0 chRIGJ container-text text-embed\">\n<p>Sin embargo se lo conoce m\u00e1s por haberle gritado &#8220;\u00a1Rompan todo!&#8221; al p\u00fablico del Luna Park en un show de 1972, al ver que la polic\u00eda estaba reprimiendo a la gente. <strong>El destrozo fue total<\/strong> y lentamente fue decidiendo que era mejor emigrar a otro pa\u00eds. Desde entonces vive en Brasil, donde tuvo grupos, produjo a otros y se dedic\u00f3 a armar grandes espect\u00e1culos musicales de Disney.<\/p>\n<\/div>\n<div class=\"sc-198be8ec-0 cynXbu image-embed  image-embed \"><picture class=\"sc-198be8ec-1 kOjRiQ\"><source media=\"(min-width: 975px)\" width=\"720\" height=\"480\" \/><img alt=\"Billy Bond, el mismo que grit\u00f3 &quot;Rompan todo&quot; en el Luna Park, se present\u00f3 mas\u00b4de medio siglo despu\u00e9s en el Gran Rex. Foto Emmanuel Fern\u00e1ndez \" loading=\"lazy\" width=\"720\" height=\"480\" decoding=\"async\" data-nimg=\"1\" style=\"color:transparent\" src=\"https:\/\/13.com.ar\/wp-content\/uploads\/2025\/02\/un-delirio-caotico-arrollador-y-genial.jpg\"\/><span class=\"epigraphe\">Billy Bond, el mismo que grit\u00f3 &#8220;Rompan todo&#8221; en el Luna Park, se present\u00f3 mas\u00b4de medio siglo despu\u00e9s en el Gran Rex. Foto Emmanuel Fern\u00e1ndez <\/span><span class=\"bkg\"\/><span class=\"picture-open\"><button class=\"open-image\" aria-label=\"Open Image\"\/><\/span><\/picture><\/div>\n<div class=\"sc-80531b6b-0 chRIGJ container-text text-embed\">\n<p>Ahora, <strong>a los 80 a\u00f1os, Billy Bond quiso subrayar su importancia en la historia<\/strong>. Escribi\u00f3 una autobiograf\u00eda, dio un pu\u00f1ado de charlas tipo stand-up y quiso montar una ambiciosa \u00f3pera-rock en el medio de la crisis econ\u00f3mica del 2023.<\/p>\n<\/div>\n<div class=\"sc-80531b6b-0 chRIGJ container-text text-embed\">\n<p>La revencha lleg\u00f3 el \u00faltimo d\u00eda de enero, cuando se present\u00f3 en el Gran Rex y a sala llena demostr\u00f3 su poder\u00edo como cantante y maestro de ceremonias.<\/p>\n<\/div>\n<p><h2>Invitados de lujo<\/h2>\n<\/p>\n<div class=\"sc-80531b6b-0 chRIGJ container-text text-embed\">\n<p>En el teatro, desde el inicio <strong>el clima es decididamente de fiesta<\/strong>: globos en el pasillo central, luces de colores, proyecciones en pantallas de video y un cantante con saco de brillos, con una gran banda atr\u00e1s, que al arrancar enganch\u00f3 <em>La bamba<\/em> de Ritchie Valens con <em>La plaga<\/em> de los Teen Tops y <em>I saw her standing there<\/em> de los Beatles (junto al imitador de Sandro, Fernando Samart\u00edn).<\/p>\n<\/div>\n<div class=\"sc-198be8ec-0 cynXbu image-embed  image-embed \"><picture class=\"sc-198be8ec-1 kOjRiQ\"><source media=\"(min-width: 975px)\" width=\"720\" height=\"480\" \/><img alt=\"Billy Bond cant\u00f3 un tema de los Beatles junto al imitador de Sandro, Fernando Samart\u00edn. Foto: Emmanuel Fern\u00e1ndez \" loading=\"lazy\" width=\"720\" height=\"480\" decoding=\"async\" data-nimg=\"1\" style=\"color:transparent\" src=\"https:\/\/13.com.ar\/wp-content\/uploads\/2025\/02\/1738438110_952_un-delirio-caotico-arrollador-y-genial.jpg\"\/><span class=\"epigraphe\">Billy Bond cant\u00f3 un tema de los Beatles junto al imitador de Sandro, Fernando Samart\u00edn. Foto: Emmanuel Fern\u00e1ndez <\/span><span class=\"bkg\"\/><span class=\"picture-open\"><button class=\"open-image\" aria-label=\"Open Image\"\/><\/span><\/picture><\/div>\n<div class=\"sc-80531b6b-0 chRIGJ container-text text-embed\">\n<p>As\u00ed, entre retazos de ideas de su fallida \u00f3pera-rock y una lista de temas donde no falt\u00f3 ning\u00fan hit de La Pesada, Billy Bond demostr\u00f3 que <strong>su voz sigue intacta<\/strong>, al igual que su capacidad para armar grupos y convocar a grandes invitados.<\/p>\n<\/div>\n<div class=\"sc-80531b6b-0 chRIGJ container-text text-embed\">\n<p>Hubo m\u00e1s de 20 participaciones de lujo, incluyendo a ex-integrantes de La Pesada como <strong>Alejandro Medina, Black Amaya, Kubero D\u00edaz, Isa Portugheis, Machi Rufino y Juan Rodr\u00edguez<\/strong>. Todos h\u00e9roes absolutos de grupos como Manal, Pappo&#8217;s Blues, La Cofrad\u00eda de la Flor Solar, Invisible y Sui Generis.<\/p>\n<\/div>\n<div class=\"sc-80531b6b-0 chRIGJ container-text text-embed\">\n<p>Adem\u00e1s, estuvieron <strong>Le\u00f3n Gieco, Patricia Sosa, Ricardo Soul\u00e9, Daniel Melingo, Boom Boom Kid<\/strong>, Gori, Javier Malosetti, Gillespi, Don Vilanova, Alambre Gonz\u00e1lez, Sandra V\u00e1zquez, Juanito Moro, Pipo Cipolatti, Alfredo Per\u00eda, Carolina Peleritti, Fernando Samart\u00edn y Rodolfo Mederos.<\/p>\n<\/div>\n<div class=\"sc-198be8ec-0 cynXbu image-embed  image-embed \"><picture class=\"sc-198be8ec-1 kOjRiQ\"><source media=\"(min-width: 975px)\" width=\"720\" height=\"480\" \/><img alt=\"Billy Bond revivi\u00f3 al grupo La Pesada, a m\u00e1s de 50 a\u00f1os de haber dado su \u00faltimo show en la Argentina. Foto: Emmanuel Fern\u00e1ndez \" loading=\"lazy\" width=\"720\" height=\"480\" decoding=\"async\" data-nimg=\"1\" style=\"color:transparent\" src=\"https:\/\/13.com.ar\/wp-content\/uploads\/2025\/02\/1738438110_847_un-delirio-caotico-arrollador-y-genial.jpg\"\/><span class=\"epigraphe\">Billy Bond revivi\u00f3 al grupo La Pesada, a m\u00e1s de 50 a\u00f1os de haber dado su \u00faltimo show en la Argentina. Foto: Emmanuel Fern\u00e1ndez <\/span><span class=\"bkg\"\/><span class=\"picture-open\"><button class=\"open-image\" aria-label=\"Open Image\"\/><\/span><\/picture><\/div>\n<div class=\"sc-80531b6b-0 chRIGJ container-text text-embed\">\n<p>El resultado fue un delirio ca\u00f3tico, arrollador y genial, con momentos antol\u00f3gicos y desprolijidades varias. Billy Bond altern\u00f3 cantar al micr\u00f3fono con an\u00e9cdotas contadas desde un sill\u00f3n. Y mientras los dem\u00e1s se sacaban chispas, no deten\u00eda su deambular cansino por todo el escenario. <\/p>\n<\/div>\n<div class=\"sc-80531b6b-0 chRIGJ container-text text-embed\">\n<p>Como un mago que acaba de realizar un conjuro por primera vez en mucho tiempo, se lo ve\u00eda feliz y orgulloso. Sobre el final confes\u00f3: &#8220;Me hago el cancherito pero en el fondo estoy super emocionado&#8221;.<\/p>\n<\/div>\n<p><h2>Todas canciones hist\u00f3ricas<\/h2>\n<\/p>\n<div class=\"sc-80531b6b-0 chRIGJ container-text text-embed\">\n<p>En el repaso cronol\u00f3gico de la lista de temas, la etapa &#8220;comercial&#8221; o &#8220;pasatista&#8221; cerr\u00f3 con <em>Mi lim\u00f3n mi limonero<\/em> y <em>El toro campe\u00f3n<\/em>. Seg\u00fan cont\u00f3, ya ingresando a la d\u00e9cada del &#8217;70 &#8220;est\u00e1bamos en una especie de limbo y se fue juntando La Pesada en el estudio, con gente como Luis Alberto Spinetta, Javier Mart\u00ednez y Alejandro Medina&#8221;.<\/p>\n<\/div>\n<div class=\"sc-80531b6b-0 chRIGJ container-text text-embed\">\n<p>Hizo <em>No pibe<\/em> de Manal junto a una <strong>Patricia Sosa<\/strong> bien rockera, <em>Verdes prados<\/em> (rescatada por Luis Ortega en el filme <em>El \u00e1ngel<\/em>), <em>Voy a ver a un amigo<\/em> con <strong>Daniel Melingo<\/strong> y <em>Adonde est\u00e1 la libertad<\/em> de Pappo&#8217;s Blues con <strong>Machi Rufino y Black Amaya<\/strong>.<\/p>\n<\/div>\n<div class=\"sc-198be8ec-0 cynXbu image-embed  image-embed \"><picture class=\"sc-198be8ec-1 kOjRiQ\"><source media=\"(min-width: 975px)\" width=\"720\" height=\"480\" \/><img alt=\"Billy Bond y Daniel Melingo en uno de los momebntos hist\u00f3ricos edl show de La Pesada. Foto: Emmanuel Fern\u00e1ndez \" loading=\"lazy\" width=\"720\" height=\"480\" decoding=\"async\" data-nimg=\"1\" style=\"color:transparent\" src=\"https:\/\/13.com.ar\/wp-content\/uploads\/2025\/02\/1738438110_397_un-delirio-caotico-arrollador-y-genial.jpg\"\/><span class=\"epigraphe\">Billy Bond y Daniel Melingo en uno de los momebntos hist\u00f3ricos edl show de La Pesada. Foto: Emmanuel Fern\u00e1ndez <\/span><span class=\"bkg\"\/><span class=\"picture-open\"><button class=\"open-image\" aria-label=\"Open Image\"\/><\/span><\/picture><\/div>\n<div class=\"sc-80531b6b-0 chRIGJ container-text text-embed\">\n<p>Otra sorpresa fue la aparici\u00f3n de <strong>Carolina Peleritti <\/strong>para cantar &#8220;Un homenaje a Spinetta por uno de los amores de su vida&#8221;, tal como la present\u00f3 Billy Bond, que luego enganch\u00f3 im\u00e1genes de Gustavo Cerati y El Flaco durante una cita a <em>El parque<\/em>.<\/p>\n<\/div>\n<div class=\"sc-198be8ec-0 cynXbu image-embed  image-embed \"><picture class=\"sc-198be8ec-1 kOjRiQ\"><source media=\"(min-width: 975px)\" width=\"720\" height=\"480\" \/><img alt=\"Carolina Peleritti en el recital de Billy Bond y La Pesada en el Gran Rex. Foto: Emmanuel Fern\u00e1ndez \" loading=\"lazy\" width=\"720\" height=\"480\" decoding=\"async\" data-nimg=\"1\" style=\"color:transparent\" src=\"https:\/\/13.com.ar\/wp-content\/uploads\/2025\/02\/1738438110_550_un-delirio-caotico-arrollador-y-genial.jpg\"\/><span class=\"epigraphe\">Carolina Peleritti en el recital de Billy Bond y La Pesada en el Gran Rex. Foto: Emmanuel Fern\u00e1ndez <\/span><span class=\"bkg\"\/><span class=\"picture-open\"><button class=\"open-image\" aria-label=\"Open Image\"\/><\/span><\/picture><\/div>\n<div class=\"sc-80531b6b-0 chRIGJ container-text text-embed\">\n<p>Cuando la recorrida lleg\u00f3 al tramo m\u00e1s fuerte de La Pesada, sonaron <em>Concientemente todo lo podr\u00e1s lograr <\/em>y <em>Para qu\u00e9 nos sirven<\/em> con <strong>Don Vilanova<\/strong>, y un enganchado de <em>El paso del elefantito<\/em> y<em>Salgan al sol<\/em> con <strong>Boom Boom Kid y Gori<\/strong>.<\/p>\n<\/div>\n<div class=\"sc-198be8ec-0 cynXbu image-embed  image-embed \"><picture class=\"sc-198be8ec-1 kOjRiQ\"><source media=\"(min-width: 975px)\" width=\"720\" height=\"480\" \/><img alt=\"Billy Bond y Boom Boom Kid en la reuni\u00f3n de La Pesada. Fotos Emmanuel Fern\u00e1ndez \" loading=\"lazy\" width=\"720\" height=\"480\" decoding=\"async\" data-nimg=\"1\" style=\"color:transparent\" src=\"https:\/\/13.com.ar\/wp-content\/uploads\/2025\/02\/1738438110_490_un-delirio-caotico-arrollador-y-genial.jpg\"\/><span class=\"epigraphe\">Billy Bond y Boom Boom Kid en la reuni\u00f3n de La Pesada. Fotos Emmanuel Fern\u00e1ndez <\/span><span class=\"bkg\"\/><span class=\"picture-open\"><button class=\"open-image\" aria-label=\"Open Image\"\/><\/span><\/picture><\/div>\n<div class=\"sc-80531b6b-0 chRIGJ container-text text-embed\">\n<p>Uno de los momentos m\u00e1s emotivos de la noche fue la aparici\u00f3n de <strong>Alejandro Medina<\/strong>, que hace tiempo tiene graves problemas de salud. Cant\u00f3 <em>La maldita m\u00e1quina<\/em> junto a Isa Portugheis y Alambre Gonz\u00e1lez, para luego quedar sentado haciendo coros en otros temas.<\/p>\n<\/div>\n<div class=\"sc-198be8ec-0 cynXbu image-embed  image-embed \"><picture class=\"sc-198be8ec-1 kOjRiQ\"><source media=\"(min-width: 975px)\" width=\"720\" height=\"480\" \/><img alt=\"Billy Bond y Alejandro Medina en el Gran Rex. Foto Emmanuel Fern\u00e1ndez\" loading=\"lazy\" width=\"720\" height=\"480\" decoding=\"async\" data-nimg=\"1\" style=\"color:transparent\" src=\"https:\/\/13.com.ar\/wp-content\/uploads\/2025\/02\/1738438110_159_un-delirio-caotico-arrollador-y-genial.jpg\"\/><span class=\"epigraphe\">Billy Bond y Alejandro Medina en el Gran Rex. Foto Emmanuel Fern\u00e1ndez<\/span><span class=\"bkg\"\/><span class=\"picture-open\"><button class=\"open-image\" aria-label=\"Open Image\"\/><\/span><\/picture><\/div>\n<div class=\"sc-80531b6b-0 chRIGJ container-text text-embed\">\n<p><strong>Kubero D\u00edaz <\/strong>y <strong>Juan Rodr\u00edguez<\/strong> se sumaron en <em>La p\u00e1lida ciudad <\/em>y luego lleg\u00f3 el momento de hacer referencia al Luna Park del &#8217;72: &#8220;Fue la primera manifestaci\u00f3n popular&#8221;, dijo antes de cantar la famosa (y censurada) versi\u00f3n rockera de <em>La marcha de San Lorenzo<\/em>, con gran solo de arm\u00f3nica de Sandra V\u00e1zquez.<\/p>\n<\/div>\n<div class=\"sc-80531b6b-0 chRIGJ container-text text-embed\">\n<p>La gente, con una memoria setentosa sorprendente, se puso a gritar &#8220;\u00a1Patria s\u00ed, colonia no!&#8221;, mientras la banda se reacomodaba con Medina en voz para <em>Tontos<\/em>. Despu\u00e9s se sum\u00f3 una peque\u00f1a murga con bandera multicolor comandada por Fernando Noy, donde tambi\u00e9n se sumaron Pipo Cipolatti, Melingo, Gillespi y Alfredo Peria, para hacer <em>Gracias al cielo<\/em>.<\/p>\n<\/div>\n<p><h2>El tramo final<\/h2>\n<\/p>\n<div class=\"sc-80531b6b-0 chRIGJ container-text text-embed\">\n<p>Con im\u00e1genes de guerras lleg\u00f3 el momento de hacer un gui\u00f1o a la superproducci\u00f3n que Billy Bond hizo en 1974 con el Ensemble Musical Buenos Aires y su versi\u00f3n de<em> La Biblia<\/em> de <strong>Vox De<\/strong>i. El arreglo orquestal se respet\u00f3 para <em>Las guerras<\/em>, cantado por nada menos que <strong>Ricardo Soul\u00e9<\/strong>, mientras por los pasillos y hasta un trapecio llegaban soldados camuflados.<\/p>\n<\/div>\n<div class=\"sc-198be8ec-0 cynXbu image-embed  image-embed \"><picture class=\"sc-198be8ec-1 kOjRiQ\"><source media=\"(min-width: 975px)\" width=\"720\" height=\"480\" \/><img alt=\"Billy Bond recorri\u00f3 su historia musical en su regreso a la Argentina despu\u00e9s de d\u00e9cadas. Foto: Emmanuel Fern\u00e1ndez \" loading=\"lazy\" width=\"720\" height=\"480\" decoding=\"async\" data-nimg=\"1\" style=\"color:transparent\" src=\"https:\/\/13.com.ar\/wp-content\/uploads\/2025\/02\/1738438110_849_un-delirio-caotico-arrollador-y-genial.jpg\"\/><span class=\"epigraphe\">Billy Bond recorri\u00f3 su historia musical en su regreso a la Argentina despu\u00e9s de d\u00e9cadas. Foto: Emmanuel Fern\u00e1ndez <\/span><span class=\"bkg\"\/><span class=\"picture-open\"><button class=\"open-image\" aria-label=\"Open Image\"\/><\/span><\/picture><\/div>\n<div class=\"sc-80531b6b-0 chRIGJ container-text text-embed\">\n<p>El toque stand-up volvi\u00f3 con unas palabras sobre las drogas que tanto se consum\u00edan en \u00e9pocas de La Pesada, lo que dio pie a <em>El primero te lo regalan el segundo te lo venden<\/em> de<strong> Los Twist<\/strong>, con Cipolatti y Melingo.<\/p>\n<\/div>\n<div class=\"sc-80531b6b-0 chRIGJ container-text text-embed\">\n<p>La etapa del viaje a Brasil asom\u00f3 con una canci\u00f3n en portugu\u00e9s donde tocaron Claudio Kleiman y Machi, mientras ca\u00eda papel picado sobre la platea. Y el cierre fue con <em>Loco no te sobra una moneda<\/em>, de Charly Garc\u00eda, un cl\u00e1sico de los recitales de Ser\u00fa Gir\u00e1n pero que la banda nunca grab\u00f3 y s\u00ed lo hizo Billy Bond p\u00edcaramente en 1979.<\/p>\n<\/div>\n<div class=\"sc-80531b6b-0 chRIGJ container-text text-embed\">\n<p>Como bis y despedida, Billy Bond cant\u00f3 <em>Cuando ya me empiece a quedar solo<\/em> de Sui Generis junto a <strong>Le\u00f3n Gieco<\/strong> y el bandone\u00f3n de <strong>Rodolfo Mederos<\/strong>. La reflexi\u00f3n final fue: &#8220;Quiero decirles a todos que yo no existo m\u00e1s y ahora son ustedes, y les digo de todo coraz\u00f3n muchas gracias por todo&#8221;.<\/p>\n<\/div>\n<div class=\"sc-80531b6b-0 chRIGJ container-text text-embed\">\n<p>Todos los invitados volvieron a subir al escenario para cantar <em>Ahora s\u00ed soy el rock<\/em>, tras casi dos horas de concierto.<\/p>\n<\/div>\n<div class=\"sc-80531b6b-0 chRIGJ container-text text-embed\">\n<p>As\u00ed cual Sal\u00f3n de la Fama del Rock and Roll, <strong>Billy Bond revivi\u00f3, revisit\u00f3 e introdujo a La Pesada<\/strong>, que ya ten\u00eda su lugar en la historia, pero que en pleno 2025 se subray\u00f3 con \u00e9nfasis y \u00e9xito.<\/p>\n<\/div>\n<\/div>\n<p><br \/>\n<br \/><a href=\"https:\/\/www.clarin.com\/espectaculos\/billy-bond-revivio-mito-pesada-grandes-invitados-delirio-caotico-arrollador-genial_0_9aMbUISIv2.html\">Fuente Clarin.com <\/a><\/p>\n","protected":false},"excerpt":{"rendered":"<p>Entre 1970 y 1975, el cantante italiano Billy Bond comand\u00f3 gran parte del rock argentino, dejando atr\u00e1s su etapa como artista comercial en la l\u00ednea de El Club del Clan y La Escala Musical. Cre\u00f3 La Pesada del Rock and Roll, un dream-team de m\u00fasicos de otras bandas, y se encarg\u00f3 de la mayor\u00eda de [&hellip;]<\/p>\n","protected":false},"author":1,"featured_media":1222,"comment_status":"open","ping_status":"open","sticky":false,"template":"","format":"standard","meta":{"footnotes":""},"categories":[2],"tags":[2741,2740,1623,2742],"class_list":["post-1221","post","type-post","status-publish","format-standard","has-post-thumbnail","hentry","category-ultimas-noticias","tag-arrollador","tag-caotico","tag-delirio","tag-genial"],"_links":{"self":[{"href":"https:\/\/13.com.ar\/index.php\/wp-json\/wp\/v2\/posts\/1221","targetHints":{"allow":["GET"]}}],"collection":[{"href":"https:\/\/13.com.ar\/index.php\/wp-json\/wp\/v2\/posts"}],"about":[{"href":"https:\/\/13.com.ar\/index.php\/wp-json\/wp\/v2\/types\/post"}],"author":[{"embeddable":true,"href":"https:\/\/13.com.ar\/index.php\/wp-json\/wp\/v2\/users\/1"}],"replies":[{"embeddable":true,"href":"https:\/\/13.com.ar\/index.php\/wp-json\/wp\/v2\/comments?post=1221"}],"version-history":[{"count":0,"href":"https:\/\/13.com.ar\/index.php\/wp-json\/wp\/v2\/posts\/1221\/revisions"}],"wp:featuredmedia":[{"embeddable":true,"href":"https:\/\/13.com.ar\/index.php\/wp-json\/wp\/v2\/media\/1222"}],"wp:attachment":[{"href":"https:\/\/13.com.ar\/index.php\/wp-json\/wp\/v2\/media?parent=1221"}],"wp:term":[{"taxonomy":"category","embeddable":true,"href":"https:\/\/13.com.ar\/index.php\/wp-json\/wp\/v2\/categories?post=1221"},{"taxonomy":"post_tag","embeddable":true,"href":"https:\/\/13.com.ar\/index.php\/wp-json\/wp\/v2\/tags?post=1221"}],"curies":[{"name":"wp","href":"https:\/\/api.w.org\/{rel}","templated":true}]}}