{"id":1219,"date":"2025-02-01T16:16:29","date_gmt":"2025-02-01T19:16:29","guid":{"rendered":"https:\/\/13.com.ar\/index.php\/en-medio-de-la-preocupacion-por-los-incendios-filman-a-encapuchados-prendiendo-fuego-a-autos-en-el-bolson\/"},"modified":"2025-02-01T16:16:29","modified_gmt":"2025-02-01T19:16:29","slug":"en-medio-de-la-preocupacion-por-los-incendios-filman-a-encapuchados-prendiendo-fuego-a-autos-en-el-bolson","status":"publish","type":"post","link":"https:\/\/13.com.ar\/index.php\/en-medio-de-la-preocupacion-por-los-incendios-filman-a-encapuchados-prendiendo-fuego-a-autos-en-el-bolson\/","title":{"rendered":"En medio de la preocupaci\u00f3n por los incendios, filman a encapuchados prendiendo fuego a autos en El Bols\u00f3n"},"content":{"rendered":"<p> <br \/>\n<\/p>\n<div id=\"cuerpo\">\n<div class=\"sc-80531b6b-0 chRIGJ container-text text-embed\">\n<p>La lucha contra el fuego en la Patagonia por parte de brigadistas y otras fuerzas no da abasto, aunque hay otros que no s\u00f3lo no colaboran con el prop\u00f3sito sino que lo agravan. Es el caso de El Bols\u00f3n, localidad de la provincia de R\u00edo Negro, en donde fueron filmados <strong>tres hombres encapuchados iniciando fuego sobre autos<\/strong> y terrenos bald\u00edos.<\/p>\n<\/div>\n<div class=\"sc-80531b6b-0 chRIGJ container-text text-embed\">\n<p>Ocurri\u00f3 en el <strong>barrio Irigoyen<\/strong> de El Bols\u00f3n, en el centro-sur del casco urbano de esa localidad tur\u00edstica del sur de R\u00edo Negro, justo sobre la frontera con Chubut. Tres hombres fueron filmados por c\u00e1maras de seguridad mientras, a las 23.19 este viernes, iniciaban focos de fuego para posteriormente incendiar autos y pastizales. <\/p>\n<\/div>\n<div class=\"sc-80531b6b-0 chRIGJ container-text text-embed\">\n<p>En el video se observa c\u00f3mo dos de los tres hombres manipulaban iniciadores de fuego y uno de ellos comienza a hacer chispa, a s\u00f3lo unos pocos metros de donde est\u00e1n cuatro autos estacionados. Otro, presumiblemente con una mochila en su espalda, los observa desde unos pasos de distancia. Luego caminan los tres, pero uno queda unos pasos detr\u00e1s mientras con sus manos inicia el fuego y lo arroja hacia uno de los autos que est\u00e1n all\u00ed. Se llega a notar c\u00f3mo el fuego prende all\u00ed donde el iniciador fue arrojado por el encapuchado, que sigue su curso junto a sus dos acompa\u00f1antes. <\/p>\n<\/div>\n<div class=\"sc-80531b6b-0 chRIGJ container-text text-embed\">\n<p>Un vecino de ese barrio, que vive en Padre Guillermo y Valle Nuevo, denunci\u00f3 la presencia de esos tres hombres incendiando un auto. La polic\u00eda lleg\u00f3 al lugar pronto y pudo cotejar que tambi\u00e9n hab\u00edan incendiado otro auto en la misma cuadra y tambi\u00e9n un sector de pastizales de la zona. Luego tambi\u00e9n se supo que hubo detenidos por estos delitos.<\/p>\n<\/div>\n<div class=\"sc-80531b6b-0 chRIGJ container-text text-embed\">\n<p>No es el \u00fanico acto de violencia e inseguridad que ocurre en un momento cr\u00edtico para el municipio y<strong> hasta el intendente alert\u00f3 por actos de vandalismo<\/strong> en plena preocupaci\u00f3n por los incendios.<\/p>\n<\/div>\n<div class=\"sc-198be8ec-0 cynXbu image-embed  image-embed \"><picture class=\"sc-198be8ec-1 kOjRiQ\"><source media=\"(min-width: 975px)\" width=\"720\" height=\"480\" \/><img alt=\"Tres hombres fueron filmados iniciando fuegos e incendiando autos y pastizales en El Bols\u00f3n.\" loading=\"lazy\" width=\"720\" height=\"480\" decoding=\"async\" data-nimg=\"1\" style=\"color:transparent\" src=\"https:\/\/13.com.ar\/wp-content\/uploads\/2025\/02\/En-medio-de-la-preocupacion-por-los-incendios-filman-a.jpg\"\/><span class=\"epigraphe\">Tres hombres fueron filmados iniciando fuegos e incendiando autos y pastizales en El Bols\u00f3n.<\/span><span class=\"bkg\"\/><span class=\"picture-open\"><button class=\"open-image\" aria-label=\"Open Image\"\/><\/span><\/picture><\/div>\n<div class=\"sc-80531b6b-0 chRIGJ container-text text-embed\">\n<p>&#8220;Hay gente que <strong>se dedica a sacar provecho<\/strong>. \u00bfC\u00f3mo puede ser que en la zona del incendio haya vecinos que me digan que est\u00e1n robando?&#8221;, lament\u00f3 Bruno Pogliano, en di\u00e1logo con el medio local <em>Para\u00edso 42.<\/em><\/p>\n<\/div>\n<div class=\"sc-80531b6b-0 chRIGJ container-text text-embed\">\n<p>Todo lo denunciado sucedi\u00f3 en el marco de fuegos que est\u00e1n fuera de control, tanto en El Bols\u00f3n como en la contigua localidad chubutense de El Hoyo. Sin ir m\u00e1s lejos, este s\u00e1bado se inform\u00f3 sobre el rescate de 700 mochileros que se encontraban en doce refugios de monta\u00f1a en la zona cordillerana cercana a El Bols\u00f3n, zona en la que el fuego ya devor\u00f3 m\u00e1s de 2.100 hect\u00e1reas de bosque. Todos ellos hab\u00edan quedado varados por el avance de los incendios, favorecidos por las altas temperaturas.<\/p>\n<\/div>\n<div class=\"sc-198be8ec-0 cynXbu image-embed  image-embed \"><picture class=\"sc-198be8ec-1 kOjRiQ\"><source media=\"(min-width: 975px)\" width=\"720\" height=\"480\" \/><img alt=\"Los incendios en El Bols\u00f3n ya consumieron 2.000 hect\u00e1reas de bosques. Foto Reuters\/Marcelo Martinez  \" loading=\"lazy\" width=\"720\" height=\"480\" decoding=\"async\" data-nimg=\"1\" style=\"color:transparent\" src=\"https:\/\/13.com.ar\/wp-content\/uploads\/2025\/02\/una-noche-de-angustia-y-seis-horas-de-caminata-con.jpg\"\/><span class=\"epigraphe\">Los incendios en El Bols\u00f3n ya consumieron 2.000 hect\u00e1reas de bosques. Foto Reuters\/Marcelo Martinez  <\/span><span class=\"bkg\"\/><span class=\"picture-open\"><button class=\"open-image\" aria-label=\"Open Image\"\/><\/span><\/picture><\/div>\n<div class=\"sc-80531b6b-0 chRIGJ container-text text-embed\">\n<p>Tambi\u00e9n otra zona chubutense, Puerto Madryn, report\u00f3 incendios forestales y de zonas rurales. Y hacia el norte de El Hoyo y El Bols\u00f3n, y luego de m\u00e1s de un mes, continuan los incendios en Los Manzanos, dentro del per\u00edmetro del Parque Nacional Nahuel Huapi.<\/p>\n<\/div>\n<div class=\"sc-80531b6b-0 chRIGJ container-text text-embed\">\n<p>&#8220;Las altas temperaturas y los fuertes vientos generaron grandes columnas convectivas, principalmente en el Cerro Mart\u00edn y Basti\u00f3n, que se dirigieron hacia la zona de El Manso Inferior, y habr\u00edan generado un foco secundario en un punto del Cerro Santa Rita que, por las condiciones meteorol\u00f3gicas mencionadas, se propag\u00f3 r\u00e1pidamente por dicho cerro&#8221;, dice el \u00faltimo comunicado difundido por las autoridades del parque. <\/p>\n<\/div>\n<div class=\"sc-80531b6b-0 chRIGJ container-text text-embed\">\n<p>Otro caso reciente de incendios intencionales se dio en el interior del Parque Nacional Nahuel Huapi, cuya intendencia radic\u00f3 una denuncia hace apenas tres d\u00edas por el intento de incendio de la casa de un guardaparque y por los tres focos de fuego que s\u00ed prendieron en las inmediaciones del Lago Villarino (Neuqu\u00e9n). <\/p>\n<\/div>\n<div class=\"sc-80531b6b-0 chRIGJ container-text text-embed\">\n<p>&#8220;Seg\u00fan las primeras averiguaciones -se lee en un comunicado de la intendencia-, los responsables habr\u00edan seleccionado cuidadosamente el momento y los puntos de ignici\u00f3n, teniendo en cuenta la direcci\u00f3n del viento, la pendiente del terreno y la vegetaci\u00f3n circundante&#8221;, se lee en un comunicado de la intendencia.<\/p>\n<\/div>\n<\/div>\n<p><br \/>\n<br \/><a href=\"https:\/\/www.clarin.com\/sociedad\/medio-preocupacion-incendios-filman-encapuchados-prendiendo-fuego-autos-bolson_0_8gzX2K7Qlk.html\">Fuente Clarin.com <\/a><\/p>\n","protected":false},"excerpt":{"rendered":"<p>La lucha contra el fuego en la Patagonia por parte de brigadistas y otras fuerzas no da abasto, aunque hay otros que no s\u00f3lo no colaboran con el prop\u00f3sito sino que lo agravan. Es el caso de El Bols\u00f3n, localidad de la provincia de R\u00edo Negro, en donde fueron filmados tres hombres encapuchados iniciando fuego [&hellip;]<\/p>\n","protected":false},"author":1,"featured_media":1220,"comment_status":"open","ping_status":"open","sticky":false,"template":"","format":"standard","meta":{"footnotes":""},"categories":[2],"tags":[2320,2098,2738,2737,853,2422,28,1224,142,2739,1968],"class_list":["post-1219","post","type-post","status-publish","format-standard","has-post-thumbnail","hentry","category-ultimas-noticias","tag-autos","tag-bolson","tag-encapuchados","tag-filman","tag-fuego","tag-incendios","tag-los","tag-medio","tag-por","tag-prendiendo","tag-preocupacion"],"_links":{"self":[{"href":"https:\/\/13.com.ar\/index.php\/wp-json\/wp\/v2\/posts\/1219","targetHints":{"allow":["GET"]}}],"collection":[{"href":"https:\/\/13.com.ar\/index.php\/wp-json\/wp\/v2\/posts"}],"about":[{"href":"https:\/\/13.com.ar\/index.php\/wp-json\/wp\/v2\/types\/post"}],"author":[{"embeddable":true,"href":"https:\/\/13.com.ar\/index.php\/wp-json\/wp\/v2\/users\/1"}],"replies":[{"embeddable":true,"href":"https:\/\/13.com.ar\/index.php\/wp-json\/wp\/v2\/comments?post=1219"}],"version-history":[{"count":0,"href":"https:\/\/13.com.ar\/index.php\/wp-json\/wp\/v2\/posts\/1219\/revisions"}],"wp:featuredmedia":[{"embeddable":true,"href":"https:\/\/13.com.ar\/index.php\/wp-json\/wp\/v2\/media\/1220"}],"wp:attachment":[{"href":"https:\/\/13.com.ar\/index.php\/wp-json\/wp\/v2\/media?parent=1219"}],"wp:term":[{"taxonomy":"category","embeddable":true,"href":"https:\/\/13.com.ar\/index.php\/wp-json\/wp\/v2\/categories?post=1219"},{"taxonomy":"post_tag","embeddable":true,"href":"https:\/\/13.com.ar\/index.php\/wp-json\/wp\/v2\/tags?post=1219"}],"curies":[{"name":"wp","href":"https:\/\/api.w.org\/{rel}","templated":true}]}}