{"id":1217,"date":"2025-02-01T16:13:29","date_gmt":"2025-02-01T19:13:29","guid":{"rendered":"https:\/\/13.com.ar\/index.php\/los-fallos-estan-para-cumplirse\/"},"modified":"2025-02-01T16:13:29","modified_gmt":"2025-02-01T19:13:29","slug":"los-fallos-estan-para-cumplirse","status":"publish","type":"post","link":"https:\/\/13.com.ar\/index.php\/los-fallos-estan-para-cumplirse\/","title":{"rendered":"Los fallos est\u00e1n para cumplirse"},"content":{"rendered":"<p> <br \/>\n<br \/><img decoding=\"async\" src=\"https:\/\/13.com.ar\/wp-content\/uploads\/2025\/02\/Los-fallos-estan-para-cumplirse.jpg\" \/><\/p>\n<div>\n<p>El fallo de la Corte Suprema de la Naci\u00f3n que le otorg\u00f3 m\u00e1s poder a la Justicia porte\u00f1a sigue generando controversia en \u00e1mbitos judiciales. Primero fue la postura en contra esgrimida por el procurador general de la Naci\u00f3n, Eduardo Casal, que pidi\u00f3 revertir el fallo porque, sostuvo, obstaculizar\u00e1 la normal tarea del Ministerio P\u00fablico. Ahora sali\u00f3 a contestarle el ministro de Justicia de la Ciudad, <strong>Gabino Tapia<\/strong>, que reclam\u00f3 respetar el fallo y cumplir con lo que dicta la Constituci\u00f3n.<\/p>\n<\/div>\n<div>\n<p><strong>&#8220;Los fallos est\u00e1n para cumplirse. <\/strong>La Corte Suprema fue clara y contundente: terminemos de una vez con el &#8216;inmovilismo&#8217; y avancemos con las transferencias pendientes para concretar una autonom\u00eda plena de la Ciudad de Buenos Aires, tal como lo dispone la Constituci\u00f3n Nacional&#8221;, escribi\u00f3 Tapia en su cuenta personal de X en respuesta a la postura que explicit\u00f3 Casal.<\/p>\n<\/div>\n<div>\n<p>La feria termina este lunes. Ese d\u00eda entrar\u00e1 en vigencia el fallo cortesano, que establece que todas las sentencias de la Justicia nacional con competencia sobre la Ciudad sean revisadas por el Tribunal Superior de Justicia porte\u00f1o antes de llegar eventualmente a la Corte.<\/p>\n<\/div>\n<div>\n<p>El viernes, en un escrito dirigido al presidente de la Corte, Horacio Rosatti, el jefe de los fiscales advirti\u00f3 que la posici\u00f3n del m\u00e1ximo tribunal en el fallo Levinas le impedir\u00eda al Ministerio P\u00fablico Fiscal &#8220;cumplir con sus funciones legales y constitucionales en los procesos que tramitan ante la justicia nacional con competencia sobre la Ciudad Aut\u00f3noma de Buenos Aires&#8221;.<\/p>\n<\/div>\n<p><br \/>\n<br \/><a href=\"https:\/\/www.clarin.com\/politica\/ciudad-pide-respetar-decision-corte-da-poder-justicia-portena-fallos-cumplirse_0_hwGNGn1UBl.html\">Fuente Clarin.com <\/a><\/p>\n","protected":false},"excerpt":{"rendered":"<p>El fallo de la Corte Suprema de la Naci\u00f3n que le otorg\u00f3 m\u00e1s poder a la Justicia porte\u00f1a sigue generando controversia en \u00e1mbitos judiciales. Primero fue la postura en contra esgrimida por el procurador general de la Naci\u00f3n, Eduardo Casal, que pidi\u00f3 revertir el fallo porque, sostuvo, obstaculizar\u00e1 la normal tarea del Ministerio P\u00fablico. Ahora [&hellip;]<\/p>\n","protected":false},"author":1,"featured_media":1218,"comment_status":"open","ping_status":"open","sticky":false,"template":"","format":"standard","meta":{"footnotes":""},"categories":[2],"tags":[2736,2376,2735,28,16],"class_list":["post-1217","post","type-post","status-publish","format-standard","has-post-thumbnail","hentry","category-ultimas-noticias","tag-cumplirse","tag-estan","tag-fallos","tag-los","tag-para"],"_links":{"self":[{"href":"https:\/\/13.com.ar\/index.php\/wp-json\/wp\/v2\/posts\/1217","targetHints":{"allow":["GET"]}}],"collection":[{"href":"https:\/\/13.com.ar\/index.php\/wp-json\/wp\/v2\/posts"}],"about":[{"href":"https:\/\/13.com.ar\/index.php\/wp-json\/wp\/v2\/types\/post"}],"author":[{"embeddable":true,"href":"https:\/\/13.com.ar\/index.php\/wp-json\/wp\/v2\/users\/1"}],"replies":[{"embeddable":true,"href":"https:\/\/13.com.ar\/index.php\/wp-json\/wp\/v2\/comments?post=1217"}],"version-history":[{"count":0,"href":"https:\/\/13.com.ar\/index.php\/wp-json\/wp\/v2\/posts\/1217\/revisions"}],"wp:featuredmedia":[{"embeddable":true,"href":"https:\/\/13.com.ar\/index.php\/wp-json\/wp\/v2\/media\/1218"}],"wp:attachment":[{"href":"https:\/\/13.com.ar\/index.php\/wp-json\/wp\/v2\/media?parent=1217"}],"wp:term":[{"taxonomy":"category","embeddable":true,"href":"https:\/\/13.com.ar\/index.php\/wp-json\/wp\/v2\/categories?post=1217"},{"taxonomy":"post_tag","embeddable":true,"href":"https:\/\/13.com.ar\/index.php\/wp-json\/wp\/v2\/tags?post=1217"}],"curies":[{"name":"wp","href":"https:\/\/api.w.org\/{rel}","templated":true}]}}