{"id":1213,"date":"2025-02-01T16:07:28","date_gmt":"2025-02-01T19:07:28","guid":{"rendered":"https:\/\/13.com.ar\/index.php\/con-dos-tragedias-en-tres-dias-la-seguridad-aerea-en-estados-unidos-esta-en-el-ojo-de-tormenta\/"},"modified":"2025-02-01T16:07:28","modified_gmt":"2025-02-01T19:07:28","slug":"con-dos-tragedias-en-tres-dias-la-seguridad-aerea-en-estados-unidos-esta-en-el-ojo-de-tormenta","status":"publish","type":"post","link":"https:\/\/13.com.ar\/index.php\/con-dos-tragedias-en-tres-dias-la-seguridad-aerea-en-estados-unidos-esta-en-el-ojo-de-tormenta\/","title":{"rendered":"Con dos tragedias en tres d\u00edas, la seguridad a\u00e9rea en Estados Unidos est\u00e1 en el ojo de tormenta"},"content":{"rendered":"<p> <br \/>\n<\/p>\n<div id=\"cuerpo\">\n<div class=\"sc-80531b6b-0 chRIGJ container-text text-embed\">\n<p>La <strong>seguridad a\u00e9rea en Estados Unidos<\/strong>, tras el accidente del mi\u00e9rcoles entre un avi\u00f3n de pasajeros de American Airlines y un helic\u00f3ptero del Ej\u00e9rcito, sumado a otros accidentes menores en los \u00faltimos a\u00f1os, fue puesta una vez m\u00e1s en el ojo de la tormenta de las autoridades, con el propio presidente <strong>Donald Trump<\/strong> criticando a la entidad de transporte nacional. <\/p>\n<\/div>\n<div class=\"sc-80531b6b-0 chRIGJ container-text text-embed\">\n<p>La ca\u00edda de un avi\u00f3n sanitario con seis ocupantes mexicanos este viernes en Filadelfia agreg\u00f3 a\u00fan m\u00e1s le\u00f1a al fuego de un debate que no par\u00f3 de crecer en los \u00faltimos d\u00edas en Estados Unidos, con una cantidad de acusaciones cruzadas.<\/p>\n<\/div>\n<div class=\"sc-80531b6b-0 chRIGJ container-text text-embed\">\n<p>El Aeropuerto Nacional Reagan Washington en Arlington, Virginia, donde ocurri\u00f3 el accidente del mi\u00e9rcoles, tuvo al menos <strong>dos alarmas de accidentes el a\u00f1o pasado.<\/strong> En abril, un avi\u00f3n operado por Southwest Airlines casi cruz\u00f3 la misma pista que un vuelo de JetBlue estaba usando para despegar. Un mes despu\u00e9s, un avi\u00f3n de American Airlines estuvo a punto de estrellarse contra un peque\u00f1o avi\u00f3n.<\/p>\n<\/div>\n<div class=\"sc-80531b6b-0 chRIGJ container-text text-embed\">\n<p>Esos casi accidentes se encontraban entre las 1.757 &#8220;incursiones en la pista&#8221; documentadas por la Administraci\u00f3n Federal de Aviaci\u00f3n (FAA, por sus siglas en ingl\u00e9s) en 2024. El t\u00e9rmino describe <strong>incidentes que involucran la presencia incorrecta de un avi\u00f3n, persona o alg\u00fan otro veh\u00edculo en una pista<\/strong>, y pueden ir desde menores (sin consecuencias inmediatas para la seguridad) hasta graves (en los que se evit\u00f3 por poco una colisi\u00f3n).<\/p>\n<\/div>\n<div class=\"sc-198be8ec-0 cynXbu image-embed  image-embed \"><picture class=\"sc-198be8ec-1 kOjRiQ\"><source media=\"(min-width: 975px)\" width=\"720\" height=\"480\" \/><img alt=\"Homenajes a los j\u00f3venes patinadores que muriern en el accidente a\u00e9reo del s\u00e1bado en Washington, este s\u00e1bado en el aeropuerto Ronald Reagan. Foto: EFE \" loading=\"lazy\" width=\"720\" height=\"480\" decoding=\"async\" data-nimg=\"1\" style=\"color:transparent\" src=\"https:\/\/13.com.ar\/wp-content\/uploads\/2025\/02\/Con-dos-tragedias-en-tres-dias-la-seguridad-aerea-en.jpg\"\/><span class=\"epigraphe\">Homenajes a los j\u00f3venes patinadores que muriern en el accidente a\u00e9reo del s\u00e1bado en Washington, este s\u00e1bado en el aeropuerto Ronald Reagan. Foto: EFE <\/span><span class=\"bkg\"\/><span class=\"picture-open\"><button class=\"open-image\" aria-label=\"Open Image\"\/><\/span><\/picture><\/div>\n<div class=\"sc-80531b6b-0 chRIGJ container-text text-embed\">\n<p>La colisi\u00f3n del mi\u00e9rcoles fue el primer desastre fatal que involucr\u00f3 a un avi\u00f3n comercial estadounidense desde 2009, cuando un aparato de h\u00e9lice se estrell\u00f3 contra una casa cerca de Buffalo, Nueva York, matando a 45 pasajeros, cuatro miembros de la tripulaci\u00f3n y una persona en tierra.<\/p>\n<\/div>\n<div class=\"sc-80531b6b-0 chRIGJ container-text text-embed\">\n<p>&#13;<br \/>\nEn el accidente del mi\u00e9rcoles por la noche, un avi\u00f3n de American Airlines transportaba a 60 pasajeros y cuatro miembros de la tripulaci\u00f3n, mientras que tres personas estaban a bordo del helic\u00f3ptero Black Hawk. El vuelo se acercaba al aeropuerto del \u00e1rea de Washington, D.C. para aterrizar cuando la colisi\u00f3n ocurri\u00f3 sobre el r\u00edo Potomac alrededor de las 21 locales.<\/p>\n<\/div>\n<div class=\"sc-80531b6b-0 chRIGJ container-text text-embed\">\n<p>Los funcionarios dijeron que no se esperaban sobrevivientes, mientras trataban de recuperar los cuerpos de las v\u00edctimas atrapadas bajo el fuselaje, en un r\u00edo helado y en malas condiciones meteorol\u00f3gicas. <\/p>\n<\/div>\n<div class=\"sc-80531b6b-0 chRIGJ container-text text-embed\">\n<p>&#8220;Las colisiones en el aire como esta son raras y se consideran el peor de los casos, pero incluso la lista de posibles accidentes en los \u00faltimos a\u00f1os deber\u00eda haber sido una se\u00f1al de atenci\u00f3n para el sector de la aviaci\u00f3n&#8221;, explic\u00f3 Hassan Shahidi, presidente y CEO de la Flight Safety Foundation, una organizaci\u00f3n sin fines de lucro con sede en Virginia que se centra en la investigaci\u00f3n y la defensa de la seguridad de la aviaci\u00f3n.<\/p>\n<\/div>\n<div class=\"sc-80531b6b-0 chRIGJ container-text text-embed\">\n<p>&#8220;Incluso uno es demasiados&#8221;, dijo.<\/p>\n<\/div>\n<div class=\"sc-198be8ec-0 cynXbu image-embed  image-embed \"><picture class=\"sc-198be8ec-1 kOjRiQ\"><source media=\"(min-width: 975px)\" width=\"720\" height=\"480\" \/><img alt=\"Bomberos y polic\u00edas en el lugar donde cay\u00f3 un avi\u00f3n m\u00e9dico este viernes en Filadelfia. Foto: AP  \" loading=\"lazy\" width=\"720\" height=\"480\" decoding=\"async\" data-nimg=\"1\" style=\"color:transparent\" src=\"https:\/\/13.com.ar\/wp-content\/uploads\/2025\/02\/1738436848_639_Con-dos-tragedias-en-tres-dias-la-seguridad-aerea-en.jpg\"\/><span class=\"epigraphe\">Bomberos y polic\u00edas en el lugar donde cay\u00f3 un avi\u00f3n m\u00e9dico este viernes en Filadelfia. Foto: AP  <\/span><span class=\"bkg\"\/><span class=\"picture-open\"><button class=\"open-image\" aria-label=\"Open Image\"\/><\/span><\/picture><\/div>\n<div class=\"sc-80531b6b-0 chRIGJ container-text text-embed\">\n<p>La ca\u00edda de un avi\u00f3n m\u00e9dico este viernes con seis personas a bordo aviv\u00f3 a\u00fan m\u00e1s la pol\u00e9mica. La aeronave, que transportaba a seis ciudadanos mexicanos, se estrell\u00f3 y provoc\u00f3 un incendio en una zona urbana de Filadelfia, dos d\u00edas despu\u00e9s de que 67 personas murieran en un accidente a\u00e9reo en Washington.<\/p>\n<\/div>\n<div class=\"sc-80531b6b-0 chRIGJ container-text text-embed\">\n<p>El avi\u00f3n, un Learjet 55, se estrell\u00f3 hacia las 18.30 hora local, tras despegar del aeropuerto de Northeast Philadelphia con destino a Branson (Misuri), un comunicado la Administraci\u00f3n de Aviaci\u00f3n Federal (FAA).<\/p>\n<\/div>\n<div class=\"sc-80531b6b-0 chRIGJ container-text text-embed\">\n<p>Las v\u00edctimas eran una nena que hab\u00eda recibido atenci\u00f3n m\u00e9dica en Estados Unidos, su madre y los miembros del personal de vuelo y m\u00e9dico, que murieron todos en el accidente, se inform\u00f3. Adem\u00e1s, este s\u00e1bado se supo que el impacto de la aeronave mat\u00f3 tambi\u00e9n a una persona en tierra, con lo cual el n\u00famero total de v\u00edctimas de este accidente subi\u00f3 a siete.<\/p>\n<\/div>\n<div class=\"sc-80531b6b-0 chRIGJ container-text text-embed\">\n<p>&#8220;La paciente hab\u00eda recibido atenci\u00f3n m\u00e9dica del Shriners Children&#8217;s de Filadelfia y estaba siendo transportada de vuelta a su pa\u00eds de origen, M\u00e9xico&#8221;, declar\u00f3 Mel Bower, portavoz de este centro. La canciller\u00eda de M\u00e9xico confirm\u00f3 por la noche en la red social X que &#8220;seis personas de nacionalidad mexicana viajaban en la aeronave&#8221;.<\/p>\n<\/div>\n<p><h2>&#8220;Casi accidentes&#8221;<\/h2>\n<\/p>\n<div class=\"sc-80531b6b-0 chRIGJ container-text text-embed\">\n<p>Los casi accidentes en 2024 siguieron a <strong>varios incidentes de alto perfil<\/strong> que la Junta Nacional de Seguridad en el Transporte investig\u00f3 el a\u00f1o anterior, incluido uno en agosto de 2023 en el que un Boeing 737 operado por Southwest Airlines lleg\u00f3 a menos de 100 pies de un avi\u00f3n privado Cessna Citation 560X que aterriz\u00f3 en una pista en San Diego, California.<\/p>\n<\/div>\n<div class=\"sc-80531b6b-0 chRIGJ container-text text-embed\">\n<p>A principios de ese a\u00f1o, <strong>un avi\u00f3n de carga de FedEx estuvo a punto de estrellarse contra un avi\u00f3n de pasajeros de Southwest Airlines <\/strong>despu\u00e9s de que ambos veh\u00edculos fueran autorizados a usar la misma pista en el Aeropuerto Internacional de Austin-Bergstrom. La investigaci\u00f3n determin\u00f3 que el incidente fue el resultado de un error del controlador de tr\u00e1fico a\u00e9reo y una falta de tecnolog\u00eda de seguridad cr\u00edtica para hacer frente a la densa niebla alrededor del aeropuerto ese d\u00eda.<\/p>\n<\/div>\n<div class=\"sc-80531b6b-0 chRIGJ container-text text-embed\">\n<p>Los expertos en seguridad de la aviaci\u00f3n han expresado repetidamente su <strong>preocupaci\u00f3n por una escasez persistente de controladores de tr\u00e1fico a\u00e9reo<\/strong> de los Estados Unidos, que dicen que ha desempe\u00f1ado un papel en los recientes fallos. (ANSA).<\/p>\n<\/div>\n<\/div>\n<p><br \/>\n<br \/><a href=\"https:\/\/www.clarin.com\/mundo\/tragedias-dias-seguridad-aerea-estados-unidos-ojo-tormenta_0_qsctUxlZgJ.html\">Fuente Clarin.com <\/a><\/p>\n","protected":false},"excerpt":{"rendered":"<p>La seguridad a\u00e9rea en Estados Unidos, tras el accidente del mi\u00e9rcoles entre un avi\u00f3n de pasajeros de American Airlines y un helic\u00f3ptero del Ej\u00e9rcito, sumado a otros accidentes menores en los \u00faltimos a\u00f1os, fue puesta una vez m\u00e1s en el ojo de la tormenta de las autoridades, con el propio presidente Donald Trump criticando a [&hellip;]<\/p>\n","protected":false},"author":1,"featured_media":1214,"comment_status":"open","ping_status":"open","sticky":false,"template":"","format":"standard","meta":{"footnotes":""},"categories":[2],"tags":[1574,18,500,59,300,1737,2726,316,207,2725,434,1738],"class_list":["post-1213","post","type-post","status-publish","format-standard","has-post-thumbnail","hentry","category-ultimas-noticias","tag-aerea","tag-con","tag-dias","tag-dos","tag-esta","tag-estados","tag-ojo","tag-seguridad","tag-tormenta","tag-tragedias","tag-tres","tag-unidos"],"_links":{"self":[{"href":"https:\/\/13.com.ar\/index.php\/wp-json\/wp\/v2\/posts\/1213","targetHints":{"allow":["GET"]}}],"collection":[{"href":"https:\/\/13.com.ar\/index.php\/wp-json\/wp\/v2\/posts"}],"about":[{"href":"https:\/\/13.com.ar\/index.php\/wp-json\/wp\/v2\/types\/post"}],"author":[{"embeddable":true,"href":"https:\/\/13.com.ar\/index.php\/wp-json\/wp\/v2\/users\/1"}],"replies":[{"embeddable":true,"href":"https:\/\/13.com.ar\/index.php\/wp-json\/wp\/v2\/comments?post=1213"}],"version-history":[{"count":0,"href":"https:\/\/13.com.ar\/index.php\/wp-json\/wp\/v2\/posts\/1213\/revisions"}],"wp:featuredmedia":[{"embeddable":true,"href":"https:\/\/13.com.ar\/index.php\/wp-json\/wp\/v2\/media\/1214"}],"wp:attachment":[{"href":"https:\/\/13.com.ar\/index.php\/wp-json\/wp\/v2\/media?parent=1213"}],"wp:term":[{"taxonomy":"category","embeddable":true,"href":"https:\/\/13.com.ar\/index.php\/wp-json\/wp\/v2\/categories?post=1213"},{"taxonomy":"post_tag","embeddable":true,"href":"https:\/\/13.com.ar\/index.php\/wp-json\/wp\/v2\/tags?post=1213"}],"curies":[{"name":"wp","href":"https:\/\/api.w.org\/{rel}","templated":true}]}}