{"id":12,"date":"2025-01-28T13:54:53","date_gmt":"2025-01-28T16:54:53","guid":{"rendered":"https:\/\/13.com.ar\/index.php\/2025\/01\/28\/quien-es-toto-fernandez-el-riquelme-de-la-b-que-atendia-un-almacen-y-se-suma-al-racing-de-costas\/"},"modified":"2025-01-28T13:54:53","modified_gmt":"2025-01-28T16:54:53","slug":"quien-es-toto-fernandez-el-riquelme-de-la-b-que-atendia-un-almacen-y-se-suma-al-racing-de-costas","status":"publish","type":"post","link":"https:\/\/13.com.ar\/index.php\/quien-es-toto-fernandez-el-riquelme-de-la-b-que-atendia-un-almacen-y-se-suma-al-racing-de-costas\/","title":{"rendered":"Qui\u00e9n es Toto Fern\u00e1ndez, &#8220;el Riquelme de la B&#8221; que atend\u00eda un almac\u00e9n y se suma al Racing de Costas"},"content":{"rendered":"<p> <br \/>\n<\/p>\n<div id=\"cuerpo\">\n<div class=\"sc-80531b6b-0 chRIGJ container-text text-embed\">\n<p><strong>Racing<\/strong> est\u00e1 terminando de cerrar su cuarta incorporaci\u00f3n en este mercado de pases tras haber acordado de palabra la llegada de<strong> Adri\u00e1n <em>&#8216;Toto&#8217;<\/em> Fern\u00e1ndez <\/strong>desde Pe\u00f1arol. El mediocampista, a quien apodan &#8220;el Riquelme del Ascenso&#8221;, aterriz\u00f3 el lunes en Buenos Aires y esta ma\u00f1ana se realiz\u00f3 la revisi\u00f3n m\u00e9dica para convertirse en la nueva apuesta de <strong>Gustavo Costas<\/strong>.<\/p>\n<\/div>\n<div class=\"sc-80531b6b-0 chRIGJ container-text text-embed\">\n<p>El pase fue acordado con<strong> San Telmo<\/strong>, el due\u00f1o de la ficha, que le dio dos opciones de compra del 80% del pase para el pr\u00e9stamo de un a\u00f1o: <strong>800.000 d\u00f3lares en julio y 1.100.000 d\u00f3lares en diciembre<\/strong>. Pe\u00f1arol tambi\u00e9n tuvo voz durante las negociaciones, dado que el jugador viste la camiseta azul y amarilla desde mitad de 2024. El club uruguayo accedi\u00f3 a interrumpir el contrato con la condici\u00f3n de tener un porcentaje de la ficha para una futura venta.<\/p>\n<\/div>\n<div class=\"sc-80531b6b-0 chRIGJ container-text text-embed\">\n<p>Como bien declar\u00f3 el presidente de Pe\u00f1arol, <strong>Ignacio Ruglio<\/strong>, Toto &#8220;no tiene los minutos deseados y en Racing de Avellaneda podr\u00eda tenerlos&#8221;. <\/p>\n<\/div>\n<div class=\"sc-80531b6b-0 chRIGJ container-text text-embed\">\n<p>Adri\u00e1n o <em>Toto<\/em> como le dice su madre, apodo que se extendi\u00f3 al campo de juego, hoy es uno de los nuevos refuerzos de Racing, pero en su carrera siempre la tuvo que &#8220;remar de atr\u00e1s&#8221; hasta conseguir su lugar en la cancha.<\/p>\n<\/div>\n<div class=\"sc-80531b6b-0 chRIGJ container-text text-embed\">\n<p>El amor del jugador por el f\u00fatbol comenz\u00f3 a los tres a\u00f1os jugando en su barrio natal, La Saladita en Sarand\u00ed. &#8220;Siempre hubo jugadores que llegaron lejos con el esfuerzo del d\u00eda a d\u00eda, entonces uno agarra esas cosas y trata de imitar&#8221;, le dijo el jugador a<strong> Clar\u00edn<\/strong>. Sarand\u00ed puede darse el lujo de decir que tiene a dos campeones del mundo: <strong>Rodrigo de Paul y Alejandro Papu G\u00f3mez<\/strong>.<\/p>\n<\/div>\n<div class=\"sc-80531b6b-0 chRIGJ container-text text-embed\">\n<p>&#8220;Me llev\u00f3 un amigo, viv\u00eda al ped&#8230; entonces un amigo me dijo &#8216;me acompa\u00f1as&#8217;, \u00e9l hab\u00eda hablado por m\u00ed en ese momento, llev\u00e9 los botines, me prob\u00e9 y despu\u00e9s me dijeron que al otro d\u00eda vaya a jugar un amistoso con Hurac\u00e1n&#8221;, record\u00f3 Toto que antes de jugar al f\u00fatbol atendi\u00f3 el almac\u00e9n de su t\u00eda en Villa Tranquila, Dock Sud: &#8220;Siempre fui a darle una mano a mi t\u00eda, gracias a eso pude aprender lo que es ser carnicero, verdulero, repositor, almacenero y me qued\u00f3 una muy linda experiencia&#8221;.<\/p>\n<\/div>\n<div class=\"sc-80531b6b-0 chRIGJ container-text text-embed\">\n<p>No hizo inferiores, <strong>pero en San Telmo cuando lo vieron quedaron maravillados<\/strong>.<\/p>\n<\/div>\n<div class=\"sc-80531b6b-0 chRIGJ container-text text-embed\">\n<p>Toto, adem\u00e1s, sabe lo que es esforzarse para cumplir un objetivo. En sus primeros a\u00f1os en la primera del club no le toc\u00f3 jugar tanto como quer\u00eda, sin embargo va a estar agradecido con San Telmo toda su vida. Hay varios aspectos de su carrera que dejaron una marca especial, uno de ellos es haber participado del ascenso de los Candomberos, y otro es la constante comparaci\u00f3n con uno de sus \u00eddolos, <strong>Juan Rom\u00e1n Riquelme<\/strong>.<\/p>\n<\/div>\n<div class=\"sc-198be8ec-0 cynXbu image-embed  image-embed \"><picture class=\"sc-198be8ec-1 kOjRiQ\"><source media=\"(min-width: 975px)\" width=\"720\" height=\"480\" \/><img alt=\"Adri\u00e1n Fern\u00e1ndez fue una de las figuras claves de San Telmo.\" loading=\"lazy\" width=\"720\" height=\"480\" decoding=\"async\" data-nimg=\"1\" style=\"color:transparent\" src=\"https:\/\/13.com.ar\/wp-content\/uploads\/2025\/01\/Quien-es-Toto-Fernandez-el-Riquelme-de-la-B-que.jpg\"\/><span class=\"epigraphe\">Adri\u00e1n Fern\u00e1ndez fue una de las figuras claves de San Telmo.<\/span><span class=\"bkg\"\/><span class=\"picture-open\"><button class=\"open-image\" aria-label=\"Open Image\"\/><\/span><\/picture><\/div>\n<div class=\"sc-80531b6b-0 chRIGJ container-text text-embed\">\n<p>&#8220;Me han dicho que mi estilo de juego es parecido al de Riquelme, <strong>pero me da un poco de verg\u00fcenza que me comparen con el mejor 10 del f\u00fatbol argentino<\/strong>&#8220;, brome\u00f3 Toto.<\/p>\n<\/div>\n<div class=\"sc-80531b6b-0 chRIGJ container-text text-embed\">\n<p>No solo idolatra a Riquelme, sino tambi\u00e9n a otros jugadores como <strong>Juan Fernando Quintero<\/strong> o <strong>Giovani Moreno<\/strong> y reconoce que hoy hay muy buenos mediocampistas. &#8220;Ves a Rub\u00e9n Botta y a Hern\u00e1n L\u00f3pez Mu\u00f1oz y son incre\u00edblemente buenos&#8221;, coment\u00f3. A nivel internacional tiene como referente a<strong> Enzo Fern\u00e1ndez<\/strong>.<\/p>\n<\/div>\n<div class=\"sc-80531b6b-0 chRIGJ container-text text-embed\">\n<p>A pesar de seguir a jugadores de Boca, River y Racing, Adri\u00e1n prefiere no decir de que club es hincha. &#8220;<strong>Soy hincha del club en donde estoy<\/strong>&#8220;. Por ende, por el pr\u00f3ximo a\u00f1o ser\u00e1 hincha de La Academia<\/p>\n<\/div>\n<\/div>\n<p><br \/>\n<br \/><a href=\"https:\/\/www.clarin.com\/deportes\/toto-fernandez-riquelme-b-atendia-almacen-suma-racing-costas_0_HkwvdaORex.html\">Fuente Clarin.com <\/a><\/p>\n","protected":false},"excerpt":{"rendered":"<p>Racing est\u00e1 terminando de cerrar su cuarta incorporaci\u00f3n en este mercado de pases tras haber acordado de palabra la llegada de Adri\u00e1n &#8216;Toto&#8217; Fern\u00e1ndez desde Pe\u00f1arol. El mediocampista, a quien apodan &#8220;el Riquelme del Ascenso&#8221;, aterriz\u00f3 el lunes en Buenos Aires y esta ma\u00f1ana se realiz\u00f3 la revisi\u00f3n m\u00e9dica para convertirse en la nueva apuesta [&hellip;]<\/p>\n","protected":false},"author":1,"featured_media":13,"comment_status":"open","ping_status":"open","sticky":false,"template":"","format":"standard","meta":{"footnotes":""},"categories":[2],"tags":[8,7,11,5,3,10,6,9,4],"class_list":["post-12","post","type-post","status-publish","format-standard","has-post-thumbnail","hentry","category-ultimas-noticias","tag-almacen","tag-atendia","tag-costas","tag-fernandez","tag-quien","tag-racing","tag-riquelme","tag-suma","tag-toto"],"_links":{"self":[{"href":"https:\/\/13.com.ar\/index.php\/wp-json\/wp\/v2\/posts\/12","targetHints":{"allow":["GET"]}}],"collection":[{"href":"https:\/\/13.com.ar\/index.php\/wp-json\/wp\/v2\/posts"}],"about":[{"href":"https:\/\/13.com.ar\/index.php\/wp-json\/wp\/v2\/types\/post"}],"author":[{"embeddable":true,"href":"https:\/\/13.com.ar\/index.php\/wp-json\/wp\/v2\/users\/1"}],"replies":[{"embeddable":true,"href":"https:\/\/13.com.ar\/index.php\/wp-json\/wp\/v2\/comments?post=12"}],"version-history":[{"count":0,"href":"https:\/\/13.com.ar\/index.php\/wp-json\/wp\/v2\/posts\/12\/revisions"}],"wp:featuredmedia":[{"embeddable":true,"href":"https:\/\/13.com.ar\/index.php\/wp-json\/wp\/v2\/media\/13"}],"wp:attachment":[{"href":"https:\/\/13.com.ar\/index.php\/wp-json\/wp\/v2\/media?parent=12"}],"wp:term":[{"taxonomy":"category","embeddable":true,"href":"https:\/\/13.com.ar\/index.php\/wp-json\/wp\/v2\/categories?post=12"},{"taxonomy":"post_tag","embeddable":true,"href":"https:\/\/13.com.ar\/index.php\/wp-json\/wp\/v2\/tags?post=12"}],"curies":[{"name":"wp","href":"https:\/\/api.w.org\/{rel}","templated":true}]}}