{"id":11840,"date":"2025-03-14T16:21:33","date_gmt":"2025-03-14T19:21:33","guid":{"rendered":"https:\/\/13.com.ar\/index.php\/tiene-16-anos-y-pide-ayuda-para-viajar-a-mexico-a-un-mundial-amateur\/"},"modified":"2025-03-14T16:21:33","modified_gmt":"2025-03-14T19:21:33","slug":"tiene-16-anos-y-pide-ayuda-para-viajar-a-mexico-a-un-mundial-amateur","status":"publish","type":"post","link":"https:\/\/13.com.ar\/index.php\/tiene-16-anos-y-pide-ayuda-para-viajar-a-mexico-a-un-mundial-amateur\/","title":{"rendered":"Tiene 16 a\u00f1os y pide ayuda para viajar a M\u00e9xico a un mundial amateur"},"content":{"rendered":"<p> <br \/>\n<br \/><img decoding=\"async\" src=\"https:\/\/13.com.ar\/wp-content\/uploads\/2025\/03\/Tiene-16-anos-y-pide-ayuda-para-viajar-a-Mexico.jpg\" \/><\/p>\n<div>\n<p><strong>Rom\u00e1n Araya<\/strong> es el joven de 16 a\u00f1os de <strong>Pablo Podest\u00e1<\/strong> que est\u00e1 juntando fondos para competir en el campeonato amateur del<strong> Consejo Mundial de Boxeo <\/strong>en <strong>M\u00e9xico<\/strong>, del 26 al 29 de marzo. Para poder viajar y competir necesita juntar $1.500.000, de los cuales logr\u00f3 juntar hasta ahora $300.000.<\/p>\n<\/div>\n<div>\n<p>Hoy entrena todos los d\u00edas de 9 a 12 para la competencia en doble turno y as\u00ed llegar en su mejor estado. Rom\u00e1n cursa su tercer a\u00f1o del secundario en el turno noche para poder cumplir con la preparaci\u00f3n f\u00edsica. .<\/p>\n<\/div>\n<div>\n<p>A trav\u00e9s de las redes sociales, la familia de Rom\u00e1n busca la colaboraci\u00f3n de la gente para llegar a M\u00e9xico y disputar un t\u00edtulo amateur internacional. El boxeador del Oeste no cuenta con sponsors ni ayuda oficial para solventar el viaje.<\/p>\n<\/div>\n<div>\n<p>Los pasajes para viajar a M\u00e9xico ya significan de 600 a 700 d\u00f3lares, a esto hay que sumarle los vi\u00e1ticos para los cuatro d\u00edas de competencia, lo que sube el n\u00famero a $1.500.000 aproximadamente. &#8220;Somos siete en casa y vivimos de las changas, por lo que tomamos la decisi\u00f3n de hacer la campa\u00f1a para que la gente nos ayude con lo que sea. $1, $2 o $5. Todo suma y nos viene bien&#8221;, explic\u00f3 \u00c1ngeles, la madre de Rom\u00e1n, a un medio local.<\/p>\n<\/div>\n<div>\n<p>El <strong>Consejo Mundial de Boxeo<\/strong> (<strong>WBC<\/strong>, por sus siglas en ingl\u00e9s) es una organizaci\u00f3n internacional de boxeo profesional fundada en 1963, con su sede central en la Ciudad de M\u00e9xico. Es una de las cuatro principales que reglamenta los combates de boxeo profesional, junto con la Asociaci\u00f3n <strong>Mundial de Boxeo (AMB), la Federaci\u00f3n Internacional de Boxeo (FIB)<\/strong> y la <strong>Organizaci\u00f3n Mundial de Boxeo (OMB)<\/strong>.<\/p>\n<\/div>\n<div>\n<p>\u201cLa gente me puede ayudar transfiriendo con lo que pueda. Hicimos algunos sorteos tambi\u00e9n, pero como mi pap\u00e1 hoy est\u00e1 sin trabajo, no tenemos forma de invertir para hacer algo m\u00e1s\u201d, se\u00f1ala el joven boxeador.<\/p>\n<\/div>\n<div>\n<p>Y agrega. \u201cObviamente que la ayuda puede ser de cualquier forma compartiendo la imagen o donando lo que cada uno pueda\u201d. Quienes quieran cooperar para el viaje de Rom\u00e1n pueden transferir al alias <strong>daniyangie1<\/strong>.<\/p>\n<\/div>\n<div>\n<p>El joven de <strong>Tres de Febrero <\/strong>empez\u00f3 a entrenar boxeo cuando ten\u00eda 6 a\u00f1os y espera poder competir de forma profesional en el futuro. \u201cMi pap\u00e1 es fan\u00e1tico y es normal el ambiente del boxeo en mi casa\u201d, explica acerca de como conoci\u00f3 su pasi\u00f3n por este deporte.<\/p>\n<\/div>\n<div>\n<p>Su primera pelea fue a los 11 a\u00f1os, pero arranc\u00f3 a competir dentro del amateurismo el a\u00f1o pasado junto al equipo de <strong>Juan Rechimuzzi,<\/strong> cuatro veces T\u00e9cnico Campe\u00f3n del Consejo Mundial de Boxeo Amateur. Para esta edici\u00f3n de la WBC, Rechimuzzi lleva a 4 boxeadores argentinos a competir en M\u00e9xico.<\/p>\n<\/div>\n<p><br \/>\n<br \/><a href=\"https:\/\/www.clarin.com\/zonales\/16-anos-pide-ayuda-viajar-mexico-mundial-amateur_0_xlbepOthAQ.html\">Fuente Clarin.com <\/a><\/p>\n","protected":false},"excerpt":{"rendered":"<p>Rom\u00e1n Araya es el joven de 16 a\u00f1os de Pablo Podest\u00e1 que est\u00e1 juntando fondos para competir en el campeonato amateur del Consejo Mundial de Boxeo en M\u00e9xico, del 26 al 29 de marzo. Para poder viajar y competir necesita juntar $1.500.000, de los cuales logr\u00f3 juntar hasta ahora $300.000. Hoy entrena todos los d\u00edas [&hellip;]<\/p>\n","protected":false},"author":1,"featured_media":11841,"comment_status":"open","ping_status":"open","sticky":false,"template":"","format":"standard","meta":{"footnotes":""},"categories":[2],"tags":[6464,636,117,184,1612,16,1278,1486,247],"class_list":["post-11840","post","type-post","status-publish","format-standard","has-post-thumbnail","hentry","category-ultimas-noticias","tag-amateur","tag-anos","tag-ayuda","tag-mexico","tag-mundial","tag-para","tag-pide","tag-tiene","tag-viajar"],"_links":{"self":[{"href":"https:\/\/13.com.ar\/index.php\/wp-json\/wp\/v2\/posts\/11840","targetHints":{"allow":["GET"]}}],"collection":[{"href":"https:\/\/13.com.ar\/index.php\/wp-json\/wp\/v2\/posts"}],"about":[{"href":"https:\/\/13.com.ar\/index.php\/wp-json\/wp\/v2\/types\/post"}],"author":[{"embeddable":true,"href":"https:\/\/13.com.ar\/index.php\/wp-json\/wp\/v2\/users\/1"}],"replies":[{"embeddable":true,"href":"https:\/\/13.com.ar\/index.php\/wp-json\/wp\/v2\/comments?post=11840"}],"version-history":[{"count":0,"href":"https:\/\/13.com.ar\/index.php\/wp-json\/wp\/v2\/posts\/11840\/revisions"}],"wp:featuredmedia":[{"embeddable":true,"href":"https:\/\/13.com.ar\/index.php\/wp-json\/wp\/v2\/media\/11841"}],"wp:attachment":[{"href":"https:\/\/13.com.ar\/index.php\/wp-json\/wp\/v2\/media?parent=11840"}],"wp:term":[{"taxonomy":"category","embeddable":true,"href":"https:\/\/13.com.ar\/index.php\/wp-json\/wp\/v2\/categories?post=11840"},{"taxonomy":"post_tag","embeddable":true,"href":"https:\/\/13.com.ar\/index.php\/wp-json\/wp\/v2\/tags?post=11840"}],"curies":[{"name":"wp","href":"https:\/\/api.w.org\/{rel}","templated":true}]}}