{"id":11838,"date":"2025-03-14T16:18:29","date_gmt":"2025-03-14T19:18:29","guid":{"rendered":"https:\/\/13.com.ar\/index.php\/la-inflacion-de-febrero-fue-del-24-segun-el-indec\/"},"modified":"2025-03-14T16:18:29","modified_gmt":"2025-03-14T19:18:29","slug":"la-inflacion-de-febrero-fue-del-24-segun-el-indec","status":"publish","type":"post","link":"https:\/\/13.com.ar\/index.php\/la-inflacion-de-febrero-fue-del-24-segun-el-indec\/","title":{"rendered":"La inflaci\u00f3n de febrero fue del 2,4%, seg\u00fan el INDEC"},"content":{"rendered":"<p> <br \/>\n<br \/><img decoding=\"async\" src=\"https:\/\/13.com.ar\/wp-content\/uploads\/2025\/03\/La-inflacion-de-febrero-fue-del-24-segun-el-INDEC.jpg\" \/><\/p>\n<div id=\"cuerpo\">\n<div class=\"sc-80531b6b-0 chRIGJ container-text text-embed\">\n<p><strong>La inflaci\u00f3n de febrero fue del 2,4%,<\/strong> seg\u00fan lo informado este viernes por el Instituto Nacional de Estad\u00edstica y Censos (INDEC). En enero se hab\u00eda ubicado en 2,2%, el n\u00famero m\u00e1s bajo desde julio de 2020.<\/p>\n<\/div>\n<div class=\"sc-80531b6b-0 chRIGJ container-text text-embed\">\n<p>La variaci\u00f3n interanual, en tanto, fue del<strong> 66,9%.<\/strong> Representa una fuerte baja con respecto a enero, cuando se hab\u00eda registrado 84,5%. La disminuci\u00f3n se debe a la salida en ese c\u00e1lculo del \u00edndice de enero de 2024, del 20,6% mensual.<\/p>\n<\/div>\n<div class=\"sc-80531b6b-0 chRIGJ container-text text-embed\">\n<p>La inflaci\u00f3n acumulada en 2025, en tanto, es del 4,7%.<\/p>\n<\/div>\n<div class=\"sc-80531b6b-0 chRIGJ container-text text-embed\">\n<p>Los especialistas anticipaban un aumento para el \u00edndice mensual de febrero con respecto al 2,2% de enero. Reportes privados estimaban que se ubicar\u00eda entre 2,3% y 2,7%.<\/p>\n<\/div>\n<div class=\"sc-80531b6b-0 chRIGJ container-text text-embed\">\n<p>La divisi\u00f3n de mayor aumento en el mes fue Vivienda, agua, electricidad, gas y otros combustibles (3,7%), por subas en Alquiler de la vivienda y gastos conexos y Electricidad, gas y otros combustibles. Le sigui\u00f3 <strong>Alimentos y bebidas no alcoh\u00f3licas (3,2%),<\/strong> principalmente por incrementos en Carnes y derivados. <\/p>\n<\/div>\n<p><h2>Inflaci\u00f3n de febrero 2025: los n\u00fameros de todos los rubros<\/h2>\n<\/p>\n<div class=\"sc-80531b6b-0 chRIGJ container-text text-embed\">\n<p>Recreaci\u00f3n y Cultura y Bienes y Servicios varios, en tanto, subieron 2,9%. M\u00e1s atr\u00e1s se ubicaron Restaurantes y hoteles, Educaci\u00f3n y Comunicaci\u00f3n, con 2,3%. La variaci\u00f3n mensual en Salud fue del 2,1%, en Transporte fue 1,7%, Bebidas alcoh\u00f3licas y tabaco 1,3%, Equipamiento y mantenimiento del hogar 1% y Prendas de vestir y calzado 0,4%.<\/p>\n<\/div>\n<div class=\"sc-80531b6b-0 chRIGJ container-text text-embed\">\n<p>Adem\u00e1s, el INDEC detall\u00f3 las <strong>variaciones mensuales en cada regi\u00f3n de la Argentina.<\/strong> La Patagonia fue la que registr\u00f3 un n\u00famero m\u00e1s alto: 3,2%. Por encima del total nacional tambi\u00e9n se ubicaron Cuyo (2,7%), Noroeste (2,6%) y la Regi\u00f3n Pampeana (2,5%). Por debajo de ese nivel estuvieron el Gran Buenos Aires (2,2%) y el Noreste (1,9%).<\/p>\n<\/div>\n<div class=\"sc-80531b6b-0 chRIGJ container-text text-embed\">\n<p>El dato a nivel nacional se conoce dos d\u00edas despu\u00e9s de que la inflaci\u00f3n de febrero en la Ciudad registrara una fuerte baja. <strong>Fue del 2,1%<\/strong>. En ese caso, el retroceso se explic\u00f3 en buena medida por un factor estacional, la baja del 4,8% en los servicios vinculados al turismo, y pese al fuerte aumento de los precios de la carne.<\/p>\n<\/div>\n<div class=\"sc-80531b6b-0 chRIGJ container-text text-embed\">\n<p>As\u00ed, acumula en los primeros dos meses del a\u00f1o una suba de 5,3% y una trayectoria interanual del 79,4%, seg\u00fan el Instituto de Estad\u00edstica y Censos porte\u00f1o.<\/p>\n<\/div>\n<\/div>\n<p><br \/>\n<br \/><a href=\"https:\/\/www.clarin.com\/economia\/inflacion-febrero-24-indec_0_FhPBrjjvHD.html\">Fuente Clarin.com <\/a><\/p>\n","protected":false},"excerpt":{"rendered":"<p>La inflaci\u00f3n de febrero fue del 2,4%, seg\u00fan lo informado este viernes por el Instituto Nacional de Estad\u00edstica y Censos (INDEC). En enero se hab\u00eda ubicado en 2,2%, el n\u00famero m\u00e1s bajo desde julio de 2020. La variaci\u00f3n interanual, en tanto, fue del 66,9%. Representa una fuerte baja con respecto a enero, cuando se hab\u00eda [&hellip;]<\/p>\n","protected":false},"author":1,"featured_media":11839,"comment_status":"open","ping_status":"open","sticky":false,"template":"","format":"standard","meta":{"footnotes":""},"categories":[2],"tags":[100,1823,105,6503,1544,227],"class_list":["post-11838","post","type-post","status-publish","format-standard","has-post-thumbnail","hentry","category-ultimas-noticias","tag-del","tag-febrero","tag-fue","tag-indec","tag-inflacion","tag-segun"],"_links":{"self":[{"href":"https:\/\/13.com.ar\/index.php\/wp-json\/wp\/v2\/posts\/11838","targetHints":{"allow":["GET"]}}],"collection":[{"href":"https:\/\/13.com.ar\/index.php\/wp-json\/wp\/v2\/posts"}],"about":[{"href":"https:\/\/13.com.ar\/index.php\/wp-json\/wp\/v2\/types\/post"}],"author":[{"embeddable":true,"href":"https:\/\/13.com.ar\/index.php\/wp-json\/wp\/v2\/users\/1"}],"replies":[{"embeddable":true,"href":"https:\/\/13.com.ar\/index.php\/wp-json\/wp\/v2\/comments?post=11838"}],"version-history":[{"count":0,"href":"https:\/\/13.com.ar\/index.php\/wp-json\/wp\/v2\/posts\/11838\/revisions"}],"wp:featuredmedia":[{"embeddable":true,"href":"https:\/\/13.com.ar\/index.php\/wp-json\/wp\/v2\/media\/11839"}],"wp:attachment":[{"href":"https:\/\/13.com.ar\/index.php\/wp-json\/wp\/v2\/media?parent=11838"}],"wp:term":[{"taxonomy":"category","embeddable":true,"href":"https:\/\/13.com.ar\/index.php\/wp-json\/wp\/v2\/categories?post=11838"},{"taxonomy":"post_tag","embeddable":true,"href":"https:\/\/13.com.ar\/index.php\/wp-json\/wp\/v2\/tags?post=11838"}],"curies":[{"name":"wp","href":"https:\/\/api.w.org\/{rel}","templated":true}]}}