{"id":11836,"date":"2025-03-14T15:50:49","date_gmt":"2025-03-14T18:50:49","guid":{"rendered":"https:\/\/13.com.ar\/index.php\/busca-desligar-su-responsabilidad-inventando-lo-que-no-paso\/"},"modified":"2025-03-14T15:50:49","modified_gmt":"2025-03-14T18:50:49","slug":"busca-desligar-su-responsabilidad-inventando-lo-que-no-paso","status":"publish","type":"post","link":"https:\/\/13.com.ar\/index.php\/busca-desligar-su-responsabilidad-inventando-lo-que-no-paso\/","title":{"rendered":"Busca desligar su responsabilidad inventando lo que no pas\u00f3"},"content":{"rendered":"<p> <br \/>\n<br \/><img decoding=\"async\" src=\"https:\/\/13.com.ar\/wp-content\/uploads\/2025\/03\/Busca-desligar-su-responsabilidad-inventando-lo-que-no-paso.jpg\" \/><\/p>\n<div id=\"cuerpo\">\n<div class=\"sc-80531b6b-0 chRIGJ container-text text-embed\">\n<p>El intendente de <strong>La Matanza<\/strong>, <strong>Fernando Espinoza <\/strong>sali\u00f3 a responderle a la ministra de Seguridad Nacional, <strong>Patricia Bullrich<\/strong> que los acus\u00f3 a \u00e9l y al jefe comunal de <strong>Lomas de Zamora, Federico Oterm\u00edn<\/strong>, de estar detr\u00e1s de las personas que causaron disturbios en la marcha de reclamo de los jubilados. &#8220;<strong>Con mentiras, Bullrich quiere desviar la atenci\u00f3n sobre la salvaje represi\u00f3n que orden\u00f3<\/strong>&#8220;, sostuvo el intendente peronista.<\/p>\n<\/div>\n<div class=\"sc-80531b6b-0 chRIGJ container-text text-embed\">\n<p>&#8220;La ministra Patricia Bullrich, lanz\u00f3 acusaciones medi\u00e1ticas y present\u00f3 una denuncia en la que dice que, cuando la Justicia se las pida, aportar\u00e1 pruebas, las que deber\u00edan haber acompa\u00f1ado a la presentaci\u00f3n judicial excepto que <strong>v\u00eda fake news las est\u00e9 produciendo ahora<\/strong>&#8220;, destac\u00f3 Espinoza mediante un comunicado del Municipio de La Matanza.<\/p>\n<\/div>\n<div class=\"sc-80531b6b-0 chRIGJ container-text text-embed\">\n<p>&#8220;Sin aportar ni una sola prueba y con vagas referencias a medios de comunicaci\u00f3n, la ministra de Seguridad de Milei trata de ocultar la terrible represi\u00f3n que el gobierno orden\u00f3. El objetivo fue <strong>pegar, gasear y llenar de balazos de goma<\/strong> a la gente, lo que termin\u00f3 con un joven fot\u00f3grafo de Lan\u00fas, Pablo Grillo, luchando por su vida y con una jubilada de 81 a\u00f1os con graves heridas en la cabeza al ser golpeada por un polic\u00eda y sufrir una fuerte ca\u00edda&#8221;, agreg\u00f3 el jefe comunal.<\/p>\n<\/div>\n<div class=\"sc-80531b6b-0 chRIGJ container-text text-embed\">\n<p>&#8220;Bullrich, acus\u00f3, primero p\u00fablicamente y ahora difundiendo una denuncia, a nuestro municipio con absoluta falsedad, de haber convocado y organizado a grupos que fueron mandados a cometer desmanes. Bullrich busca desligar su responsabilidad inventando lo que no pas\u00f3, como es habitual en los libertarios&#8221;, remarc+o Espinoza este viernes.<\/p>\n<\/div>\n<div class=\"sc-106e49c0-0 dcVumd freeHtml-embed undefined\">\n<blockquote class=\"twitter-tweet\">\n<p lang=\"es\" dir=\"ltr\">La ministra Patricia Bullrich, lanz\u00f3 acusaciones medi\u00e1ticas y present\u00f3 una denuncia en la que dice que, cuando la Justicia se las pida, aportar\u00e1 pruebas, las que deber\u00edan haber acompa\u00f1ado a la presentaci\u00f3n judicial excepto que v\u00eda fake news las est\u00e9 produciendo ahora.<\/p>\n<p>\u2014 Fernando Espinoza (@FerEspinozaOK) <a rel=\"nofollow\" target=\"_blank\" href=\"https:\/\/twitter.com\/FerEspinozaOK\/status\/1900582266008391860?ref_src=twsrc%5Etfw\">March 14, 2025<\/a><\/p><\/blockquote>\n<\/div>\n<div class=\"sc-80531b6b-0 chRIGJ container-text text-embed\">\n<p>Y remat\u00f3: &#8220;Pues bien, cuando quede absolutamente claro que es todo un invento para justificar la represi\u00f3n salvaje de anteayer, esperamos que la Ministra haga una conferencia de prensa y cuente c\u00f3mo le fue en la justicia con este invento&#8221;.<\/p>\n<\/div>\n<div class=\"sc-80531b6b-0 chRIGJ container-text text-embed\">\n<p>As\u00ed, sali\u00f3 a contestarle a Patricia Bullrich, que el jueves hab\u00eda apuntado contra \u00e9l y contra Otermin por el financiamiento de la marcha.<\/p>\n<\/div>\n<div class=\"sc-80531b6b-0 chRIGJ container-text text-embed\">\n<p>&#8220;La organizaci\u00f3n de la movilizaci\u00f3n, destinada -seg\u00fan lo informado por diversos medios period\u00edsticos- a &#8216;provocar disturbios&#8217; enfrentando a la polic\u00eda y generar &#8216;represi\u00f3n&#8217;, implicar\u00eda la participaci\u00f3n de los intendentes de La Matanza y de Lomas de Zamora, debido a que -como dijimos- en sus municipios se concentraron una parte de los manifestantes que concurrieron a la Plaza de los Dos Congresos y tenemos elementos de juicio que permiten sostener que han financiado la movilizaci\u00f3n&#8221;, asegur\u00f3 la ministra de Seguridad.<\/p>\n<\/div>\n<div class=\"sc-c2c2a3c6-0 ecgiEX border-video video-embed horizontal border-video video-embed horizontal\">\n<div class=\"sc-c2c2a3c6-1 kQhBlc videoText videoText\">\n<h2>Video<\/h2>\n<p>Bullrich dio detalles de los municipios implicados<\/p>\n<\/div>\n<\/div>\n<div class=\"sc-80531b6b-0 chRIGJ container-text text-embed\">\n<p>&#8220;Que no vengan a decir los intendentes que no sab\u00edan, era una mezcla de barrabravas, militantes de organizaciones pol\u00edticas, famosos piqueteros, y hasta habl\u00f3 una de las personas que dirigi\u00f3 una organizaci\u00f3n terrorista en Argentina&#8221;, agreg\u00f3 en referencia al video de Mario Firmenich, de Montoneros, que convoc\u00f3 a movilizar.<\/p>\n<\/div>\n<div class=\"sc-80531b6b-0 chRIGJ container-text text-embed\">\n<p>Adem\u00e1s, la ministra de Seguridad Nacional tambi\u00e9n dio un nombre como el &#8220;m\u00e1ximo organizador&#8221;. La funcionaria apunt\u00f3 a Leandro Capriotti como &#8220;el m\u00e1ximo organizador&#8221; de la movilizaci\u00f3n del mi\u00e9rcoles y dijo que es un &#8220;amigo y protegido&#8221; del hist\u00f3rico dirigente sindical gastron\u00f3mico Luis Barrionuevo.<\/p>\n<\/div>\n<div class=\"sc-80531b6b-0 chRIGJ container-text text-embed\">\n<p>&#8220;La situaci\u00f3n fue de extrem\u00edsima gravedad, fue de personas que vinieron armadas con armas de fuego, tenemos detenidos con armas blanca, encontramos clavos miguelito para pinchar las gomas de motos, patrulleros o de los elementos que se utilizaron&#8221;, dijo Bullrich.<\/p>\n<\/div>\n<div class=\"sc-80531b6b-0 chRIGJ container-text text-embed\">\n<p>Bullrich tambi\u00e9n critic\u00f3 a la jueza Karina Andrade por haber liberado a los detenidos tras los incidentes, los cuales -seg\u00fan dijo- muchos ten\u00eda antecedentes. Y aclar\u00f3 que a\u00fan permanecen detenidos 5 personas con causas como con robos agravados y secuestros.<\/p>\n<\/div>\n<div class=\"sc-80531b6b-0 chRIGJ container-text text-embed\">\n<p>&#8220;De ninguna manera nosotros aceptamos que una jueza contravencional de la Ciudad de Buenos Aires haya liberado y planteado que los violentos que rompieron todo el d\u00eda de ayer hayan ido a defender derechos, el que va a defender derechos canta y tiene otra actitud, el que va con una molotov a romper absolutamente todo, esa persona tiene un objetivo que es la desestabilizaci\u00f3n&#8221;, enfatiz\u00f3.<\/p>\n<\/div>\n<\/div>\n<p><script async src=\"\/\/platform.twitter.com\/widgets.js\" charset=\"utf-8\"><\/script><br \/>\n<br \/><br \/>\n<br \/><a href=\"https:\/\/www.clarin.com\/politica\/intendente-matanza-contesto-acusaciones-patricia-bullrich-marcha-violenta-busca-desligar-responsabilidad-inventando-paso_0_4glWiMRGXJ.html\">Fuente Clarin.com <\/a><\/p>\n","protected":false},"excerpt":{"rendered":"<p>El intendente de La Matanza, Fernando Espinoza sali\u00f3 a responderle a la ministra de Seguridad Nacional, Patricia Bullrich que los acus\u00f3 a \u00e9l y al jefe comunal de Lomas de Zamora, Federico Oterm\u00edn, de estar detr\u00e1s de las personas que causaron disturbios en la marcha de reclamo de los jubilados. &#8220;Con mentiras, Bullrich quiere desviar [&hellip;]<\/p>\n","protected":false},"author":1,"featured_media":11837,"comment_status":"open","ping_status":"open","sticky":false,"template":"","format":"standard","meta":{"footnotes":""},"categories":[2],"tags":[672,11751,11752,158,4349],"class_list":["post-11836","post","type-post","status-publish","format-standard","has-post-thumbnail","hentry","category-ultimas-noticias","tag-busca","tag-desligar","tag-inventando","tag-paso","tag-responsabilidad"],"_links":{"self":[{"href":"https:\/\/13.com.ar\/index.php\/wp-json\/wp\/v2\/posts\/11836","targetHints":{"allow":["GET"]}}],"collection":[{"href":"https:\/\/13.com.ar\/index.php\/wp-json\/wp\/v2\/posts"}],"about":[{"href":"https:\/\/13.com.ar\/index.php\/wp-json\/wp\/v2\/types\/post"}],"author":[{"embeddable":true,"href":"https:\/\/13.com.ar\/index.php\/wp-json\/wp\/v2\/users\/1"}],"replies":[{"embeddable":true,"href":"https:\/\/13.com.ar\/index.php\/wp-json\/wp\/v2\/comments?post=11836"}],"version-history":[{"count":0,"href":"https:\/\/13.com.ar\/index.php\/wp-json\/wp\/v2\/posts\/11836\/revisions"}],"wp:featuredmedia":[{"embeddable":true,"href":"https:\/\/13.com.ar\/index.php\/wp-json\/wp\/v2\/media\/11837"}],"wp:attachment":[{"href":"https:\/\/13.com.ar\/index.php\/wp-json\/wp\/v2\/media?parent=11836"}],"wp:term":[{"taxonomy":"category","embeddable":true,"href":"https:\/\/13.com.ar\/index.php\/wp-json\/wp\/v2\/categories?post=11836"},{"taxonomy":"post_tag","embeddable":true,"href":"https:\/\/13.com.ar\/index.php\/wp-json\/wp\/v2\/tags?post=11836"}],"curies":[{"name":"wp","href":"https:\/\/api.w.org\/{rel}","templated":true}]}}