{"id":11835,"date":"2025-03-14T15:47:31","date_gmt":"2025-03-14T18:47:31","guid":{"rendered":"https:\/\/13.com.ar\/index.php\/tini-stoessel-alento-a-rodrigo-de-paul-en-la-cancha-y-reavivo-los-rumores-de-reconciliacion\/"},"modified":"2025-03-14T15:47:31","modified_gmt":"2025-03-14T18:47:31","slug":"tini-stoessel-alento-a-rodrigo-de-paul-en-la-cancha-y-reavivo-los-rumores-de-reconciliacion","status":"publish","type":"post","link":"https:\/\/13.com.ar\/index.php\/tini-stoessel-alento-a-rodrigo-de-paul-en-la-cancha-y-reavivo-los-rumores-de-reconciliacion\/","title":{"rendered":"Tini Stoessel alent\u00f3 a Rodrigo de Paul en la cancha y reaviv\u00f3 los rumores de reconciliaci\u00f3n"},"content":{"rendered":"<p> <br \/>\n<\/p>\n<div id=\"cuerpo\">\n<div class=\"sc-80531b6b-0 chRIGJ container-text text-embed\">\n<p><strong>Tini Stoessel <\/strong>viaj\u00f3 a Madrid tras su paso por la Semana de la Moda en Par\u00eds y, en medio de rumores de reconciliaci\u00f3n con Rodrigo de Paul,<strong> asisti\u00f3 al Estadio Metropolitano para demostrarle su apoyo al jugador <\/strong>durante los octavos de final por Champions League.<\/p>\n<\/div>\n<div class=\"sc-80531b6b-0 chRIGJ container-text text-embed\">\n<p>Si bien, a finales de 2024, la cantante se vio envuelta en versiones de romance con la trapera puertorrique\u00f1a Young Miko, debido a varios intercambios coquetos, curiosas coincidencias en redes sociales y salidas en las que se las vio juntas. <strong>Hoy, estar\u00eda d\u00e1ndose una nueva oportunidad con el futbolista. <\/strong><\/p>\n<\/div>\n<div class=\"sc-80531b6b-0 chRIGJ container-text text-embed\">\n<p>Seg\u00fan trascendi\u00f3, el primer encuentro entre Tini y Rodrigo que dej\u00f3 en evidencia su acercamiento habr\u00eda tenido lugar en Par\u00eds a principios de marzo. Fue la cuenta de Instagram <em>@lomaspopucom<\/em> que public\u00f3 una postal en la cual se los ve\u00eda paseando juntos por las calles de la capital francesa. <strong>&#8220;Si, gente! Son Tini y Rodri de Paul<\/strong>&#8220;, escribi\u00f3 la usuaria.<\/p>\n<\/div>\n<div class=\"sc-80531b6b-0 chRIGJ container-text text-embed\">\n<p>En la imagen se los puede ver de espaldas mientras sal\u00edan de un centro comercial en el centro de la capital francesa. Por su parte, Rodrigo de Paul llevaba una remera blanca b\u00e1sica de manga corta, un gorro de lana negro y lentes de sol rectangulares, mientras que Tini opt\u00f3 por una gorra verde oliva con visera.<\/p>\n<\/div>\n<div class=\"sc-98b114a2-0 bkqiHH image-embed  image-embed \"><picture class=\"sc-98b114a2-1 jRUlDm\"><source media=\"(min-width: 975px)\" width=\"720\" height=\"480\" \/><img alt=\"Tini Stoessel y Rodrigo de Paul se habr\u00edan reunido en Europa a comienzos de marzo. | Foto: Instagram\" loading=\"lazy\" width=\"720\" height=\"480\" decoding=\"async\" data-nimg=\"1\" style=\"color:transparent\" src=\"https:\/\/13.com.ar\/wp-content\/uploads\/2025\/03\/1740844912_139_\u00bfVolvieron-Rodrigo-de-Paul-y-Tini-Stoessel-La-foto-que.jpg\"\/><span class=\"epigraphe\">Tini Stoessel y Rodrigo de Paul se habr\u00edan reunido en Europa a comienzos de marzo. | Foto: Instagram<\/span><span class=\"picture-open\"><button class=\"open-image\" aria-label=\"Open Image\"\/><\/span><\/picture><\/div>\n<div class=\"sc-80531b6b-0 chRIGJ container-text text-embed\">\n<p>Adem\u00e1s, de acuerdo a la periodista Sof\u00eda Kotler, la pareja tambi\u00e9n habr\u00eda pasado tiempo de calidad en Madrid al pasar la noche juntos en el departamento de De Paul, ubicado en el exclusivo barrio de Salamanca.<\/p>\n<\/div>\n<div class=\"sc-80531b6b-0 chRIGJ container-text text-embed\">\n<p>De esta manera, a tan solo pocos d\u00edas de haber sido vista en Espa\u00f1a junto al jugador de la Selecci\u00f3n Argentina,<strong> la cantante presenci\u00f3 el partido<\/strong> en el que el Atl\u00e9tico de Madrid de Diego &#8220;Cholo&#8221; Simeone cay\u00f3 ante el Real Madrid por penales. <\/p>\n<\/div>\n<div class=\"sc-98b114a2-0 bkqiHH image-embed  image-embed \"><picture class=\"sc-98b114a2-1 jRUlDm\"><source media=\"(min-width: 975px)\" width=\"720\" height=\"480\" \/><img alt=\"Tini Stoessel fue vista en el Estadio Metropolitano apoyando a Rodrigo de Paul en el partido de Champions League.\" loading=\"lazy\" width=\"720\" height=\"480\" decoding=\"async\" data-nimg=\"1\" style=\"color:transparent\" src=\"https:\/\/13.com.ar\/wp-content\/uploads\/2025\/03\/Tini-Stoessel-alento-a-Rodrigo-de-Paul-en-la-cancha.jpg\"\/><span class=\"epigraphe\">Tini Stoessel fue vista en el Estadio Metropolitano apoyando a Rodrigo de Paul en el partido de Champions League.<\/span><span class=\"picture-open\"><button class=\"open-image\" aria-label=\"Open Image\"\/><\/span><\/picture><\/div>\n<div class=\"sc-80531b6b-0 chRIGJ container-text text-embed\">\n<p>Para la especial ocasi\u00f3n, la cantante eligi\u00f3 un outfit compuesto por una camisa blanca, una campera negra de s\u00edmil cuero y el cabello recogido, un look ideal para los \u00faltimos d\u00edas de invierno en Europa antes de la llegada de la primavera.<\/p>\n<\/div>\n<div class=\"sc-80531b6b-0 chRIGJ container-text text-embed\">\n<p>Como era de esperarse, las im\u00e1genes de Stoessel en el Metropolitano se viralizaron r\u00e1pidamente en las redes sociales, reavivando las sospechas de que la cantante se estar\u00eda dando una nueva oportunidad en el amor con el jugador tras haberle puesto fin a su noviazgo de un a\u00f1o y medio en agosto de 2023. <\/p>\n<\/div>\n<p><h2>Elegancia y glamour: Tini Stoessel brill\u00f3 en la Semana de la Moda en Par\u00eds con un impactante look<\/h2>\n<\/p>\n<div class=\"sc-80531b6b-0 chRIGJ container-text text-embed\">\n<p><strong>Tini Stoessel <\/strong>no solo disfrut\u00f3 de la compa\u00f1\u00eda de Rodrigo de Paul en Europa, sino que tambi\u00e9n deslumbr\u00f3 en la Semana de la Moda Femenina de Par\u00eds 2025, celebrada del 3 al 11 de marzo.<\/p>\n<\/div>\n<div class=\"sc-80531b6b-0 chRIGJ container-text text-embed\">\n<p>El importante evento que celebr\u00f3 a los dise\u00f1adores m\u00e1s importantes en la capital francesa, se inaugur\u00f3 en el emblem\u00e1tico museo de Louvre con una cena ben\u00e9fica a la que asistieron m\u00e1s de 300 personalidades del mundo de la moda, el entretenimiento, la cultura y el arte.<\/p>\n<\/div>\n<div class=\"sc-80531b6b-0 chRIGJ container-text text-embed\">\n<p>Por su parte, La Triple T no dud\u00f3 en sumarse a la lista de celebridades que viaj\u00f3 al pa\u00eds europeo donde se realizaron los 71 desfiles y 37 presentaciones de las colecciones para la pr\u00f3xima temporada oto\u00f1o-invierno 2025\/2026.<\/p>\n<\/div>\n<div class=\"sc-80531b6b-0 chRIGJ container-text text-embed\">\n<p>A trav\u00e9s de su cuenta oficial de Instagram (<em>@tinistoessel<\/em>) donde acumula 21.2 millones de seguidores, la cantante public\u00f3 una historia en la que etiquet\u00f3 a una lujosa marca de dise\u00f1ador parisina.<\/p>\n<\/div>\n<div class=\"sc-98b114a2-0 bkqiHH image-embed  image-embed \"><picture class=\"sc-98b114a2-1 jRUlDm\"><source media=\"(min-width: 975px)\" width=\"720\" height=\"480\" \/><img alt=\"Tini Stoessel revel\u00f3 el look que eligi\u00f3 para asistir a la Semana de la Moda en Par\u00eds. | Foto: Instagram\" loading=\"lazy\" width=\"720\" height=\"480\" decoding=\"async\" data-nimg=\"1\" style=\"color:transparent\" src=\"https:\/\/13.com.ar\/wp-content\/uploads\/2025\/03\/Tini-Stoessel-brillo-en-la-Semana-de-la-Moda-en.jpg\"\/><span class=\"epigraphe\">Tini Stoessel revel\u00f3 el look que eligi\u00f3 para asistir a la Semana de la Moda en Par\u00eds. | Foto: Instagram<\/span><span class=\"picture-open\"><button class=\"open-image\" aria-label=\"Open Image\"\/><\/span><\/picture><\/div>\n<div class=\"sc-80531b6b-0 chRIGJ container-text text-embed\">\n<p>En el video que la int\u00e9rprete comparti\u00f3 en redes sociales, se la puede ver caminando por un pasillo de paredes en tono naranja pastel, luciendo un elegante e imponente vestido negro ajustado al cuerpo que destac\u00f3 por su dise\u00f1o asim\u00e9trico, con escote recto, finas tiras sobre los hombros y un sutil panel de tela transparente en la zona del abdomen.<\/p>\n<\/div>\n<div class=\"sc-98b114a2-0 bkqiHH image-embed  image-embed \"><picture class=\"sc-98b114a2-1 jRUlDm\"><source media=\"(min-width: 975px)\" width=\"720\" height=\"480\" \/><img alt=\"Tini Stoessel deslumbr\u00f3 con un imponente vestido en el desfile de Balmain en Par\u00eds. | Fotos: Instagram\" loading=\"lazy\" width=\"720\" height=\"480\" decoding=\"async\" data-nimg=\"1\" style=\"color:transparent\" src=\"https:\/\/13.com.ar\/wp-content\/uploads\/2025\/03\/1741226136_234_Tini-Stoessel-brillo-en-la-Semana-de-la-Moda-en.jpg\"\/><span class=\"epigraphe\">Tini Stoessel deslumbr\u00f3 con un imponente vestido en el desfile de Balmain en Par\u00eds. | Fotos: Instagram<\/span><span class=\"picture-open\"><button class=\"open-image\" aria-label=\"Open Image\"\/><\/span><\/picture><\/div>\n<div class=\"sc-80531b6b-0 chRIGJ container-text text-embed\">\n<p>Adem\u00e1s, en las im\u00e1genes, la cantante no solo luci\u00f3 una deslumbrante gargantilla que aport\u00f3 un toque de lujo a su look, sino que tambi\u00e9n dej\u00f3 al descubierto una larga y radiante cabellera casta\u00f1a.<\/p>\n<\/div>\n<div class=\"sc-80531b6b-0 chRIGJ container-text text-embed\">\n<p>Tras arribar al evento, como es habitual, Tini desfil\u00f3 por la alfombra roja, donde los fot\u00f3grafos capturaron su deslumbrante look. Al igual que ella, otras celebridades como la rapera estadounidense <strong>Doja Cat<\/strong> y la reconocida modelo <strong>Barbara Palvin<\/strong> tambi\u00e9n fueron protagonistas del evento. <\/p>\n<\/div>\n<div class=\"sc-98b114a2-0 bkqiHH image-embed  image-embed \"><picture class=\"sc-98b114a2-1 jRUlDm\"><source media=\"(min-width: 975px)\" width=\"720\" height=\"480\" \/><img alt=\"Tini Stoessel se encontr\u00f3 con Bad Gyal en el desfile de Balmain en Par\u00eds. | Foto: Instagram\" loading=\"lazy\" width=\"720\" height=\"480\" decoding=\"async\" data-nimg=\"1\" style=\"color:transparent\" src=\"https:\/\/13.com.ar\/wp-content\/uploads\/2025\/03\/1741226136_381_Tini-Stoessel-brillo-en-la-Semana-de-la-Moda-en.jpg\"\/><span class=\"epigraphe\">Tini Stoessel se encontr\u00f3 con Bad Gyal en el desfile de Balmain en Par\u00eds. | Foto: Instagram<\/span><span class=\"picture-open\"><button class=\"open-image\" aria-label=\"Open Image\"\/><\/span><\/picture><\/div>\n<div class=\"sc-80531b6b-0 chRIGJ container-text text-embed\">\n<p>Minutos m\u00e1s tarde, al tomar asiento, coincidi\u00f3 con la artista espa\u00f1ola <strong>Bad Gyal<\/strong>, con quien comparti\u00f3 el show y disfrut\u00f3 de la presentaci\u00f3n de la nueva colecci\u00f3n de la ic\u00f3nica firma parisina.<\/p>\n<\/div>\n<\/div>\n<p><br \/>\n<br \/><a href=\"https:\/\/www.clarin.com\/fama\/tini-stoessel-alento-rodrigo-paul-cancha-reavivo-rumores-reconciliacion_0_n5BnLY3cT5.html\">Fuente Clarin.com <\/a><\/p>\n","protected":false},"excerpt":{"rendered":"<p>Tini Stoessel viaj\u00f3 a Madrid tras su paso por la Semana de la Moda en Par\u00eds y, en medio de rumores de reconciliaci\u00f3n con Rodrigo de Paul, asisti\u00f3 al Estadio Metropolitano para demostrarle su apoyo al jugador durante los octavos de final por Champions League. Si bien, a finales de 2024, la cantante se vio [&hellip;]<\/p>\n","protected":false},"author":1,"featured_media":9352,"comment_status":"open","ping_status":"open","sticky":false,"template":"","format":"standard","meta":{"footnotes":""},"categories":[2],"tags":[11749,5078,28,2242,11750,3820,597,364,10150,10149],"class_list":["post-11835","post","type-post","status-publish","format-standard","has-post-thumbnail","hentry","category-ultimas-noticias","tag-alento","tag-cancha","tag-los","tag-paul","tag-reavivo","tag-reconciliacion","tag-rodrigo","tag-rumores","tag-stoessel","tag-tini"],"_links":{"self":[{"href":"https:\/\/13.com.ar\/index.php\/wp-json\/wp\/v2\/posts\/11835","targetHints":{"allow":["GET"]}}],"collection":[{"href":"https:\/\/13.com.ar\/index.php\/wp-json\/wp\/v2\/posts"}],"about":[{"href":"https:\/\/13.com.ar\/index.php\/wp-json\/wp\/v2\/types\/post"}],"author":[{"embeddable":true,"href":"https:\/\/13.com.ar\/index.php\/wp-json\/wp\/v2\/users\/1"}],"replies":[{"embeddable":true,"href":"https:\/\/13.com.ar\/index.php\/wp-json\/wp\/v2\/comments?post=11835"}],"version-history":[{"count":0,"href":"https:\/\/13.com.ar\/index.php\/wp-json\/wp\/v2\/posts\/11835\/revisions"}],"wp:featuredmedia":[{"embeddable":true,"href":"https:\/\/13.com.ar\/index.php\/wp-json\/wp\/v2\/media\/9352"}],"wp:attachment":[{"href":"https:\/\/13.com.ar\/index.php\/wp-json\/wp\/v2\/media?parent=11835"}],"wp:term":[{"taxonomy":"category","embeddable":true,"href":"https:\/\/13.com.ar\/index.php\/wp-json\/wp\/v2\/categories?post=11835"},{"taxonomy":"post_tag","embeddable":true,"href":"https:\/\/13.com.ar\/index.php\/wp-json\/wp\/v2\/tags?post=11835"}],"curies":[{"name":"wp","href":"https:\/\/api.w.org\/{rel}","templated":true}]}}