{"id":11817,"date":"2025-03-14T14:49:34","date_gmt":"2025-03-14T17:49:34","guid":{"rendered":"https:\/\/13.com.ar\/index.php\/yo-me-he-equivocado-en-la-cancha-pero-lo-de-este-chico-es-una-constante\/"},"modified":"2025-03-14T14:49:34","modified_gmt":"2025-03-14T17:49:34","slug":"yo-me-he-equivocado-en-la-cancha-pero-lo-de-este-chico-es-una-constante","status":"publish","type":"post","link":"https:\/\/13.com.ar\/index.php\/yo-me-he-equivocado-en-la-cancha-pero-lo-de-este-chico-es-una-constante\/","title":{"rendered":"Yo me he equivocado en la cancha pero lo de este chico es una constante"},"content":{"rendered":"<p> <br \/>\n<br \/><img decoding=\"async\" src=\"https:\/\/13.com.ar\/wp-content\/uploads\/2025\/03\/Yo-me-he-equivocado-en-la-cancha-pero-lo-de.jpg\" \/><\/p>\n<div id=\"cuerpo\">\n<div class=\"sc-80531b6b-0 chRIGJ container-text text-embed\">\n<p><strong>Vin\u00edcius J\u00fanior<\/strong> est\u00e1 en boca de todos desde hace tiempo pero especialmente esta semana que el <strong>Real Madrid<\/strong> sell\u00f3 su pase a los cuartos de final de la <strong>Champions League<\/strong> tras vencer al <strong>Atl\u00e9tico de Madrid<\/strong>. No s\u00f3lo por el penal que err\u00f3 en el segundo tiempo, sino tambi\u00e9n por el cruce que tuvo con los hinchas y futbolistas rivales dentro de la cancha, en el banco de suplentes y tras los penales de la definici\u00f3n. El comportamiento de brasile\u00f1o es cuestionado duramente porque <strong>pas\u00f3 de ser v\u00edctima de las agresiones a convertirse en un provocador<\/strong> con sus burlas y chicanas. <\/p>\n<\/div>\n<div class=\"sc-80531b6b-0 chRIGJ container-text text-embed\">\n<p>Y en Argentina, fue <strong>Diego Latorre <\/strong>quien puso palabras para lo que viene mostrando el mejor futbolista del mundo seg\u00fan la \u00faltima elecci\u00f3n del premio The Best de la FIFA. El exfutbolista de Boca y Racing, hoy comentarista en TV para la cadena ESPN, critic\u00f3 a Vin\u00edcius pero agreg\u00f3 algo a su an\u00e1lisis: el delantero de la selecci\u00f3n de Brasil ya no muestra el rendimiento de sus mejores momentos desde que empez\u00f3 a ser noticia por sus reacciones.<\/p>\n<\/div>\n<div class=\"sc-80531b6b-0 chRIGJ container-text text-embed\">\n<p>Ante el equipo del <strong>Cholo Simeone<\/strong>, por ejemplo, se lo vio m\u00e1s pendiente de cruzarse con los plateistas locales que de pedir la pelota y encarar hacia el arco de Jan Oblak. Y en cada oportunidad posible se se\u00f1alaba la manga de su camiseta donde ten\u00eda bordado el parche con las 15 Champions para enrostr\u00e1rselo a los fan\u00e1ticos colchoneros, que no gananaron ninguna.<\/p>\n<\/div>\n<div class=\"sc-80531b6b-0 chRIGJ container-text text-embed\">\n<p>En la segunda mitad, Vini fue el encargado de patear el penal que pudo liquidar la serie pero el nacido en R\u00edo de Janeiro hace 24 a\u00f1os tir\u00f3 su remate por arriba del travesa\u00f1o y la pelota termin\u00f3 en la tribuna. Tampoco pudo redimirse en la tanda donde Juli\u00e1n &#8220;le peg\u00f3 con las dos&#8221;: el DT italiano <strong>Carlo Ancelotti<\/strong> lo reemplaz\u00f3 cuando se terminaba el alargue &#8220;porque estaba cansado&#8221; aunque aclar\u00f3 que no lo hubiera elegido entre los ejetutantes.<\/p>\n<\/div>\n<div class=\"sc-80531b6b-0 chRIGJ container-text text-embed\">\n<p>Desde el banco de suplentes y en medio de los festejos, <strong>Vin\u00edcius <\/strong>sigui\u00f3 con su ida y vuelta con los hinchas del Atl\u00e9tico, marcando con las manos el n\u00famero 15 y haciendo el gesto de 0 de cara a los derrotados hinchas del Atl\u00e9tico, que le devolv\u00edan insultos y gritos. El brasile\u00f1o tiene su historia con el otro grande de Madrid: hace dos a\u00f1os, en la previa de un cl\u00e1sico, los ultras rojiblancos colgaron un mu\u00f1eco con la camiseta de Vini en una autopista.<\/p>\n<\/div>\n<div class=\"sc-80531b6b-0 chRIGJ container-text text-embed\">\n<p>La Liga tard\u00f3 en tomar posici\u00f3n frente al <strong>racismo<\/strong>, el acoso a Vini se convirti\u00f3 en una rutina cada vez que el Madrid sal\u00eda del Bernab\u00e9u y la Justicia se involucr\u00f3 castigando agresores pero sin ponerle fin a los agravios. El futbolista en alg\u00fan momento decidi\u00f3 que la mejor defensa era el ataque y empez\u00f3 a responder con bravuconadas. <\/p>\n<\/div>\n<div class=\"sc-80531b6b-0 chRIGJ container-text text-embed\">\n<p>El a\u00f1o pasado, la pol\u00e9mica por el Bal\u00f3n de Oro que termin\u00f3 en manos de Rodri cuando se daba por hecho que lo recibir\u00eda \u00e9l, lo convirti\u00f3 en un personaje amado por el Real y odiado por el resto del mundo. Con la Casa Blanca del f\u00fatbol espa\u00f1ol <strong>ya festej\u00f3 14 t\u00edtulos<\/strong>, entre ellos dos Champions League, y promete seguir sumando trofeos.<\/p>\n<\/div>\n<div class=\"sc-80531b6b-0 chRIGJ container-text text-embed\">\n<p>Vini no cede un cent\u00edmetro en su postura combativa. El mi\u00e9rcoles, a la salida del Estadio Metropolitano tras la victoria contra el Atl\u00e9tico, llev\u00f3 su batalla a las redes sociales: &#8220;Madrid hay uno solo. Que bueno ser del mejor club del mundo&#8221;, escribi\u00f3 junto a una foto suya se\u00f1alando el parche de la camiseta que representa las 15 conquistas de <em>La Casa Blanca<\/em>.<\/p>\n<\/div>\n<p><h2>Diego Latorre, duro con las provocaciones de Vin\u00edcius J\u00fanior<\/h2>\n<\/p>\n<div class=\"sc-80531b6b-0 chRIGJ container-text text-embed\">\n<p>Tras el an\u00e1lisis del partido entre Atl\u00e9tico de Madrid y Real Madrid, y el debate interminable sobre el penal de Juli\u00e1n \u00c1lvarez que pudo haber torcido el destino de los octavos de final, <strong>Diego Latorre<\/strong> se detuvo en Vin\u00edcius y no se guard\u00f3 nada.<\/p>\n<\/div>\n<div class=\"sc-80531b6b-0 chRIGJ container-text text-embed\">\n<p>&#8220;Lo que hace Vin\u00edcius no es un comportamiento folcl\u00f3rico aislado. Es parte de un paquete que genera irritaci\u00f3n en los dem\u00e1s, en los rivales, en el p\u00fablico, en sus declaraciones, en su victimizaci\u00f3n&#8221;, marc\u00f3 Gambeta en F\u00fatbol 90, el ciclo que conduce Sebasti\u00e1n Vignolo en ESPN. Y agreg\u00f3:  &#8220;Pero va en contra de \u00e9l. Vos ves un partido de Vin\u00edcius hace un a\u00f1o o dos a\u00f1os y es otro jugador. Otro jugador con la pelota en los pies, para el equipo&#8221;.<\/p>\n<\/div>\n<div class=\"sc-80531b6b-0 chRIGJ container-text text-embed\">\n<p>Para Latorre, Vini ya no es el de sus inicios cuando parec\u00eda divertirse jugando y descollaba en cada aparici\u00f3n. &#8220;<strong>Era mucho mejor. Se ha ido degenerando su f\u00fatbol. Est\u00e1 m\u00e1s pendiente de c\u00f3mo provocar y agitar el partido. Se olvida de jugar<\/strong>&#8220;, se\u00f1al\u00f3. <\/p>\n<\/div>\n<div class=\"sc-80531b6b-0 chRIGJ container-text text-embed\">\n<p>Para Latorre, son cuestiones propias de la personalidad de cada futbol\u00edstica, dif\u00edciles de desterrar &#8220;porque est\u00e1n en su escencia, como Messi. Incluso Cristiano Ronaldo nunca hizo estas estupideces&#8221;, y si las hac\u00eda &#8220;eran excepciones&#8221;.<\/p>\n<\/div>\n<div class=\"sc-80531b6b-0 chRIGJ container-text text-embed\">\n<p>Latorre, quien en sus tiempos de futbolista brillaba como enganche pero tambi\u00e9n por su capacidad goleadora, llegando al f\u00fatbol de Europa y la Selecci\u00f3n, tambi\u00e9n supo tener deslices en t\u00e9rminos de conducta. Uno muy recordado fue cuando en un amistoso disputado en Mar del Plata le meti\u00f3 un gol a Boca con la camiseta de Racing y se llev\u00f3 la mano a la nariz para insultar a la hinchada xeneize, gesto que lo acompa\u00f1\u00f3 durante d\u00e9cadas y del que siempre se declar\u00f3 arrepentido. &#8220;Yo me he equivocado pero fueron excepciones, lo de este chico es todos los domingos&#8221;, reforz\u00f3 Diego.<\/p>\n<\/div>\n<div class=\"sc-80531b6b-0 chRIGJ container-text text-embed\">\n<p>E insisti\u00f3: &#8220;Este chico lo hace todos los domingos. Se enoja el lateral de Mallorca, el lateral derecho de Valencia, el p\u00fablico de Betis. <strong>Est\u00e1 todo el f\u00fatbol espa\u00f1ol enojado con Vin\u00edcius<\/strong>. Yo creo que si es una constante, tambi\u00e9n hay que revisar tu comportamiento&#8221;, apunt\u00f3.<\/p>\n<\/div>\n<div class=\"sc-106e49c0-0 dcVumd freeHtml-embed undefined\">\n<blockquote class=\"twitter-tweet\">\n<p lang=\"pt\" dir=\"ltr\">Diego Latorre, jornalista da &#8216;ESPN Argentina&#8217;, sobre Vinicius JR.<\/p>\n<p>&#8220;O que Vinicius faz n\u00e3o \u00e9 um comportamento folcl\u00f3rico isolado. Faz parte de um pacote dele que irrita os outros, os rivais, o p\u00fablico, suas declara\u00e7\u00f5es, sua vitimiza\u00e7\u00e3o.<\/p>\n<p>Se voc\u00ea assistir a um jogo do Vinicius de\u2026 <a rel=\"nofollow\" target=\"_blank\" href=\"https:\/\/t.co\/IzrxcYM6aM\">pic.twitter.com\/IzrxcYM6aM<\/a><\/p>\n<p>\u2014 LIBERTA DEPRE (@liberta___depre) <a rel=\"nofollow\" target=\"_blank\" href=\"https:\/\/twitter.com\/liberta___depre\/status\/1900332072235131278?ref_src=twsrc%5Etfw\">March 13, 2025<\/a><\/p><\/blockquote>\n<\/div>\n<div class=\"sc-80531b6b-0 chRIGJ container-text text-embed\">\n<p>Ancelotti podr\u00eda preservar a Vini del partido de este s\u00e1bado del <strong>Real Madrid <\/strong>con el <strong>Villareal.<\/strong> El t\u00e9cnico italiano, de los m\u00e1s ganadores de la historia, famoso por su disciplina pero tambi\u00e9n por un estilo jugadorista que le dio enormes resultados, eligi\u00f3 defender al crack brasile\u00f1o que en en cuesti\u00f3n de d\u00edas visitar\u00e1 la Argentina para enfrentar a la Selecci\u00f3n de Lionel Scaloni por las Eliminatorias, el martes 25.<\/p>\n<\/div>\n<div class=\"sc-80531b6b-0 chRIGJ container-text text-embed\">\n<p>&#8220;Un jugador como Vin\u00edcius para m\u00ed es indiscutible. Puede hacer un partido mejor o peor, tener momentos mejores o peores, pero es indiscutible. No lo discuto si a veces no juega bien y falla. Es tan importante para este club que por esto no lo puedo discutir&#8221;, plante\u00f3 Carletto.<\/p>\n<\/div>\n<\/div>\n<p><script async src=\"\/\/platform.twitter.com\/widgets.js\" charset=\"utf-8\"><\/script><br \/>\n<br \/><br \/>\n<br \/><a href=\"https:\/\/www.clarin.com\/deportes\/diego-latorre-filtro-provocaciones-vinicius-jr-equivocado-cancha-chico-constante_0_3csopwBZnp.html\">Fuente Clarin.com <\/a><\/p>\n","protected":false},"excerpt":{"rendered":"<p>Vin\u00edcius J\u00fanior est\u00e1 en boca de todos desde hace tiempo pero especialmente esta semana que el Real Madrid sell\u00f3 su pase a los cuartos de final de la Champions League tras vencer al Atl\u00e9tico de Madrid. No s\u00f3lo por el penal que err\u00f3 en el segundo tiempo, sino tambi\u00e9n por el cruce que tuvo con [&hellip;]<\/p>\n","protected":false},"author":1,"featured_media":11818,"comment_status":"open","ping_status":"open","sticky":false,"template":"","format":"standard","meta":{"footnotes":""},"categories":[2],"tags":[5078,4750,5437,11736,139,265,73],"class_list":["post-11817","post","type-post","status-publish","format-standard","has-post-thumbnail","hentry","category-ultimas-noticias","tag-cancha","tag-chico","tag-constante","tag-equivocado","tag-este","tag-pero","tag-una"],"_links":{"self":[{"href":"https:\/\/13.com.ar\/index.php\/wp-json\/wp\/v2\/posts\/11817","targetHints":{"allow":["GET"]}}],"collection":[{"href":"https:\/\/13.com.ar\/index.php\/wp-json\/wp\/v2\/posts"}],"about":[{"href":"https:\/\/13.com.ar\/index.php\/wp-json\/wp\/v2\/types\/post"}],"author":[{"embeddable":true,"href":"https:\/\/13.com.ar\/index.php\/wp-json\/wp\/v2\/users\/1"}],"replies":[{"embeddable":true,"href":"https:\/\/13.com.ar\/index.php\/wp-json\/wp\/v2\/comments?post=11817"}],"version-history":[{"count":0,"href":"https:\/\/13.com.ar\/index.php\/wp-json\/wp\/v2\/posts\/11817\/revisions"}],"wp:featuredmedia":[{"embeddable":true,"href":"https:\/\/13.com.ar\/index.php\/wp-json\/wp\/v2\/media\/11818"}],"wp:attachment":[{"href":"https:\/\/13.com.ar\/index.php\/wp-json\/wp\/v2\/media?parent=11817"}],"wp:term":[{"taxonomy":"category","embeddable":true,"href":"https:\/\/13.com.ar\/index.php\/wp-json\/wp\/v2\/categories?post=11817"},{"taxonomy":"post_tag","embeddable":true,"href":"https:\/\/13.com.ar\/index.php\/wp-json\/wp\/v2\/tags?post=11817"}],"curies":[{"name":"wp","href":"https:\/\/api.w.org\/{rel}","templated":true}]}}