{"id":11810,"date":"2025-03-14T14:31:43","date_gmt":"2025-03-14T17:31:43","guid":{"rendered":"https:\/\/13.com.ar\/index.php\/es-la-mejor-ministra-de-la-historia\/"},"modified":"2025-03-14T14:31:43","modified_gmt":"2025-03-14T17:31:43","slug":"es-la-mejor-ministra-de-la-historia","status":"publish","type":"post","link":"https:\/\/13.com.ar\/index.php\/es-la-mejor-ministra-de-la-historia\/","title":{"rendered":"Es la mejor ministra de la historia"},"content":{"rendered":"<p> <br \/>\n<\/p>\n<div id=\"cuerpo\">\n<div class=\"sc-80531b6b-0 chRIGJ container-text text-embed\">\n<p>La visita de Javier Milei al cierre de <strong>Expoagro 2025<\/strong>, este viernes, junto a Patricia Bullrich y Jos\u00e9 Luis Espert es una foto n\u00edtida del momento que vive el Gobierno.<\/p>\n<\/div>\n<div class=\"sc-80531b6b-0 chRIGJ container-text text-embed\">\n<p>Milei no ces\u00f3 de destacar a su ministra de Seguridad, que enfrenta fuertes <strong>cr\u00edticas de la oposici\u00f3n, atenci\u00f3n internacional, pero tambi\u00e9n embates dudas internos por el duro operativo de seguridad <\/strong>que despleg\u00f3 el mi\u00e9rcoles pasado frente al Congreso. Fue cuando los barrabravas coparon una protesta de jubilados, que termin\u00f3 en una batalla campal contra los efectivos y termin\u00f3 con un fot\u00f3grafo que pelea entre la vida y la muerte por el impacto en su cabeza del disparo policial de gas lacrim\u00f3geno y una anciana de 87 a\u00f1os tirada fuertemente al piso por un efectivo federal.<\/p>\n<\/div>\n<div class=\"sc-80531b6b-0 chRIGJ container-text text-embed\">\n<p><strong>\u201cEs la mejor ministra de la historia\u201d,<\/strong> dijo el mandatario emulando dichos anteriores para su jefa de Capital Humano Sandra Pettovello y cuando un micr\u00f3fono logr\u00f3 alcanzarlo para consultarlo sobre Bullrich en el recorrido de los 220.000 m2 que alberga a la gran feria del agro y la industria. Tras su conferencia como Presidente-Economista, Milei se subi\u00f3 a un carrito con Bullrich, Espert y su vocero Manuel Adorni, en modo campa\u00f1a y de cara a las elecciones legislativas de este a\u00f1o. Hubo abrazos y fotos c\u00e1lidas entre ellos. <\/p>\n<\/div>\n<div class=\"sc-80531b6b-0 chRIGJ container-text text-embed\">\n<p>A su vez, una visita la provincia de Buenos Aires a trav\u00e9s de este desembarco en el cierre de Expoagro, en San Nicol\u00e1s de los Arroyos lo convierte en un gesto fuerte de Milei con su mensaje pro Seguridad junto al diputado Espert, una de sus espadas medi\u00e1ticas, para ganarle al kirchnerismo en las pr\u00f3ximas legislativas teniendo en cuenta la ola de inseguridad que pone en jaque al gobernador Axel Kicillof. <\/p>\n<\/div>\n<div class=\"sc-98b114a2-0 bkqiHH image-embed  image-embed \"><picture class=\"sc-98b114a2-1 jRUlDm\"><source media=\"(min-width: 975px)\" width=\"720\" height=\"480\" \/><img alt=\"Javier Milei en Expoagro. Foto Sebasti\u00e1n Granata \" loading=\"lazy\" width=\"720\" height=\"480\" decoding=\"async\" data-nimg=\"1\" style=\"color:transparent\" src=\"https:\/\/13.com.ar\/wp-content\/uploads\/2025\/03\/Es-la-mejor-ministra-de-la-historia.jpg\"\/><span class=\"epigraphe\">Javier Milei en Expoagro. Foto Sebasti\u00e1n Granata <\/span><span class=\"picture-open\"><button class=\"open-image\" aria-label=\"Open Image\"\/><\/span><\/picture><\/div>\n<div class=\"sc-80531b6b-0 chRIGJ container-text text-embed\">\n<p>El Presidente mantuvo sus modos de campa\u00f1a, pero en un \u00e1mbito muy amigable.<strong> Enumer\u00f3 sus logros a un p\u00fablico que lo aplaud\u00eda y le sacaba fotos en una sal\u00f3n hiper custodiado y en el que s\u00f3lo las c\u00e1maras de Presidencia pudieron registrar la imagen y las palabras del libertario,<\/strong> transmitidas igual,en vivo.  <\/p>\n<\/div>\n<div class=\"sc-80531b6b-0 chRIGJ container-text text-embed\">\n<p>Desde que abri\u00f3 Expoagro, el lunes pasado, una avanzada de la Presidencia recorre la zona. La visitaron varios gobernadores, ministros y dirigentes del oficialismo y la oposici\u00f3n. El jueves, aplaudieron a <strong>Victoria Villarruel<\/strong>, que consider\u00f3 al campo argentino como el mejor del mundo y en el encuentro con el sector se diferenci\u00f3 del discurso presidencial: se solidariz\u00f3 con los heridos de la marcha, manifestantes como polic\u00edas, y<strong> alejada del discurso oficial de que la marcha fue un intento de golpe de Estado,<\/strong> la compa\u00f1era de f\u00f3rmula de Milei -ambos muy alejados- dijo que consider\u00f3 la protesta un <strong>\u201cejercicio de la democracia\u201d.<\/strong><\/p>\n<\/div>\n<div class=\"sc-80531b6b-0 chRIGJ container-text text-embed\">\n<p>Este viernes, arrib\u00f3 una decena de hombres de Casa Militar, trajeron tres perros antiexplosivos y numerosos funcionarios de protocolo y prensa. Todos muy profesionales, a decir verdad. Pero de arriba fue nada con la prensa. Incluso se anunci\u00f3 la interrupci\u00f3n de las comunicaciones \u201cpor seguridad\u201d afirmaron\u201d. Un efectivo de la PFA se peg\u00f3 al escenario donde este viernes habl\u00f3 Milei con el t\u00edpico malet\u00edn de seguridad que despliegan los que cuidan a presidentes de Estados Unidos, Israel, Rusia y China. <\/p>\n<\/div>\n<div class=\"sc-80531b6b-0 chRIGJ container-text text-embed\">\n<p>Ante Milei Bullrich, Espert y Adorni en territorio bonaerense<strong> sobresal\u00edan dos notables ausencias.<\/strong> Por un lado, <strong>Karina Milei<\/strong>, secretaria general de la Presidencia, siempre presente; y por el otro, <strong>Sebasti\u00e1n Pareja<\/strong>, el coordinador pol\u00edtico de la Libertad Avanza. Pareja estuvo en la cena de inauguraci\u00f3n de Expoagro y es quien h\u00e1bilmente est\u00e1 junt\u00e1ndole voto a voto al partido violeta en territorio bonaerense, donde en 2023 la Presidencia la gan\u00f3 Milei, y la provincia se la qued\u00f3 Kicillof. <strong>Pareja no cuadra bien con Espert<\/strong>. Y es de Karina, as\u00ed como Espert, de Javier Milei. La divisi\u00f3n de p\u00fablicos y votantes fue considerada por algunos observadores del momento<strong> como una h\u00e1bil movida de los hermanos y de sus asesores.<\/strong><\/p>\n<\/div>\n<div class=\"sc-98b114a2-0 bkqiHH image-embed  image-embed \"><picture class=\"sc-98b114a2-1 jRUlDm\"><source media=\"(min-width: 975px)\" width=\"720\" height=\"480\" \/><img alt=\"El presidente Javier Milei en Expoagro, recorriendo el carrito el predio hasta el Stand de Agricultura. Lo acompa\u00f1an Patricia Bullrich y Luis Espert&#10;Foto. Sebasti\u00e1n Granata- Clar\u00edn\" loading=\"lazy\" width=\"720\" height=\"480\" decoding=\"async\" data-nimg=\"1\" style=\"color:transparent\" src=\"https:\/\/13.com.ar\/wp-content\/uploads\/2025\/03\/1741973503_402_Es-la-mejor-ministra-de-la-historia.jpg\"\/><span class=\"epigraphe\">El presidente Javier Milei en Expoagro, recorriendo el carrito el predio hasta el Stand de Agricultura. Lo acompa\u00f1an Patricia Bullrich y Luis Espert<br \/>\nFoto. Sebasti\u00e1n Granata- Clar\u00edn<\/span><span class=\"picture-open\"><button class=\"open-image\" aria-label=\"Open Image\"\/><\/span><\/picture><\/div>\n<div class=\"sc-80531b6b-0 chRIGJ container-text text-embed\">\n<p>&#8220;Quiero agradecer la presencia de la doctora Bullrich, por su enorme trabajado defendiendo y sosteniendo los valores de la Republica donde ello lo requiera&#8221;, solt\u00f3 entre las primeras palabras para su ministra que, seg\u00fan pudo sabe <strong>Clar\u00edn <\/strong>tambi\u00e9n encuentra algunos cuestionamientos que surgen en la Seguridad e Inteligencia, con un Santiago Caputo que, como lo hac\u00eda Marcos Pe\u00f1a en el gobierno de Mauricio Macri -aunque con menos escucha en este caso de Milei, que respalda la visi\u00f3n de su ministra de &#8220;quien las hace las paga&#8221;-, tambi\u00e9n comenz\u00f3 a cuestionar si a Bullrich no se le \u201ciba la mano\u201d. El asesor del Presidente, parte del llamado Tri\u00e1ngulo de Hierro, cuenta con otros aliados y rivales de Patricia Bullrich en la SIDE, empezando por Sergio Neiffert y siguiendo por el resto.<\/p>\n<\/div>\n<div class=\"sc-80531b6b-0 chRIGJ container-text text-embed\">\n<p>&#8220;Los buenos son los de azul y los hijos de puta que andan con trapos en la cara\u00a0y rompen autos y queman autos y amenazan a la gente porque no quieren perder curros esos son los malos y los vamos a meter presos&#8221;, sigui\u00f3 Milei en su hilo de elogios, y hasta abrazo a una Bullrich silenciosa ante el jefe. Tambi\u00e9n hubo elogios para la tarea &#8220;tit\u00e1nica&#8221; de Espert, en el Congreso y para el Adorni -un posible candidato a diputado- en la comunicaci\u00f3n y el manejo de redes, donde ahora aparecieron ahora cuentas cr\u00edticas que combaten duramente en el mundo de redes a las tribus libertarias. <\/p>\n<\/div>\n<div class=\"sc-80531b6b-0 chRIGJ container-text text-embed\">\n<p>En primera fila tambi\u00e9n tuvieron gui\u00f1os presidenciales, el presidente de la Rural, Nicol\u00e1s del Pino; y el intendente de 3 de Febrero, Diego Valenzuela, ex compa\u00f1ero de facultad de Milei, y uno de los primeros PRO en pegar el salto hacia la Libertad Avanza de cara a octubre.<\/p>\n<\/div>\n<div class=\"sc-80531b6b-0 chRIGJ container-text text-embed\">\n<p>Tras<strong> 36 minutos de conversaci\u00f3n <\/strong>y aplausos de un sector que tiene reclamos para con la presidencia pero lo sigue vitoreando -el fin definitivo de las retenciones por ejemplo y la apertura de importaciones-  Milei se subi\u00f3 a un carrito institucional de Expoagro y se dio un ba\u00f1o de multitudes. Sus custodios se pusieron muy nerviosos. El carrito es el\u00e9ctrico pero parec\u00eda casi arrastrado por hombres. Milei, Bullrich, Espert y Adorni visitaron el stand de Agricultura, se fue al Helipuerto y emprendi\u00f3 viaje hacia Aeroparque. <\/p>\n<\/div>\n<\/div>\n<p><br \/>\n<br \/><a href=\"https:\/\/www.clarin.com\/politica\/javier-milei-expoagro-conferencia-hiper-custodiada-recorrida-modo-campana-respaldo-total-bullrich-mejor-ministra-historia_0_oJ1gzru7CK.html\">Fuente Clarin.com <\/a><\/p>\n","protected":false},"excerpt":{"rendered":"<p>La visita de Javier Milei al cierre de Expoagro 2025, este viernes, junto a Patricia Bullrich y Jos\u00e9 Luis Espert es una foto n\u00edtida del momento que vive el Gobierno. Milei no ces\u00f3 de destacar a su ministra de Seguridad, que enfrenta fuertes cr\u00edticas de la oposici\u00f3n, atenci\u00f3n internacional, pero tambi\u00e9n embates dudas internos por [&hellip;]<\/p>\n","protected":false},"author":1,"featured_media":11811,"comment_status":"open","ping_status":"open","sticky":false,"template":"","format":"standard","meta":{"footnotes":""},"categories":[2],"tags":[1329,727,74],"class_list":["post-11810","post","type-post","status-publish","format-standard","has-post-thumbnail","hentry","category-ultimas-noticias","tag-historia","tag-mejor","tag-ministra"],"_links":{"self":[{"href":"https:\/\/13.com.ar\/index.php\/wp-json\/wp\/v2\/posts\/11810","targetHints":{"allow":["GET"]}}],"collection":[{"href":"https:\/\/13.com.ar\/index.php\/wp-json\/wp\/v2\/posts"}],"about":[{"href":"https:\/\/13.com.ar\/index.php\/wp-json\/wp\/v2\/types\/post"}],"author":[{"embeddable":true,"href":"https:\/\/13.com.ar\/index.php\/wp-json\/wp\/v2\/users\/1"}],"replies":[{"embeddable":true,"href":"https:\/\/13.com.ar\/index.php\/wp-json\/wp\/v2\/comments?post=11810"}],"version-history":[{"count":0,"href":"https:\/\/13.com.ar\/index.php\/wp-json\/wp\/v2\/posts\/11810\/revisions"}],"wp:featuredmedia":[{"embeddable":true,"href":"https:\/\/13.com.ar\/index.php\/wp-json\/wp\/v2\/media\/11811"}],"wp:attachment":[{"href":"https:\/\/13.com.ar\/index.php\/wp-json\/wp\/v2\/media?parent=11810"}],"wp:term":[{"taxonomy":"category","embeddable":true,"href":"https:\/\/13.com.ar\/index.php\/wp-json\/wp\/v2\/categories?post=11810"},{"taxonomy":"post_tag","embeddable":true,"href":"https:\/\/13.com.ar\/index.php\/wp-json\/wp\/v2\/tags?post=11810"}],"curies":[{"name":"wp","href":"https:\/\/api.w.org\/{rel}","templated":true}]}}