{"id":11808,"date":"2025-03-14T14:09:39","date_gmt":"2025-03-14T17:09:39","guid":{"rendered":"https:\/\/13.com.ar\/index.php\/la-devastacion-en-bahia-blanca-desde-la-mirada-de-cinco-escritores-de-la-ciudad\/"},"modified":"2025-03-14T14:09:39","modified_gmt":"2025-03-14T17:09:39","slug":"la-devastacion-en-bahia-blanca-desde-la-mirada-de-cinco-escritores-de-la-ciudad","status":"publish","type":"post","link":"https:\/\/13.com.ar\/index.php\/la-devastacion-en-bahia-blanca-desde-la-mirada-de-cinco-escritores-de-la-ciudad\/","title":{"rendered":"La devastaci\u00f3n en Bah\u00eda Blanca desde la mirada de cinco escritores de la ciudad"},"content":{"rendered":"<p> <br \/>\n<\/p>\n<div id=\"cuerpo\">\n<div class=\"sc-80531b6b-0 chRIGJ container-text text-embed\">\n<p>A casi una semana del <strong>temporal <\/strong>que provoc\u00f3 las inundaciones de <strong>Bah\u00eda Blanca<\/strong>, en el que miles de personas perdieron aquello que hab\u00edan construido, <strong>Sonia Budassi, Mario L\u00f3pez, Luciana Olmedo, Luis Sagasti y Gustavo L\u00f3pez<\/strong>, referentes de la <strong>literatura argentina, <\/strong>compartieron sus experiencias y contaron los da\u00f1os que sufrieron por el agua.<\/p>\n<\/div>\n<div class=\"sc-98b114a2-0 bkqiHH image-embed  image-embed \"><picture class=\"sc-98b114a2-1 jRUlDm\"><source media=\"(min-width: 975px)\" width=\"720\" height=\"480\" \/><img alt=\"La escritora argentina Sonia Budassi. Foto: In\u00e9s Budassi\" loading=\"lazy\" width=\"720\" height=\"480\" decoding=\"async\" data-nimg=\"1\" style=\"color:transparent\" src=\"https:\/\/13.com.ar\/wp-content\/uploads\/2025\/03\/La-devastacion-en-Bahia-Blanca-desde-la-mirada-de-cinco.jpg\"\/><span class=\"epigraphe\">La escritora argentina Sonia Budassi. Foto: In\u00e9s Budassi<\/span><span class=\"picture-open\"><button class=\"open-image\" aria-label=\"Open Image\"\/><\/span><\/picture><\/div>\n<div class=\"sc-80531b6b-0 chRIGJ container-text text-embed\">\n<p>Hay <strong>editores <\/strong>que perdieron sus editoriales y <strong>bibliotecas <\/strong>que perdieron su material. Tambi\u00e9n hay escritores que les toc\u00f3 vivir la tragedia a la distancia. Pero todos fueron y son v\u00edctimas del quiebre de su ciudad.<\/p>\n<\/div>\n<div class=\"sc-80531b6b-0 chRIGJ container-text text-embed\">\n<p>C\u00f3mo escribi\u00f3 <strong>Sonia Budassi<\/strong>, el agua sol\u00eda ser una especie de <strong>bendici\u00f3n <\/strong>para los bahienses, una sociedad que estaba acostumbrada a quejarse por la sequ\u00eda y viento constante. Nadie esperaba que en un periodo de cuatro horas lloviera lo que nunca llovi\u00f3. \u201cNosotros nunca consideramos el agua como amenaza. El agua era una bendici\u00f3n\u201d, explic\u00f3.<\/p>\n<\/div>\n<div class=\"sc-80531b6b-0 chRIGJ container-text text-embed\">\n<p>Esta vez, a Budassi le toc\u00f3 vivir la inundaci\u00f3n de su ciudad a kil\u00f3metros de distancia. En conversaci\u00f3n con <strong>Clar\u00edn<\/strong>, la escritora y periodista argentina cont\u00f3: \u201cD\u00edas despu\u00e9s siento que <strong>mi territorio de infancia con colores pastel de pronto se transform\u00f3<\/strong>, como en el tr\u00edptico de El Bosco, &#8220;El Jard\u00edn de las delicias&#8221;, de vital para\u00edso a l\u00fagubre infierno. Sin el paso intermedio que pint\u00f3 el artista. Algo abrupto, sin transici\u00f3n m\u00e1s que la violencia del shock\u201d.<\/p>\n<\/div>\n<div class=\"sc-98b114a2-0 bkqiHH image-embed  image-embed \"><picture class=\"sc-98b114a2-1 jRUlDm\"><source media=\"(min-width: 975px)\" width=\"720\" height=\"480\" \/><img alt=\"El espacio Factor C tras las inundaciones de Bah\u00eda blanca. Foto: Gentileza Gustavo L\u00f3pez.\" loading=\"lazy\" width=\"720\" height=\"480\" decoding=\"async\" data-nimg=\"1\" style=\"color:transparent\" src=\"https:\/\/13.com.ar\/wp-content\/uploads\/2025\/03\/1741972179_926_La-devastacion-en-Bahia-Blanca-desde-la-mirada-de-cinco.jpg\"\/><span class=\"epigraphe\">El espacio Factor C tras las inundaciones de Bah\u00eda blanca. Foto: Gentileza Gustavo L\u00f3pez.<\/span><span class=\"picture-open\"><button class=\"open-image\" aria-label=\"Open Image\"\/><\/span><\/picture><\/div>\n<div class=\"sc-80531b6b-0 chRIGJ container-text text-embed\">\n<p>Desde Buenos Aires, Budassi destac\u00f3 la \u201cincertidumbre de espanto de no poder saber qu\u00e9 hab\u00eda pasado con mi gente\u201d. Y agreg\u00f3: \u201cNosotros prendidos a las redes, radios y tv, <strong>empezamos a sentirnos en un reality cat\u00e1strofe<\/strong> donde los protagonistas no saben que est\u00e1n siendo grabados ni en qu\u00e9 se convirti\u00f3 la ciudad donde est\u00e1n\u201d.<\/p>\n<\/div>\n<p><h2>Empezar de cero<\/h2>\n<\/p>\n<div class=\"sc-80531b6b-0 chRIGJ container-text text-embed\">\n<p>El editor independiente <strong>Gustavo L\u00f3pez<\/strong>, responsable del proyecto vox\/lux y del centro cultural Factor C de Bah\u00eda Blanca, <strong>viv\u00f3 el temporal como una profunda p\u00e9rdida<\/strong>. Seg\u00fan explic\u00f3 a <strong>Clar\u00edn<\/strong>, el espacio cultural ubicado en el centro de la ciudad se inund\u00f3 con m\u00e1s de un metro de agua, y se arruin\u00f3 una gran cantidad de material de las editoriales.<\/p>\n<\/div>\n<div class=\"sc-98b114a2-0 bkqiHH image-embed  image-embed \"><picture class=\"sc-98b114a2-1 jRUlDm\"><source media=\"(min-width: 975px)\" width=\"720\" height=\"480\" \/><img alt=\"El espacio Factor C de Bah\u00eda Blanca se inund\u00f3 y se perdi\u00f3 material de la editorial vox\/lux. Foto: Gentileza Gustavo L\u00f3pez.\" loading=\"lazy\" width=\"720\" height=\"480\" decoding=\"async\" data-nimg=\"1\" style=\"color:transparent\" src=\"https:\/\/13.com.ar\/wp-content\/uploads\/2025\/03\/1741972179_265_La-devastacion-en-Bahia-Blanca-desde-la-mirada-de-cinco.jpg\"\/><span class=\"epigraphe\">El espacio Factor C de Bah\u00eda Blanca se inund\u00f3 y se perdi\u00f3 material de la editorial vox\/lux. Foto: Gentileza Gustavo L\u00f3pez.<\/span><span class=\"picture-open\"><button class=\"open-image\" aria-label=\"Open Image\"\/><\/span><\/picture><\/div>\n<div class=\"sc-80531b6b-0 chRIGJ container-text text-embed\">\n<p>\u201c<strong>El espacio Factor C qued\u00f3 destruido e inutilizado <\/strong>porque entr\u00f3 mucho barro y se estrope\u00f3. Se perdi\u00f3 mucho material de libros. Fue un golpe muy duro, porque perdimos muchos libros buenos de archivo, serigraf\u00eda, tapas serigrafiadas, laminas, revistas de archivo. Adem\u00e1s una perdida muy grande en el dep\u00f3sito de varios millones de pesos\u201d, explic\u00f3.<\/p>\n<\/div>\n<div class=\"sc-80531b6b-0 chRIGJ container-text text-embed\">\n<p>Pero la editorial de Gustavo L\u00f3pez no fue la \u00fanica en sufrir la p\u00e9rdida de material. Entre los espacios que se vieron afectados por las inundaciones tambi\u00e9n se encuentra<strong> la biblioteca de humanidades de la Universidad Nacional del Sur.<\/strong> \u201cSe perdieron ah\u00ed como <strong>70.000 vol\u00famenes<\/strong> seg\u00fan me dijeron hoy, pero bibliotecas muy valiosas, con la que se ha formado gran parte de la Universidad de Humanidades. Esa biblioteca impresionante que hab\u00eda ah\u00ed, es una gran p\u00e9rdida para el acervo y la ciudad\u201d, detall\u00f3 L\u00f3pez a <strong>Clar\u00edn<\/strong>.<\/p>\n<\/div>\n<div class=\"sc-80531b6b-0 chRIGJ container-text text-embed\">\n<p>Al igual que otros escritores, desde la editorial vox\/lux <strong>destacaron la solidaridad que recibieron<\/strong> por parte de poetas, lectores, autores, etc: \u201cRescatamos la enorme solidaridad que se despert\u00f3 en la ciudad. Por lo menos en el centro cultural incre\u00edble la cantidad de artistas que vinieron a ayudar a limpiar, dar una mano, proponer ideas y ver qu\u00e9 hacer\u201d.<\/p>\n<\/div>\n<div class=\"sc-98b114a2-0 bkqiHH image-embed  image-embed \"><picture class=\"sc-98b114a2-1 jRUlDm\"><source media=\"(min-width: 975px)\" width=\"720\" height=\"480\" \/><img alt=\"El estado de los libros de Factor C tras las inundaciones de Bah\u00eda blanca. Foto: Gentileza Gustavo L\u00f3pez.\" loading=\"lazy\" width=\"720\" height=\"480\" decoding=\"async\" data-nimg=\"1\" style=\"color:transparent\" src=\"https:\/\/13.com.ar\/wp-content\/uploads\/2025\/03\/1741972179_884_La-devastacion-en-Bahia-Blanca-desde-la-mirada-de-cinco.jpg\"\/><span class=\"epigraphe\">El estado de los libros de Factor C tras las inundaciones de Bah\u00eda blanca. Foto: Gentileza Gustavo L\u00f3pez.<\/span><span class=\"picture-open\"><button class=\"open-image\" aria-label=\"Open Image\"\/><\/span><\/picture><\/div>\n<div class=\"sc-80531b6b-0 chRIGJ container-text text-embed\">\n<p>&#8220;Hay que ver qu\u00e9 es lo que qued\u00f3. <strong>Ya tiramos un mont\u00f3n de libros<\/strong>, los que estaban irrecuperables, llenos de agua, fueron muchos. Ahora esperando dar vuelta a la p\u00e1gina y que sea tambi\u00e9n un recuerdo y poder avanzar, que lo que nos interesa es poder seguir con el plan de edici\u00f3n que tenemos. Ten\u00edamos justo unos libros muy importantes, uno de Sergio Raimondi, otro de Mat\u00edas Moscardi y unos libros de Washington Cucurto\u201d, concluy\u00f3 el editor.<\/p>\n<\/div>\n<p><h2>El despu\u00e9s de la tormenta<\/h2>\n<\/p>\n<div class=\"sc-80531b6b-0 chRIGJ container-text text-embed\">\n<p>Al hablar del temporal, el escritor y docente universitario <strong>Mario L\u00f3pez<\/strong> tambi\u00e9n menciona las <strong>tragedias <\/strong>que hubo en Bah\u00eda Blanca en los a\u00f1os anteriores, pero hace hincapi\u00e9 en el despu\u00e9s.<\/p>\n<\/div>\n<div class=\"sc-80531b6b-0 chRIGJ container-text text-embed\">\n<p>\u201cDespu\u00e9s fue empezar a ver lo que ocurr\u00eda alrededor. Ver las im\u00e1genes que enviaban desde Buenos Aires y mirar escenas terribles de una ciudad devastada en algunas partes. La percepci\u00f3n que yo tengo es <strong>como si hubiese ca\u00eddo una especie de bomba at\u00f3mica<\/strong>, de esas escenas de guerra como en Ucrania o la franja de Gaza. La sensaci\u00f3n es la de una ciudad devastada\u201d, explic\u00f3 a <strong>Cultura<\/strong>.<\/p>\n<\/div>\n<div class=\"sc-80531b6b-0 chRIGJ container-text text-embed\">\n<p>Y en cuanto a las modificaciones que sufri\u00f3 Bah\u00eda Blanca a partir de las inundaciones, L\u00f3pez agreg\u00f3: \u201c<strong>Cambi\u00f3 pr\u00e1cticamente la fisonom\u00eda de la ciudad<\/strong>. Un canal derivador estall\u00f3, el arroyo se duplic\u00f3 y los puentes peatonales se barrieron. Esto es un signo de algo, cada cual lo interpretar\u00e1 a su modo sin lugar a dudas, pero hay componentes de orden espiritual de cosas que los seres humanos estamos haciendo mal\u201d.<\/p>\n<\/div>\n<div class=\"sc-98b114a2-0 bkqiHH image-embed  image-embed \"><picture class=\"sc-98b114a2-1 jRUlDm\"><source media=\"(min-width: 975px)\" width=\"720\" height=\"480\" \/><img alt=\"El escritor y docente argentino Mario Ortiz. Foto: Gentileza Mario Ortiz.\" loading=\"lazy\" width=\"720\" height=\"480\" decoding=\"async\" data-nimg=\"1\" style=\"color:transparent\" src=\"https:\/\/13.com.ar\/wp-content\/uploads\/2025\/03\/1741972179_403_La-devastacion-en-Bahia-Blanca-desde-la-mirada-de-cinco.jpg\"\/><span class=\"epigraphe\">El escritor y docente argentino Mario Ortiz. Foto: Gentileza Mario Ortiz.<\/span><span class=\"picture-open\"><button class=\"open-image\" aria-label=\"Open Image\"\/><\/span><\/picture><\/div>\n<div class=\"sc-80531b6b-0 chRIGJ container-text text-embed\">\n<p>El escritor bahiense tambi\u00e9n<strong> destac\u00f3 el trabajo de los medios de comunicaci\u00f3n<\/strong>, a quienes consider\u00f3 como una pieza clave en la difusi\u00f3n de la ayuda que se necesita: \u201cHay muchos medios que han trabajado muy seriamente, difundiendo correctamente los lugares y las cuentas de donaci\u00f3n. Creo que eso ha ayudado mucho en un contexto tan complicado, en donde parece que hay un Estado que quiere retirarse\u201d.<\/p>\n<\/div>\n<div class=\"sc-80531b6b-0 chRIGJ container-text text-embed\">\n<p><strong>Clar\u00edn <\/strong>tambi\u00e9n habl\u00f3 con el escritor, docente y cr\u00edtico de arte argentino<strong> Luis Sagasti,<\/strong> quien sostiene que \u201ccuando uno vive <strong>una situaci\u00f3n l\u00edmite<\/strong>, los cambios en el car\u00e1cter de uno, en su forma de plantarse y de ver el mundo, suceden mucho despu\u00e9s\u201d.<\/p>\n<\/div>\n<div class=\"sc-98b114a2-0 bkqiHH image-embed  image-embed \"><picture class=\"sc-98b114a2-1 jRUlDm\"><source media=\"(min-width: 975px)\" width=\"720\" height=\"480\" \/><img alt=\"Luis Sagasti. Foto: gentileza Premio Fundaci\u00f3n Medif\u00e9 Filba.\" loading=\"lazy\" width=\"720\" height=\"480\" decoding=\"async\" data-nimg=\"1\" style=\"color:transparent\" src=\"https:\/\/13.com.ar\/wp-content\/uploads\/2025\/03\/1741972179_272_La-devastacion-en-Bahia-Blanca-desde-la-mirada-de-cinco.jpg\"\/><span class=\"epigraphe\">Luis Sagasti. Foto: gentileza Premio Fundaci\u00f3n Medif\u00e9 Filba.<\/span><span class=\"picture-open\"><button class=\"open-image\" aria-label=\"Open Image\"\/><\/span><\/picture><\/div>\n<div class=\"sc-80531b6b-0 chRIGJ container-text text-embed\">\n<p>Sagsati hace \u00e9nfasis en el futuro que se les presenta y plantea: \u201c<strong>La nueva Bah\u00eda que deber\u00eda surgir es una m\u00e1s integrista, solidaria, con una clase dirigente que piense en una comunidad<\/strong>. Que la clase en donde se concentran las decisiones y el capital se convierta en una verdadera clase dirigente; alguna vez lo fue. Una bah\u00eda donde el asistencialismo se transforma en solidaridad, y no ante cat\u00e1strofes. Pero para eso habr\u00e1 que educar, transmitir valores, dise\u00f1ar espacios urbanos que favorezcan el encuentro con el otro m\u00e1s all\u00e1 de acentuar el arroyo\u201d.<\/p>\n<\/div>\n<div class=\"sc-80531b6b-0 chRIGJ container-text text-embed\">\n<p>\u201c<strong>\u00bfPor d\u00f3nde empieza esta gente?<\/strong>&#8221; se cuestiona Sagasti. &#8220;Vos ves que una tormenta te roba el pasado, al arrasar con toda una casa donde se acumulan recuerdos, y te instala en este presente. Por supuesto va a costar forjar un futuro, pero es inevitable que se forje. Se va a salir adelante y ah\u00ed va a haber futuro, pero una situaci\u00f3n como esta te instala en un presente que parece inamovible\u201d, agreg\u00f3.<\/p>\n<\/div>\n<div class=\"sc-80531b6b-0 chRIGJ container-text text-embed\">\n<p>Y al igual que el escritor Gustavo L\u00f3pez, <strong>Sagasti destac\u00f3 la p\u00e9rdida del material bibliogr\u00e1fico y literario que sufrieron instituciones de gran valor para la ciudad<\/strong>. \u201c70.000 libros en la universidad, no es una estupidez, \u00bfno? Es muy doloroso eso, la p\u00e9rdida de un sector del parque, hay un paisaje urbano que va a cambiar, es m\u00ednimo esto, pero para la cotidianidad de los bahienses va a ser dif\u00edcil e inc\u00f3modo un poco adaptarse a estas circunstancias\u201d, concluy\u00f3.<\/p>\n<\/div>\n<div class=\"sc-80531b6b-0 chRIGJ container-text text-embed\">\n<p>En el caso de la escritora <strong>Luciana Olmedo<\/strong>, la escritura es una herramienta para <strong>tratar de entender todo lo que vivi\u00f3 y escuch\u00f3 en los \u00faltimos d\u00edas<\/strong>. \u201cEsta vez perdimos todos. Casas, autos, negocios, animales, familiares. Y, tambi\u00e9n, todos esos lugares con los que armamos el archivo de nuestra propia memoria\u201d, reflexion\u00f3 a <strong>Clar\u00edn<\/strong>.<\/p>\n<\/div>\n<div class=\"sc-98b114a2-0 bkqiHH image-embed  image-embed \"><picture class=\"sc-98b114a2-1 jRUlDm\"><source media=\"(min-width: 975px)\" width=\"720\" height=\"480\" \/><img alt=\"La escritora argentina Luciana Olmedo. Foto: Gentileza Luciana Olmedo.\" loading=\"lazy\" width=\"720\" height=\"480\" decoding=\"async\" data-nimg=\"1\" style=\"color:transparent\" src=\"https:\/\/13.com.ar\/wp-content\/uploads\/2025\/03\/1741972179_782_La-devastacion-en-Bahia-Blanca-desde-la-mirada-de-cinco.jpg\"\/><span class=\"epigraphe\">La escritora argentina Luciana Olmedo. Foto: Gentileza Luciana Olmedo.<\/span><span class=\"picture-open\"><button class=\"open-image\" aria-label=\"Open Image\"\/><\/span><\/picture><\/div>\n<div class=\"sc-80531b6b-0 chRIGJ container-text text-embed\">\n<p>\u201c<strong>Me pregunto por nuestra relaci\u00f3n con la naturaleza<\/strong>. Por c\u00f3mo empezamos a pensar de otra manera sobre, con, en y entre ella. Me pregunto por qu\u00e9 muchxs est\u00e1n haciendo de esta tragedia un espect\u00e1culo con distintos fines. Me pregunto por nosotrxs, todxs, m\u00e1s all\u00e1 y m\u00e1s ac\u00e1 de esta ya no blanca Bah\u00eda. \u00bfQu\u00e9 estamos haciendo mal? \u00bfPor d\u00f3nde empezamos a cambiar?\u201d, concluy\u00f3.<\/p>\n<\/div>\n<\/div>\n<p><br \/>\n<br \/><a href=\"https:\/\/www.clarin.com\/cultura\/devastacion-bahia-blanca-mirada-escritores-ciudad_0_BMSqkG8KFP.html\">Fuente Clarin.com <\/a><\/p>\n","protected":false},"excerpt":{"rendered":"<p>A casi una semana del temporal que provoc\u00f3 las inundaciones de Bah\u00eda Blanca, en el que miles de personas perdieron aquello que hab\u00edan construido, Sonia Budassi, Mario L\u00f3pez, Luciana Olmedo, Luis Sagasti y Gustavo L\u00f3pez, referentes de la literatura argentina, compartieron sus experiencias y contaron los da\u00f1os que sufrieron por el agua. La escritora argentina [&hellip;]<\/p>\n","protected":false},"author":1,"featured_media":11809,"comment_status":"open","ping_status":"open","sticky":false,"template":"","format":"standard","meta":{"footnotes":""},"categories":[2],"tags":[6593,3038,567,984,2184,7516,10065,5411],"class_list":["post-11808","post","type-post","status-publish","format-standard","has-post-thumbnail","hentry","category-ultimas-noticias","tag-bahia","tag-blanca","tag-cinco","tag-ciudad","tag-desde","tag-devastacion","tag-escritores","tag-mirada"],"_links":{"self":[{"href":"https:\/\/13.com.ar\/index.php\/wp-json\/wp\/v2\/posts\/11808","targetHints":{"allow":["GET"]}}],"collection":[{"href":"https:\/\/13.com.ar\/index.php\/wp-json\/wp\/v2\/posts"}],"about":[{"href":"https:\/\/13.com.ar\/index.php\/wp-json\/wp\/v2\/types\/post"}],"author":[{"embeddable":true,"href":"https:\/\/13.com.ar\/index.php\/wp-json\/wp\/v2\/users\/1"}],"replies":[{"embeddable":true,"href":"https:\/\/13.com.ar\/index.php\/wp-json\/wp\/v2\/comments?post=11808"}],"version-history":[{"count":0,"href":"https:\/\/13.com.ar\/index.php\/wp-json\/wp\/v2\/posts\/11808\/revisions"}],"wp:featuredmedia":[{"embeddable":true,"href":"https:\/\/13.com.ar\/index.php\/wp-json\/wp\/v2\/media\/11809"}],"wp:attachment":[{"href":"https:\/\/13.com.ar\/index.php\/wp-json\/wp\/v2\/media?parent=11808"}],"wp:term":[{"taxonomy":"category","embeddable":true,"href":"https:\/\/13.com.ar\/index.php\/wp-json\/wp\/v2\/categories?post=11808"},{"taxonomy":"post_tag","embeddable":true,"href":"https:\/\/13.com.ar\/index.php\/wp-json\/wp\/v2\/tags?post=11808"}],"curies":[{"name":"wp","href":"https:\/\/api.w.org\/{rel}","templated":true}]}}