{"id":11806,"date":"2025-03-14T13:44:29","date_gmt":"2025-03-14T16:44:29","guid":{"rendered":"https:\/\/13.com.ar\/index.php\/rachel-zegler-sera-eva-peron-en-la-nueva-version-del-musical-evita-y-las-opiniones-estan-divididas\/"},"modified":"2025-03-14T13:44:29","modified_gmt":"2025-03-14T16:44:29","slug":"rachel-zegler-sera-eva-peron-en-la-nueva-version-del-musical-evita-y-las-opiniones-estan-divididas","status":"publish","type":"post","link":"https:\/\/13.com.ar\/index.php\/rachel-zegler-sera-eva-peron-en-la-nueva-version-del-musical-evita-y-las-opiniones-estan-divididas\/","title":{"rendered":"Rachel Zegler ser\u00e1 Eva Per\u00f3n en la nueva versi\u00f3n del musical &#8220;Evita&#8221; y las opiniones est\u00e1n divididas"},"content":{"rendered":"<p> <br \/>\n<\/p>\n<div id=\"cuerpo\">\n<div class=\"sc-80531b6b-0 chRIGJ container-text text-embed\">\n<p>La nueva versi\u00f3n del musical <strong><em>Evita <\/em><\/strong>en Londres ya tiene a su nueva protagonista: Rachel Zegler. As\u00ed lo confirm\u00f3 el director <strong>Jamie Lloyd<\/strong>, que adaptar\u00e1 la obra de <strong>Tim Rice<\/strong> y <strong>Andrew Lloyd Webber<\/strong> para las nuevas generaciones.<\/p>\n<\/div>\n<div class=\"sc-80531b6b-0 chRIGJ container-text text-embed\">\n<p>La actriz elegida por <strong>Steven Spielberg <\/strong>para protagonizar la remake cinematogr\u00e1fica de<strong> West Side Story<\/strong> y por Disney para encarnar a Blancanieves en su versi\u00f3n<em> live action<\/em> se presentar\u00e1 en el teatro Palladium de Londres durante una temporada de 12 semanas.<strong> Las funciones ser\u00e1n del 14 de junio al 6 de septiembre<\/strong>.<\/p>\n<\/div>\n<div class=\"sc-80531b6b-0 chRIGJ container-text text-embed\">\n<p>Seg\u00fan cont\u00f3 Lloyd a Deadline, ser\u00e1 \u201cuna Eva emocionante para toda una nueva generaci\u00f3n\u201d. &#8220;Escuch\u00e9 a Rachel cantar parte de la banda sonora; <strong>va a hacer volar el techo del London Palladium<\/strong>&#8220;.<\/p>\n<\/div>\n<div class=\"sc-80531b6b-0 chRIGJ container-text text-embed\">\n<p>La incorporaci\u00f3n de la actriz se da despu\u00e9s de que <strong>Ariana DeBose<\/strong>, su compa\u00f1era de reparto en West Side Story, se fuera del proyecto por otros compromisos.<\/p>\n<\/div>\n<div class=\"sc-80531b6b-0 chRIGJ container-text text-embed\">\n<p>Zegler y Lloyd llegaron a un acuerdo en un caf\u00e9 en Manhattan. All\u00ed acordaron que la joven talento de 23 a\u00f1os ser\u00e1 una de las actrices mejores pagadas de la escena londinense. <strong>\u201cMe dijo que era el papel de sus sue\u00f1os\u201d<\/strong>, revel\u00f3 el director sobre aquel encuentro.<\/p>\n<\/div>\n<div class=\"sc-80531b6b-0 chRIGJ container-text text-embed\">\n<p>Zegler hab\u00eda dicho a Deadline que de ni\u00f1a creci\u00f3 viendo Evita y que ella y su pap\u00e1 cantaban \u201cNo llores por m\u00ed, Argentina\u201d en el patio de su casa.<\/p>\n<\/div>\n<div class=\"sc-98b114a2-0 bkqiHH image-embed  image-embed \"><picture class=\"sc-98b114a2-1 jRUlDm\"><source media=\"(min-width: 975px)\" width=\"720\" height=\"480\" \/><img alt=\"Rachel Zegler, de 23 a\u00f1os, en los \u00faltimos Oscar. Foto: REUTER\" loading=\"lazy\" width=\"720\" height=\"480\" decoding=\"async\" data-nimg=\"1\" style=\"color:transparent\" src=\"https:\/\/13.com.ar\/wp-content\/uploads\/2025\/03\/Rachel-Zegler-sera-Eva-Peron-en-la-nueva-version-del.jpg\"\/><span class=\"epigraphe\">Rachel Zegler, de 23 a\u00f1os, en los \u00faltimos Oscar. Foto: REUTER<\/span><span class=\"picture-open\"><button class=\"open-image\" aria-label=\"Open Image\"\/><\/span><\/picture><\/div>\n<div class=\"sc-80531b6b-0 chRIGJ container-text text-embed\">\n<p>Lloyd dijo que se vio obligado a elegir a Zegler &#8220;para su debut en el West End como la ic\u00f3nica Eva Per\u00f3n&#8221; cautivado por sus &#8220;percepciones e ideas&#8221; sobre la argentina.<\/p>\n<\/div>\n<p><h2>\u00bfQu\u00e9 dicen en redes?<\/h2>\n<\/p>\n<div class=\"sc-80531b6b-0 chRIGJ container-text text-embed\">\n<p>Como era de esperar, la confirmaci\u00f3n de Zegler como protagonista de Evita despert\u00f3 todo tipo de comentarios en X.<\/p>\n<\/div>\n<div class=\"sc-80531b6b-0 chRIGJ container-text text-embed\">\n<p>Est\u00e1n los detractores, que opinaron cosas como estas: &#8220;\u00bfPor qu\u00e9 ella siempre consigue los roles principales?&#8221;, &#8220;Ten\u00edan a Anya Taylor-Joy ah\u00ed&#8221;, &#8220;Es antip\u00e1tica&#8221;, &#8220;Es un intento equivocado de sacar provecho de su creciente fama, eclipsando talentos m\u00e1s experimentados&#8221;.<\/p>\n<\/div>\n<div class=\"sc-106e49c0-0 dcVumd freeHtml-embed undefined\">\n<blockquote class=\"twitter-tweet\">\n<p lang=\"en\" dir=\"ltr\">Rachel Zegler&#8217;s casting as Eva Per\u00f3n in the West End&#8217;s &#8216;Evita&#8217; revival is a misguided attempt to capitalize on her rising fame, overshadowing more experienced talent.<\/p>\n<p>\u2014 UNRULY (@BenitoFuture) <a rel=\"nofollow\" target=\"_blank\" href=\"https:\/\/twitter.com\/BenitoFuture\/status\/1900524739539378415?ref_src=twsrc%5Etfw\">March 14, 2025<\/a><\/p><\/blockquote>\n<\/div>\n<div class=\"sc-80531b6b-0 chRIGJ container-text text-embed\">\n<p>Pero tambi\u00e9n quienes apoyaron la decisi\u00f3n y destacaron el talento de la actriz: &#8220;Es perfecta&#8221;, &#8220;Es una estrella emergente&#8221;, &#8220;\u00a1Eva tiene una nueva diva!&#8221;.<\/p>\n<\/div>\n<p><h2>\u00bfQui\u00e9n es Rachel Zegler?<\/h2>\n<\/p>\n<div class=\"sc-80531b6b-0 chRIGJ container-text text-embed\">\n<p>Rachel Zegler es una actriz estadounidense de ascendencia polaca y colombiana que dio el salto en Hollywood con su interpretaci\u00f3n en el musical de Spielberg West Side Story.<\/p>\n<\/div>\n<div class=\"sc-80531b6b-0 chRIGJ container-text text-embed\">\n<p>Tiene 23 a\u00f1os y se cri\u00f3 en Clifton, Nueva Hersey, donde se especializ\u00f3 en musicales. Hizo actuaciones en diferentes versiones menores de La Bella y la Bestia, La Sirenita, Shrek, el musical, Los Miserables, Rent y Legalmente rubia, entre otros cl\u00e1sicos.<\/p>\n<\/div>\n<div class=\"sc-98b114a2-0 bkqiHH image-embed  image-embed \"><picture class=\"sc-98b114a2-1 jRUlDm\"><source media=\"(min-width: 975px)\" width=\"720\" height=\"480\" \/><img alt=\"Romeo y Julieta. Broadway . Kit Connor y Rachel Zegler. Foto: Matthew Murphy\" loading=\"lazy\" width=\"720\" height=\"480\" decoding=\"async\" data-nimg=\"1\" style=\"color:transparent\" src=\"https:\/\/13.com.ar\/wp-content\/uploads\/2025\/03\/1741970669_944_Rachel-Zegler-sera-Eva-Peron-en-la-nueva-version-del.jpg\"\/><span class=\"epigraphe\">Romeo y Julieta. Broadway . Kit Connor y Rachel Zegler. Foto: Matthew Murphy<\/span><span class=\"picture-open\"><button class=\"open-image\" aria-label=\"Open Image\"\/><\/span><\/picture><\/div>\n<div class=\"sc-80531b6b-0 chRIGJ container-text text-embed\">\n<p>Despu\u00e9s de su abrupta entrada a Hollywood en 2021, Zegler fue convocada para formar parte de la nueva pel\u00edcula de la franquicia de Los juegos del hambre y para protagonizar el<em> live action<\/em> de Blanca Nieves, que llega el jueves a cines argentinos.<\/p>\n<\/div>\n<p><h2>Evita, el musical<\/h2>\n<\/p>\n<div class=\"sc-80531b6b-0 chRIGJ container-text text-embed\">\n<p>El musical compuesto por Lloyd Webber y escrito por Tim Rice surgi\u00f3 como \u00e1lbum conceptual y luego debut\u00f3 como \u00f3pera rock en el West End, en 1978. <\/p>\n<\/div>\n<div class=\"sc-80531b6b-0 chRIGJ container-text text-embed\">\n<p><strong>Un a\u00f1o despu\u00e9s lleg\u00f3 a Broadway y explot\u00f3<\/strong>: gan\u00f3 el Olivier y el Tony a mejor musical y en 1996 inspir\u00f3 una famosa pel\u00edcula de Alan Parker con <strong>Madonna <\/strong>como protagonista.<\/p>\n<\/div>\n<div class=\"sc-80531b6b-0 chRIGJ container-text text-embed\">\n<p>La historia de esta \u00f3pera rock est\u00e1 basada libremente en la vida de la ex primera dama de Argentina.<\/p>\n<\/div>\n<div class=\"sc-98b114a2-0 bkqiHH image-embed  image-embed \"><picture class=\"sc-98b114a2-1 jRUlDm\"><source media=\"(min-width: 975px)\" width=\"720\" height=\"480\" \/><img alt=\"Madonna como Evita.\" loading=\"lazy\" width=\"720\" height=\"480\" decoding=\"async\" data-nimg=\"1\" style=\"color:transparent\" src=\"https:\/\/13.com.ar\/wp-content\/uploads\/2025\/03\/1741970669_90_Rachel-Zegler-sera-Eva-Peron-en-la-nueva-version-del.jpg\"\/><span class=\"epigraphe\">Madonna como Evita.<\/span><span class=\"picture-open\"><button class=\"open-image\" aria-label=\"Open Image\"\/><\/span><\/picture><\/div>\n<div class=\"sc-80531b6b-0 chRIGJ container-text text-embed\">\n<p>La primera actriz que interpret\u00f3 al personaje en Broadway, en 1979, fue<strong> Patti LuPone<\/strong>. En 2012 fue la argentina <strong>Elena Roger<\/strong> quien se encarg\u00f3 del papel, seis a\u00f1os despu\u00e9s de haberlo interpretado en Londres.<\/p>\n<\/div>\n<\/div>\n<p><script async src=\"\/\/platform.twitter.com\/widgets.js\" charset=\"utf-8\"><\/script><br \/>\n<br \/><br \/>\n<br \/><a href=\"https:\/\/www.clarin.com\/internacional\/rachel-zegler-eva-peron-nueva-version-musical-evita-opiniones-divididas_0_lYqt99a3T5.html\">Fuente Clarin.com <\/a><\/p>\n","protected":false},"excerpt":{"rendered":"<p>La nueva versi\u00f3n del musical Evita en Londres ya tiene a su nueva protagonista: Rachel Zegler. As\u00ed lo confirm\u00f3 el director Jamie Lloyd, que adaptar\u00e1 la obra de Tim Rice y Andrew Lloyd Webber para las nuevas generaciones. La actriz elegida por Steven Spielberg para protagonizar la remake cinematogr\u00e1fica de West Side Story y por [&hellip;]<\/p>\n","protected":false},"author":1,"featured_media":11807,"comment_status":"open","ping_status":"open","sticky":false,"template":"","format":"standard","meta":{"footnotes":""},"categories":[2],"tags":[100,9594,2376,9131,6416,48,705,19,11735,4963,11733,153,2360,11734],"class_list":["post-11806","post","type-post","status-publish","format-standard","has-post-thumbnail","hentry","category-ultimas-noticias","tag-del","tag-divididas","tag-estan","tag-eva","tag-evita","tag-las","tag-musical","tag-nueva","tag-opiniones","tag-peron","tag-rachel","tag-sera","tag-version","tag-zegler"],"_links":{"self":[{"href":"https:\/\/13.com.ar\/index.php\/wp-json\/wp\/v2\/posts\/11806","targetHints":{"allow":["GET"]}}],"collection":[{"href":"https:\/\/13.com.ar\/index.php\/wp-json\/wp\/v2\/posts"}],"about":[{"href":"https:\/\/13.com.ar\/index.php\/wp-json\/wp\/v2\/types\/post"}],"author":[{"embeddable":true,"href":"https:\/\/13.com.ar\/index.php\/wp-json\/wp\/v2\/users\/1"}],"replies":[{"embeddable":true,"href":"https:\/\/13.com.ar\/index.php\/wp-json\/wp\/v2\/comments?post=11806"}],"version-history":[{"count":0,"href":"https:\/\/13.com.ar\/index.php\/wp-json\/wp\/v2\/posts\/11806\/revisions"}],"wp:featuredmedia":[{"embeddable":true,"href":"https:\/\/13.com.ar\/index.php\/wp-json\/wp\/v2\/media\/11807"}],"wp:attachment":[{"href":"https:\/\/13.com.ar\/index.php\/wp-json\/wp\/v2\/media?parent=11806"}],"wp:term":[{"taxonomy":"category","embeddable":true,"href":"https:\/\/13.com.ar\/index.php\/wp-json\/wp\/v2\/categories?post=11806"},{"taxonomy":"post_tag","embeddable":true,"href":"https:\/\/13.com.ar\/index.php\/wp-json\/wp\/v2\/tags?post=11806"}],"curies":[{"name":"wp","href":"https:\/\/api.w.org\/{rel}","templated":true}]}}