{"id":11804,"date":"2025-03-14T13:41:28","date_gmt":"2025-03-14T16:41:28","guid":{"rendered":"https:\/\/13.com.ar\/index.php\/la-inmensa-emocion-de-su-familia\/"},"modified":"2025-03-14T13:41:28","modified_gmt":"2025-03-14T16:41:28","slug":"la-inmensa-emocion-de-su-familia","status":"publish","type":"post","link":"https:\/\/13.com.ar\/index.php\/la-inmensa-emocion-de-su-familia\/","title":{"rendered":"la inmensa emoci\u00f3n de su familia"},"content":{"rendered":"<p> <br \/>\n<\/p>\n<div id=\"cuerpo\">\n<div class=\"sc-80531b6b-0 chRIGJ container-text text-embed\">\n<p>El 7 de diciembre de 2024 hab\u00eda sido la \u00faltima vez que la familia de <strong>M\u00e1ximo Napa Castro<\/strong>, un <strong>pescador <\/strong>de 61 a\u00f1os, supo de \u00e9l. El hombre, de nacionalidad peruana, pas\u00f3 <strong>95 d\u00edas a la deriva<\/strong> <strong>en altamar<\/strong>, y fue <strong>encontrado en estado cr\u00edtico<\/strong> por una embarcaci\u00f3n ecuatoriana que navegaba en la frontera con <strong>Ecuador<\/strong>.<\/p>\n<\/div>\n<div class=\"sc-80531b6b-0 chRIGJ container-text text-embed\">\n<p>La noticia fue confirmada por <strong>In\u00e9s Napa<\/strong>, <strong>una de las hijas del n\u00e1ufrago<\/strong>. Durante una entrevista televisiva con el programa <em>RPP Noticias<\/em>, cont\u00f3 que despu\u00e9s de recibir los primeros auxilios su padre se estabiliz\u00f3, y se est\u00e1 recuperando de las <strong>heridas y quemaduras <\/strong>que le caus\u00f3 la prolongada exposici\u00f3n al sol, y un cuadro de <strong>desnutrici\u00f3n <\/strong>y <strong>deshidrataci\u00f3n<\/strong>.<\/p>\n<\/div>\n<div class=\"sc-80531b6b-0 chRIGJ container-text text-embed\">\n<p><strong>&#8220;Mi padre es un guerrero&#8221;<\/strong>, dijo la joven a pura emoci\u00f3n. &#8220;El motor de su barco dej\u00f3 de funcionar un mes despu\u00e9s de que zarp\u00f3, y <strong>el 21 de diciembre fue su \u00faltima comunicaci\u00f3n <\/strong>por radio, que tambi\u00e9n se rompi\u00f3, y ah\u00ed ya no pudo hacer nada, solo sent\u00eda c\u00f3mo se lo llevaba la marea&#8221;, explic\u00f3, y detall\u00f3 que la \u00faltima se\u00f1al lo ubic\u00f3 a 40 millas de la Isla Santa Rosa, en Pisco.<\/p>\n<\/div>\n<div class=\"sc-80531b6b-0 chRIGJ container-text text-embed\">\n<p>Fueron <strong>tres meses de incertidumbre e impotencia<\/strong> para toda su familia, que radic\u00f3 la denuncia de desaparici\u00f3n cuando dej\u00f3 de recibir novedades suyas, y toda la comunidad pesquera peruana los ayud\u00f3 a buscarlo, mientras ellos ped\u00edan a las autoridades mar\u00edtimas un rastreo a\u00e9reo.<\/p>\n<\/div>\n<div class=\"sc-80531b6b-0 chRIGJ container-text text-embed\">\n<p><strong>M\u00e1ximo, m\u00e1s conocido como <em>Gat\u00f3n<\/em><\/strong>, por el nombre de su embarcaci\u00f3n artesanal, <strong><em>Gat\u00f3n II<\/em><\/strong>, hab\u00eda zarpado el 6 de diciembre desde Marcona, Ica. &#8220;<strong>El 16 de febrero fue su cumplea\u00f1os<\/strong>, y el ten\u00eda pensado llegar para ese d\u00eda, pero<strong> mi pap\u00e1 no lleg\u00f3<\/strong> y eso ya nos pareci\u00f3 muy extra\u00f1o&#8221;, revel\u00f3 In\u00e9s. Tambi\u00e9n cont\u00f3 que su padre navega desde los 13 a\u00f1os, y solo una vez hab\u00eda sufrido un naufragio, cuando ten\u00eda 15.<\/p>\n<\/div>\n<div class=\"sc-98b114a2-0 bkqiHH image-embed  image-embed \"><picture class=\"sc-98b114a2-1 jRUlDm\"><source media=\"(min-width: 975px)\" width=\"2000\" height=\"1500\" \/><img alt=\"M\u00e1ximo Napa Castro tiene 61 a\u00f1os y llevaba tres meses desaparecido. (Foto: Facebook Eder Napa Castro)\" loading=\"lazy\" width=\"2000\" height=\"1500\" decoding=\"async\" data-nimg=\"1\" style=\"color:transparent\" src=\"https:\/\/13.com.ar\/wp-content\/uploads\/2025\/03\/la-inmensa-emocion-de-su-familia.jpg\"\/><span class=\"epigraphe\">M\u00e1ximo Napa Castro tiene 61 a\u00f1os y llevaba tres meses desaparecido. (Foto: Facebook Eder Napa Castro)<\/span><span class=\"picture-open\"><button class=\"open-image\" aria-label=\"Open Image\"\/><\/span><\/picture><\/div>\n<p><h2>De pel\u00edcula: lo rescat\u00f3 un piloto llamado Wilson<\/h2>\n<\/p>\n<div class=\"sc-80531b6b-0 chRIGJ container-text text-embed\">\n<p>&#8220;Estoy muy agradecida a la embarcaci\u00f3n ecuatoriana que lo rescat\u00f3, porque le dieron suero, lo ba\u00f1aron, le dieron comida, lo raparon, y est\u00e1 muy bien en este momento; llegar\u00e1 ma\u00f1ana en horas de la noche al Aeropuerto Internacional Jorge Ch\u00e1vez en Lima&#8221;, indic\u00f3 sobre cu\u00e1ndo ser\u00e1 el ansiado reencuentro en persona.<\/p>\n<\/div>\n<div class=\"sc-80531b6b-0 chRIGJ container-text text-embed\">\n<p>&#8220;A mi pap\u00e1 ahora le decimos &#8216;el n\u00e1ufrago, no solo por lo que le pas\u00f3, sino porque<strong> el piloto que lo rescat\u00f3 se llama Wilson<\/strong>&#8220;, confes\u00f3 la hija del pescador, como una clara referencia a la pel\u00edcula hom\u00f3nima que protagoniz\u00f3 <strong>Tom Hanks<\/strong>.<\/p>\n<\/div>\n<div class=\"sc-98b114a2-0 bkqiHH image-embed  image-embed \"><picture class=\"sc-98b114a2-1 jRUlDm\"><source media=\"(min-width: 975px)\" width=\"720\" height=\"480\" \/><img alt=\"M\u00e1ximo Napa Castro antes de naufragar en su peque\u00f1o bote (Foto: Facebook Eder Napa Castro)\" loading=\"lazy\" width=\"720\" height=\"480\" decoding=\"async\" data-nimg=\"1\" style=\"color:transparent\" src=\"https:\/\/13.com.ar\/wp-content\/uploads\/2025\/03\/1741970488_914_la-inmensa-emocion-de-su-familia.jpg\"\/><span class=\"epigraphe\">M\u00e1ximo Napa Castro antes de naufragar en su peque\u00f1o bote (Foto: Facebook Eder Napa Castro)<\/span><span class=\"picture-open\"><button class=\"open-image\" aria-label=\"Open Image\"\/><\/span><\/picture><\/div>\n<div class=\"sc-80531b6b-0 chRIGJ container-text text-embed\">\n<p>Pudieron entablar una emotiva videollamada con su pap\u00e1, que entre llantos y sollozos les cont\u00f3 que tomaba <strong>agua de lluvia<\/strong> cada vez que pod\u00eda, y us\u00f3 las maderas del bote para crear fuego y cocinar una<strong> bolsa de arroz<\/strong> que ten\u00eda.<\/p>\n<\/div>\n<div class=\"sc-80531b6b-0 chRIGJ container-text text-embed\">\n<p>&#8220;Lo <strong>porcionaba <\/strong>y com\u00eda cada cinco d\u00edas, hasta que se le termin\u00f3 esa \u00fanica comida y pas\u00f3 <strong>20 d\u00edas sin comer y 15 sin agua potable<\/strong>; \u00e9l nos dijo que todos los d\u00edas dec\u00eda: &#8216;Dios ya ll\u00e9vame, porque no aguanto m\u00e1s'&#8221;, cont\u00f3 conmovida.<\/p>\n<\/div>\n<p><iframe loading=\"lazy\" title=\"Ecuador: hallan a pescador peruano que desapareci\u00f3 hace 95 d\u00edas en el mar de Ica\" width=\"640\" height=\"360\" src=\"https:\/\/www.youtube.com\/embed\/xPR7k-8GMl4?feature=oembed\" frameborder=\"0\" allow=\"accelerometer; autoplay; clipboard-write; encrypted-media; gyroscope; picture-in-picture; web-share\" referrerpolicy=\"strict-origin-when-cross-origin\" allowfullscreen><\/iframe><\/p>\n<div class=\"sc-80531b6b-0 chRIGJ container-text text-embed\">\n<p>&#8220;Nos dijo que hab\u00eda mucho oleaje y que en ning\u00fan momento vio ni un solo punto de tierra, as\u00ed que ya estaba sin fuerzas, entregado a su peor destino&#8221;, revel\u00f3. Las <strong>dif\u00edciles condiciones clim\u00e1ticas<\/strong> comenzaron a fines de diciembre y se mantuvieron todo enero y febrero, y fueron un factor clave para que el motor de su embarcaci\u00f3n artesanal dejara de funcionar. <\/p>\n<\/div>\n<div class=\"sc-80531b6b-0 chRIGJ container-text text-embed\">\n<p>&#8220;Nosotros como familia nunca hemos perdido la esperanza de encontrar a mi pap\u00e1. Estamos muy contentos y <strong>sentimos que es un milagro de Dios&#8221;, expres\u00f3.<\/strong><\/p>\n<\/div>\n<div class=\"sc-80531b6b-0 chRIGJ container-text text-embed\">\n<p>Los ecuatorianos que lo encontraron dicen que en el radar de su barco les marcaba un lugar donde hab\u00eda tres palomas dando vueltas en c\u00edrculos, al capit\u00e1n le pareci\u00f3 extra\u00f1o y movilizaron un <strong>helic\u00f3ptero <\/strong>que ten\u00edan a bordo, y ah\u00ed fue que <strong>el piloto Wilson lo rescat\u00f3<\/strong>, sin poder creer lo que ve\u00eda, a mi pap\u00e1 en su bote, todo barbudo y llorando sin parar&#8221;, relat\u00f3.<\/p>\n<\/div>\n<div class=\"sc-80531b6b-0 chRIGJ container-text text-embed\">\n<p>&#8220;Mi pap\u00e1 es conocido en casi todos los puertos de Per\u00fa, porque es alguien muy alegre, que siempre hace chistes, el t\u00edpico hombre que te alegra cualquier reuni\u00f3n, y por eso la familia no pod\u00eda concebir la idea de que no volviera a su casa&#8221;, concluy\u00f3 su hija, mientras palpitaba el esperad\u00edsimo abrazo que le dar\u00e1 cuando lo vea.<\/p>\n<\/div>\n<\/div>\n<p><br \/>\n<br \/><a href=\"https:\/\/www.clarin.com\/internacional\/buscaban-hace-95-dias-encontraron-vida-medio-mar-inmensa-emocion-familia_0_GovEKKFyOt.html\">Fuente Clarin.com <\/a><\/p>\n","protected":false},"excerpt":{"rendered":"<p>El 7 de diciembre de 2024 hab\u00eda sido la \u00faltima vez que la familia de M\u00e1ximo Napa Castro, un pescador de 61 a\u00f1os, supo de \u00e9l. El hombre, de nacionalidad peruana, pas\u00f3 95 d\u00edas a la deriva en altamar, y fue encontrado en estado cr\u00edtico por una embarcaci\u00f3n ecuatoriana que navegaba en la frontera con [&hellip;]<\/p>\n","protected":false},"author":1,"featured_media":11805,"comment_status":"open","ping_status":"open","sticky":false,"template":"","format":"standard","meta":{"footnotes":""},"categories":[2],"tags":[2476,1497,6506],"class_list":["post-11804","post","type-post","status-publish","format-standard","has-post-thumbnail","hentry","category-ultimas-noticias","tag-emocion","tag-familia","tag-inmensa"],"_links":{"self":[{"href":"https:\/\/13.com.ar\/index.php\/wp-json\/wp\/v2\/posts\/11804","targetHints":{"allow":["GET"]}}],"collection":[{"href":"https:\/\/13.com.ar\/index.php\/wp-json\/wp\/v2\/posts"}],"about":[{"href":"https:\/\/13.com.ar\/index.php\/wp-json\/wp\/v2\/types\/post"}],"author":[{"embeddable":true,"href":"https:\/\/13.com.ar\/index.php\/wp-json\/wp\/v2\/users\/1"}],"replies":[{"embeddable":true,"href":"https:\/\/13.com.ar\/index.php\/wp-json\/wp\/v2\/comments?post=11804"}],"version-history":[{"count":0,"href":"https:\/\/13.com.ar\/index.php\/wp-json\/wp\/v2\/posts\/11804\/revisions"}],"wp:featuredmedia":[{"embeddable":true,"href":"https:\/\/13.com.ar\/index.php\/wp-json\/wp\/v2\/media\/11805"}],"wp:attachment":[{"href":"https:\/\/13.com.ar\/index.php\/wp-json\/wp\/v2\/media?parent=11804"}],"wp:term":[{"taxonomy":"category","embeddable":true,"href":"https:\/\/13.com.ar\/index.php\/wp-json\/wp\/v2\/categories?post=11804"},{"taxonomy":"post_tag","embeddable":true,"href":"https:\/\/13.com.ar\/index.php\/wp-json\/wp\/v2\/tags?post=11804"}],"curies":[{"name":"wp","href":"https:\/\/api.w.org\/{rel}","templated":true}]}}