{"id":11799,"date":"2025-03-14T13:26:58","date_gmt":"2025-03-14T16:26:58","guid":{"rendered":"https:\/\/13.com.ar\/index.php\/mark-carney-asumio-como-primer-ministro-en-medio-de-guerra-comercial-de-trump\/"},"modified":"2025-03-14T13:26:58","modified_gmt":"2025-03-14T16:26:58","slug":"mark-carney-asumio-como-primer-ministro-en-medio-de-guerra-comercial-de-trump","status":"publish","type":"post","link":"https:\/\/13.com.ar\/index.php\/mark-carney-asumio-como-primer-ministro-en-medio-de-guerra-comercial-de-trump\/","title":{"rendered":"Mark Carney asumi\u00f3 como primer ministro en medio de guerra comercial de Trump"},"content":{"rendered":"<p> <br \/>\n<br \/><img decoding=\"async\" src=\"https:\/\/13.com.ar\/wp-content\/uploads\/2025\/03\/Mark-Carney-asumio-como-primer-ministro-en-medio-de-guerra.jpg\" \/><\/p>\n<div>\n<p>El exgerente del Banco Central canadiense Mark Carney prest\u00f3 juramento como el nuevo primer ministro de Canad\u00e1 el viernes, y ahora <strong>intentar\u00e1 guiar a su pa\u00eds a trav\u00e9s de <\/strong>una guerra comercial<strong> <\/strong>provocada por el presidente estadounidense Donald Trump, una amenaza de anexi\u00f3n y unas elecciones federales esperadas.<\/p>\n<\/div>\n<div>\n<p>Carney, de 59 a\u00f1os, reemplaza al primer ministro Justin Trudeau, quien <strong>anunci\u00f3 su renuncia en enero,<\/strong> pero permaneci\u00f3 en el poder hasta que el Partido Liberal eligi\u00f3 a un nuevo l\u00edder. Se espera ampliamente que Carney convoque a elecciones generales en los pr\u00f3ximos d\u00edas o semanas.<\/p>\n<\/div>\n<div>\n<p>El Partido Liberal en el poder parec\u00eda estar preparado para una hist\u00f3rica derrota electoral este a\u00f1o<strong> hasta que Trump declar\u00f3 la guerra econ\u00f3mica <\/strong>y amenaz\u00f3 con anexar todo el pa\u00eds como un 51er estado de Estados Unidos. Ahora el partido y su nuevo l\u00edder podr\u00edan salir victoriosos.<\/p>\n<\/div>\n<div>\n<p>Carney ha afirmado que est\u00e1 listo para reunirse con Trump si \u00e9ste muestra \u201crespeto por la soberan\u00eda canadiense\u201d y est\u00e1 dispuesto a adoptar \u201cun enfoque com\u00fan, un enfoque mucho m\u00e1s integral para el comercio\u201d.<\/p>\n<\/div>\n<div>\n<p><strong>Trump impuso aranceles del 25% al acero y aluminio canadienses<\/strong> y est\u00e1 amenazando con aranceles generales sobre todos los productos canadienses a partir del 2 de abril. Ha amenazado con coerci\u00f3n econ\u00f3mica en sus amenazas de anexi\u00f3n y sugiri\u00f3 que la frontera es una l\u00ednea ficticia.<\/p>\n<\/div>\n<div>\n<p>La guerra comercial de Estados Unidos y los comentarios de Trump sobre <strong>convertir a Canad\u00e1 en el 51er estado de Estados Unidos<\/strong> han enfurecido a los canadienses, quienes <strong>abuchean el himno estadounidense <\/strong>en los partidos de la NHL y la NBA. Algunos est\u00e1n cancelando viajes al sur de la frontera, y muchos evitan comprar productos estadounidenses cuando pueden.<\/p>\n<\/div>\n<div>\n<p>El aumento del nacionalismo canadiense ha fortalecido las posibilidades del Partido Liberal en unas elecciones parlamentarias que se esperan en d\u00edas o semanas, y los resultados del Partido Liberal han mejorado en las encuestas de opini\u00f3n.<\/p>\n<\/div>\n<div>\n<p>Carney, quien naveg\u00f3 la crisis al frente del Banco de Canad\u00e1 desde 2008, y luego en 2013 cuando se convirti\u00f3 en el primer no ciudadano brit\u00e1nico en dirigir el Banco de Inglaterra \u2014ayudando a gestionar los peores impactos del Brexit en el Reino Unido\u2014 ahora intentar\u00e1 guiar a Canad\u00e1 a trav\u00e9s de la guerra comercial provocada por Trump.<\/p>\n<\/div>\n<div>\n<p>Carney, <strong>un exejecutivo de Goldman Sachs sin experiencia en pol\u00edtica, <\/strong>se convierte en el 24to primer ministro de Canad\u00e1.<\/p>\n<\/div>\n<div>\n<p>\u201c<strong>Le ir\u00e1 muy bien<\/strong>. Es respetado internacionalmente\u201d, dijo el ex primer ministro Jean Chr\u00e9tien a los periodistas el viernes. Pero, a\u00f1adi\u00f3: \u201cNo hay una soluci\u00f3n m\u00e1gica. Esta no es una situaci\u00f3n normal. Nunca hemos visto a alguien que cambia de opini\u00f3n cada cinco minutos como presidente de Estados Unidos. <strong>Crea problemas en todas partes<\/strong>, no solo en Canad\u00e1\u201d.<\/p>\n<\/div>\n<p><br \/>\n<br \/><a href=\"https:\/\/www.clarin.com\/mundo\/canada-mark-carney-asumio-primer-ministro-medio-guerra-comercial-trump_0_SOMgbfE2pv.html\">Fuente Clarin.com <\/a><\/p>\n","protected":false},"excerpt":{"rendered":"<p>El exgerente del Banco Central canadiense Mark Carney prest\u00f3 juramento como el nuevo primer ministro de Canad\u00e1 el viernes, y ahora intentar\u00e1 guiar a su pa\u00eds a trav\u00e9s de una guerra comercial provocada por el presidente estadounidense Donald Trump, una amenaza de anexi\u00f3n y unas elecciones federales esperadas. Carney, de 59 a\u00f1os, reemplaza al primer [&hellip;]<\/p>\n","protected":false},"author":1,"featured_media":11800,"comment_status":"open","ping_status":"open","sticky":false,"template":"","format":"standard","meta":{"footnotes":""},"categories":[2],"tags":[2747,11729,1419,66,1864,2080,1224,2640,195,179],"class_list":["post-11799","post","type-post","status-publish","format-standard","has-post-thumbnail","hentry","category-ultimas-noticias","tag-asumio","tag-carney","tag-comercial","tag-como","tag-guerra","tag-mark","tag-medio","tag-ministro","tag-primer","tag-trump"],"_links":{"self":[{"href":"https:\/\/13.com.ar\/index.php\/wp-json\/wp\/v2\/posts\/11799","targetHints":{"allow":["GET"]}}],"collection":[{"href":"https:\/\/13.com.ar\/index.php\/wp-json\/wp\/v2\/posts"}],"about":[{"href":"https:\/\/13.com.ar\/index.php\/wp-json\/wp\/v2\/types\/post"}],"author":[{"embeddable":true,"href":"https:\/\/13.com.ar\/index.php\/wp-json\/wp\/v2\/users\/1"}],"replies":[{"embeddable":true,"href":"https:\/\/13.com.ar\/index.php\/wp-json\/wp\/v2\/comments?post=11799"}],"version-history":[{"count":0,"href":"https:\/\/13.com.ar\/index.php\/wp-json\/wp\/v2\/posts\/11799\/revisions"}],"wp:featuredmedia":[{"embeddable":true,"href":"https:\/\/13.com.ar\/index.php\/wp-json\/wp\/v2\/media\/11800"}],"wp:attachment":[{"href":"https:\/\/13.com.ar\/index.php\/wp-json\/wp\/v2\/media?parent=11799"}],"wp:term":[{"taxonomy":"category","embeddable":true,"href":"https:\/\/13.com.ar\/index.php\/wp-json\/wp\/v2\/categories?post=11799"},{"taxonomy":"post_tag","embeddable":true,"href":"https:\/\/13.com.ar\/index.php\/wp-json\/wp\/v2\/tags?post=11799"}],"curies":[{"name":"wp","href":"https:\/\/api.w.org\/{rel}","templated":true}]}}