{"id":11793,"date":"2025-03-14T13:00:43","date_gmt":"2025-03-14T16:00:43","guid":{"rendered":"https:\/\/13.com.ar\/index.php\/que-paren-todo-lo-que-quieran\/"},"modified":"2025-03-14T13:00:43","modified_gmt":"2025-03-14T16:00:43","slug":"que-paren-todo-lo-que-quieran","status":"publish","type":"post","link":"https:\/\/13.com.ar\/index.php\/que-paren-todo-lo-que-quieran\/","title":{"rendered":"\u201cQue paren todo lo que quieran\u201c"},"content":{"rendered":"<p> <br \/>\n<br \/><img decoding=\"async\" src=\"https:\/\/13.com.ar\/wp-content\/uploads\/2025\/03\/Que-paren-todo-lo-que-quieran.jpg\" \/><\/p>\n<div id=\"cuerpo\">\n<div class=\"sc-80531b6b-0 chRIGJ container-text text-embed\">\n<p>El fin de la tregua con la CGT no inquieta al Gobierno. <strong>Desde la c\u00fapula libertaria aseguran que el paro general anunciado ayer \u201ces todo ganancia pol\u00edtica\u201d ya que \u201cla gente est\u00e1 en su contra\u201d<\/strong> y en consecuencia no har\u00e1n concesiones para intentar frenar la medida: \u201cQue paren todo lo que quieran\u201d, desaf\u00edan cerca del presidente<strong> Javier Milei.<\/strong><\/p>\n<\/div>\n<div class=\"sc-80531b6b-0 chRIGJ container-text text-embed\">\n<p>En medio de un clima de tensi\u00f3n tras los \u00faltimos d\u00edas de conflicto pol\u00edtico en torno a la marcha que un grupo de barrabravas realiz\u00f3 por los jubilados, en la Casa Rosada no gener\u00f3 ruido la decisi\u00f3n del Consejo directivo de la CGT. Especulan con que<strong> volver a enfrentarse \u201ccon la casta sindical\u201d podr\u00eda potenciar la imagen de Javier Milei<\/strong>, por lo que en el Ejecutivo est\u00e1n abiertos a medir fuerzas.<\/p>\n<\/div>\n<div class=\"sc-80531b6b-0 chRIGJ container-text text-embed\">\n<p><strong>\u201cSi ratifican la medida, est\u00e1 perfecto. Todo lo que haga la CGT nos conviene pol\u00edticamente&#8221;, analizaron desde Balcarce 50<\/strong>, al tiempo que recalcaron: \u201cNo tenemos problemas en confrontarlos, no entienden que la gente est\u00e1 con nosotros y en su contra\u201d.<\/p>\n<\/div>\n<div class=\"sc-80531b6b-0 chRIGJ container-text text-embed\">\n<p>Para el Ejecutivo el antecedente de la central obrera juega a su favor. &#8220;Todos tienen que saber que fueron los que hicieron el paro m\u00e1s r\u00e1pido de la historia a un gobierno en democracia&#8221;, recordaron desde la mesa chica presidencial, en di\u00e1logo con Clar\u00edn.<\/p>\n<\/div>\n<div class=\"sc-80531b6b-0 chRIGJ container-text text-embed\">\n<p>Esto no implica que los principales armadores del Gobierno quieran dinamitar por completo el v\u00ednculo que se teji\u00f3 con \u201clos gordos\u201d. Por eso, funcionarios de la m\u00e1xima confianza de Milei indicaron que la idea \u201cno es salir a responder\u201d directamente. \u201cEs esperable la medida de parte de ellos, siempre est\u00e1n del lado del mal\u201d, acot\u00f3 un estrecho colaborador del l\u00edder libertario, quien opt\u00f3 por recluir el debate a diferencias conceptuales y no llevarlo a un terreno belicoso.<\/p>\n<\/div>\n<div class=\"sc-80531b6b-0 chRIGJ container-text text-embed\">\n<p>Es que, tras un primer inicio muy conflictivo, con los embates sindicales a la Ley \u00d3mnibus y en especial por la judicializaci\u00f3n del cap\u00edtulo de la Reforma Laboral, el Gobierno explor\u00f3 una \u201ctabula rasa\u201d con el triunvirato de la CGT. <\/p>\n<\/div>\n<div class=\"sc-80531b6b-0 chRIGJ container-text text-embed\">\n<p>Ese nivel de crispaci\u00f3n merm\u00f3 al punto que<strong> H\u00e9ctor Daer y Carlos Acu\u00f1a concurrieron en algunas ocasiones a la Casa Rosada y terminaron de distanciarse con el referente camionero Pablo Moyano<\/strong>, que rompi\u00f3 relaciones, abandon\u00f3 la central junto a su tropa e inst\u00f3 con \u201cdejar de seguir dialogando con el Gobierno\u201d.<\/p>\n<\/div>\n<div class=\"sc-80531b6b-0 chRIGJ container-text text-embed\">\n<p>Siguiendo con esa moderaci\u00f3n, se opt\u00f3 por mantener el puesto del gremio en la organizaci\u00f3n, con la designaci\u00f3n de Octavio Arg\u00fcello, un dirigente cercano a Hugo Moyano, que reencauza su vinculo con la CGT, pero desde las sombras y priorizando un perfil constructivo con la Casa Rosada. Un ejemplo reciente fue la decisi\u00f3n de que Camioneros y el resto de la CGT no se acoplara a la marcha de agrupaciones de jubilados y barras que se realiz\u00f3 el mi\u00e9rcoles frente al Congreso. En el Gobierno entienden que el anuncio de Daer llega para resistir presiones internas dentro del sindicalismo.  <\/p>\n<\/div>\n<div class=\"sc-80531b6b-0 chRIGJ container-text text-embed\">\n<p>En funci\u00f3n de esos acercamientos tambi\u00e9n pag\u00f3 costos pol\u00edticos el Gobierno, que hizo gestos que colaboraron con la bandera blanca pero que tensaron el v\u00ednculo con sus aliados del PRO y el sector m\u00e1s dialoguista de la UCR.  Es que congel\u00f3 una serie de proyectos que apuntaban los referentes gremiales, como la iniciativa de Democracia Sindical, que constaban en la eliminaci\u00f3n de las reelecciones indefinidas para los secretarios generales, la supresi\u00f3n de la obligatoriedad de la cuota solidaria y la puesta en vigencia de la ficha limpia para los sindicalistas. Tambi\u00e9n acept\u00f3 morigerar las penalidades sobre los bloqueos a las empresas.<\/p>\n<\/div>\n<div class=\"sc-80531b6b-0 chRIGJ container-text text-embed\">\n<p>Hasta comienzos de a\u00f1o,<strong> la mayor\u00eda del Consejo Directivo coincid\u00eda que la imagen positiva del Gobierno y la ambici\u00f3n de Javier Milei de recortar el poder a los gremios fueron dos factores que obligaron a recular<\/strong>, supervisar el panorama electoral, optar por el perfil bajo y hasta llegar a acuerdos con los libertarios.<\/p>\n<\/div>\n<div class=\"sc-80531b6b-0 chRIGJ container-text text-embed\">\n<p>\u201cCuando la CGT toma una actitud de confrontaci\u00f3n, tiene que tener acumulaci\u00f3n pol\u00edtica en alg\u00fan lado. Hoy no hay lugar donde se acumule pol\u00edticamente nada, porque hay una desintegraci\u00f3n pol\u00edtica muy grande, el peronismo todav\u00eda no ha gestado una opci\u00f3n de acumulaci\u00f3n pol\u00edtica, lo vemos a diario, y este es el proceso\u201d, hab\u00eda dicho Daer el 29 de enero, desnudando la fragilidad estructural para intentar realzar los reclamos que surgen desde las bases.<\/p>\n<\/div>\n<div class=\"sc-80531b6b-0 chRIGJ container-text text-embed\">\n<p>La c\u00faspide sindical resisti\u00f3 hasta febrero los reclamos internos en torno a cambiar su postura sobre el Gobierno y redoblar el tono de la discusi\u00f3n. Se torn\u00f3 \u201cimposible de controlar\u201d las quejas de distintos sectores por los topes de aumento en las discusiones paritarias, siempre atadas a la inflaci\u00f3n. A su vez, el presente de la actividad industrial y el acuerdo con el Fondo Monetario Internacional \u201cimplican otra amenaza a los trabajadores\u201d, sostienen.<\/p>\n<\/div>\n<div class=\"sc-80531b6b-0 chRIGJ container-text text-embed\">\n<p>Con todo, la huelga lanzada este jueves ocurre el mismo d\u00eda que la CGT incorpora a la Uni\u00f3n de Trabajadores de la Econom\u00eda Popular (UTEP), organizaci\u00f3n que encabeza Alejandro Gramajo, pero que tiene a Juan Grabois como uno de sus principales referentes debajo de la superficie. El ex candidato a presidente de Uni\u00f3n por la Patria no tuvo demasiado prurito en admitir ayer que quiere \u201cque se caiga\u201d el Gobierno. <\/p>\n<\/div>\n<\/div>\n<p><br \/>\n<br \/><a href=\"https:\/\/www.clarin.com\/politica\/gobierno-redobla-apuesta-anuncio-cgt-paren-quieran_0_HETs0HMLWc.html\">Fuente Clarin.com <\/a><\/p>\n","protected":false},"excerpt":{"rendered":"<p>El fin de la tregua con la CGT no inquieta al Gobierno. Desde la c\u00fapula libertaria aseguran que el paro general anunciado ayer \u201ces todo ganancia pol\u00edtica\u201d ya que \u201cla gente est\u00e1 en su contra\u201d y en consecuencia no har\u00e1n concesiones para intentar frenar la medida: \u201cQue paren todo lo que quieran\u201d, desaf\u00edan cerca del [&hellip;]<\/p>\n","protected":false},"author":1,"featured_media":11794,"comment_status":"open","ping_status":"open","sticky":false,"template":"","format":"standard","meta":{"footnotes":""},"categories":[2],"tags":[11723,3595,24],"class_list":["post-11793","post","type-post","status-publish","format-standard","has-post-thumbnail","hentry","category-ultimas-noticias","tag-paren","tag-quieran","tag-todo"],"_links":{"self":[{"href":"https:\/\/13.com.ar\/index.php\/wp-json\/wp\/v2\/posts\/11793","targetHints":{"allow":["GET"]}}],"collection":[{"href":"https:\/\/13.com.ar\/index.php\/wp-json\/wp\/v2\/posts"}],"about":[{"href":"https:\/\/13.com.ar\/index.php\/wp-json\/wp\/v2\/types\/post"}],"author":[{"embeddable":true,"href":"https:\/\/13.com.ar\/index.php\/wp-json\/wp\/v2\/users\/1"}],"replies":[{"embeddable":true,"href":"https:\/\/13.com.ar\/index.php\/wp-json\/wp\/v2\/comments?post=11793"}],"version-history":[{"count":0,"href":"https:\/\/13.com.ar\/index.php\/wp-json\/wp\/v2\/posts\/11793\/revisions"}],"wp:featuredmedia":[{"embeddable":true,"href":"https:\/\/13.com.ar\/index.php\/wp-json\/wp\/v2\/media\/11794"}],"wp:attachment":[{"href":"https:\/\/13.com.ar\/index.php\/wp-json\/wp\/v2\/media?parent=11793"}],"wp:term":[{"taxonomy":"category","embeddable":true,"href":"https:\/\/13.com.ar\/index.php\/wp-json\/wp\/v2\/categories?post=11793"},{"taxonomy":"post_tag","embeddable":true,"href":"https:\/\/13.com.ar\/index.php\/wp-json\/wp\/v2\/tags?post=11793"}],"curies":[{"name":"wp","href":"https:\/\/api.w.org\/{rel}","templated":true}]}}