{"id":11789,"date":"2025-03-14T12:54:33","date_gmt":"2025-03-14T15:54:33","guid":{"rendered":"https:\/\/13.com.ar\/index.php\/el-torneo-de-basquet-que-homenajea-al-chapu-nocioni-con-un-mural-de-400-metros-cuadrados\/"},"modified":"2025-03-14T12:54:33","modified_gmt":"2025-03-14T15:54:33","slug":"el-torneo-de-basquet-que-homenajea-al-chapu-nocioni-con-un-mural-de-400-metros-cuadrados","status":"publish","type":"post","link":"https:\/\/13.com.ar\/index.php\/el-torneo-de-basquet-que-homenajea-al-chapu-nocioni-con-un-mural-de-400-metros-cuadrados\/","title":{"rendered":"El torneo de b\u00e1squet que homenajea al &#8220;Chapu&#8221; Nocioni con un mural de 400 metros cuadrados"},"content":{"rendered":"<p> <br \/>\n<\/p>\n<div id=\"cuerpo\">\n<div class=\"sc-80531b6b-0 chRIGJ container-text text-embed\">\n<p>Explotar al m\u00e1ximo una pasi\u00f3n requiere de mucho trabajo. M\u00e1s si el objetivo es armar un <strong>mega evento<\/strong> que supere la expectativas de quienes asistan. Autoexigencia y calidad. Esas son las dos premisas que manejan las tres personas detr\u00e1s de<strong> La Legi\u00f3n<\/strong>, una productora en auge que est\u00e1 a nada de concretar un evento inolvidable. <\/p>\n<\/div>\n<div class=\"sc-80531b6b-0 chRIGJ container-text text-embed\">\n<p>\u00bfDe qu\u00e9 se trata? <strong>B\u00e1squet y arte<\/strong>, pero con algo m\u00e1s. Siempre es con algo m\u00e1s. En esta ocasi\u00f3n, se trata de un homenaje a una de las figuras m\u00e1s grandes de la Generaci\u00f3n Dorada:<strong> Andres &#8220;Chapu&#8221; Nocioni<\/strong>. <\/p>\n<\/div>\n<div class=\"sc-80531b6b-0 chRIGJ container-text text-embed\">\n<p>El <strong>Parque los Patricios<\/strong> ser\u00e1 testigo el pr\u00f3ximo <strong>16 de marzo<\/strong> a partir de las 10 de una competencia especial. No solo porque el premio para el equipo ganador ser\u00e1 de <strong>un mill\u00f3n de pesos en efectivo<\/strong>, sino porque ese no es el \u00fanico incentivo para asistir. Hay de todo: un mural que atraviese de lado a lado la cancha del parque, un paseo gastron\u00f3mico, shows de figuras de la escena del rap argentino y retribuciones hasta para los mejores hinchas.<\/p>\n<\/div>\n<p><h2>Homenaje y competencia, m\u00e1s sobre el 3&#215;3 Legionario<\/h2>\n<\/p>\n<div class=\"sc-80531b6b-0 chRIGJ container-text text-embed\">\n<p>El Chapu Nocioni representa mucho para los basquetbolistas argentinos. &#8220;Nos hizo inflar el pecho de orgullo con su inolvidable <strong>triple contra Brasil <\/strong>en los Juegos Ol\u00edmpicos&#8221;, expresa<strong> Eli\u00e1n Coronel<\/strong> (27), uno de los organizadores del evento. &#8220;La idea es plasmar su historia en <strong>un mural de 400 metros cuadrados<\/strong>&#8220;, agrega. Quien se encargar\u00e1 de la realizaci\u00f3n del mismo ser\u00e1 el artista <strong>Federico Raichensztein<\/strong>, quien adem\u00e1s es Ingeniero Qu\u00edmico de la Universidad Tecnol\u00f3gica Nacional (UTN). <\/p>\n<\/div>\n<div class=\"sc-98b114a2-0 bkqiHH image-embed  image-embed \"><picture class=\"sc-98b114a2-1 jRUlDm\"><source media=\"(min-width: 975px)\" width=\"720\" height=\"480\" \/><img alt=\"Prototipo. As\u00ed se ver\u00e1 el mural de Nocioni sobre la cancha de Parque Patricios. \" loading=\"lazy\" width=\"720\" height=\"480\" decoding=\"async\" data-nimg=\"1\" style=\"color:transparent\" src=\"https:\/\/13.com.ar\/wp-content\/uploads\/2025\/03\/El-torneo-de-basquet-que-homenajea-al-Chapu-Nocioni-con.jpg\"\/><span class=\"epigraphe\">Prototipo. As\u00ed se ver\u00e1 el mural de Nocioni sobre la cancha de Parque Patricios. <\/span><span class=\"picture-open\"><button class=\"open-image\" aria-label=\"Open Image\"\/><\/span><\/picture><\/div>\n<div class=\"sc-80531b6b-0 chRIGJ container-text text-embed\">\n<p>\u201cCon este evento adem\u00e1s de celebrar la trayectoria del Chapu, buscamos inspirar a nuevas generaciones a so\u00f1ar en grande,<strong> hacer al p\u00fablico protagonista<\/strong> y promover los valores del deporte. Dejar una pieza de arte como este mural al alcance de todos es un sue\u00f1o cumplido para nosotros\u201d, definen sus organizadores: <strong>Shulio<\/strong>, Eli\u00e1n y <strong>Lucas Sferrayo<\/strong>.<\/p>\n<\/div>\n<div class=\"sc-80531b6b-0 chRIGJ container-text text-embed\">\n<p>La competencia contar\u00e1 con 32 equipos que se anotaron desde el 10 de febrero. Hubo una pre selecci\u00f3n para que el nivel sea alto y &#8220;compitan <strong>los mejores de las plazas de todo Buenos Aires<\/strong>&#8220;. <\/p>\n<\/div>\n<div class=\"sc-98b114a2-0 bkqiHH image-embed  image-embed \"><picture class=\"sc-98b114a2-1 jRUlDm\"><source media=\"(min-width: 975px)\" width=\"720\" height=\"480\" \/><img alt=\"El flyer del evento. \" loading=\"lazy\" width=\"720\" height=\"480\" decoding=\"async\" data-nimg=\"1\" style=\"color:transparent\" src=\"https:\/\/13.com.ar\/wp-content\/uploads\/2025\/03\/1741967673_557_El-torneo-de-basquet-que-homenajea-al-Chapu-Nocioni-con.jpg\"\/><span class=\"epigraphe\">El flyer del evento. <\/span><span class=\"picture-open\"><button class=\"open-image\" aria-label=\"Open Image\"\/><\/span><\/picture><\/div>\n<div class=\"sc-80531b6b-0 chRIGJ container-text text-embed\">\n<p>La idea de los organizadores es que tanto los competidores como el p\u00fablico pasen una tarde perfecta. Por eso, llevan a lo alto cada detalle de la producci\u00f3n del evento. Habr\u00e1 transmisi\u00f3n en vivo y shows de raperos referentes del g\u00e9nero urbano en Argentina: el <strong>Chino CNO<\/strong>, de la zona Norte del Conurbano bonaerense y<strong> Jesse Pungaz<\/strong>, de Mar del Plata. <\/p>\n<\/div>\n<p><h2>De 0 a 100: la historia del equipo legionario<\/h2>\n<\/p>\n<div class=\"sc-80531b6b-0 chRIGJ container-text text-embed\">\n<p>&#8220;Este evento es lo m\u00e1ximo para mi. Lo siento como una novia linda. Lo llevo orgulloso a todos lados&#8221;, cuenta entre risas<strong> <\/strong>Coronel que estudia<strong> periodismo deportivo<\/strong> en la Universidad Argentina de la Empresa (<strong>UADE<\/strong>) y en una de las materias descubri\u00f3 que su pasi\u00f3n adem\u00e1s estaba en <strong>organizar eventos<\/strong>.<\/p>\n<\/div>\n<div class=\"sc-98b114a2-0 bkqiHH image-embed  image-embed \"><picture class=\"sc-98b114a2-1 jRUlDm\"><source media=\"(min-width: 975px)\" width=\"720\" height=\"480\" \/><img alt=\"Legionarios. Los tres organizadores del evento de b\u00e1squet. \" loading=\"lazy\" width=\"720\" height=\"480\" decoding=\"async\" data-nimg=\"1\" style=\"color:transparent\" src=\"https:\/\/13.com.ar\/wp-content\/uploads\/2025\/03\/1741967673_442_El-torneo-de-basquet-que-homenajea-al-Chapu-Nocioni-con.jpg\"\/><span class=\"epigraphe\">Legionarios. Los tres organizadores del evento de b\u00e1squet. <\/span><span class=\"picture-open\"><button class=\"open-image\" aria-label=\"Open Image\"\/><\/span><\/picture><\/div>\n<div class=\"sc-80531b6b-0 chRIGJ container-text text-embed\">\n<p>\u00c9l es un <strong>entusiasta <\/strong>que se fascina por estar en los detalles y hacer hasta lo imposible o absurdo para <strong>conseguir lo necesita<\/strong>. &#8220;Me he ido hasta la puerta de un canal de televisi\u00f3n horas y horas para lograr que me den una respuesta que buscaba&#8221;, recuerda. As\u00ed, junto a sus compa\u00f1eros, trajeron a distintas <strong>marcas <\/strong>para llevar a cabo el evento: Sinteplast, Montana, Renovar, Don Roque, Teod, Rsp, Wolfi, Uni\u00f3n Ganadera y m\u00e1s.<\/p>\n<\/div>\n<div class=\"sc-80531b6b-0 chRIGJ container-text text-embed\">\n<p>En la universidad encontr\u00f3 el apoyo que necesitaba para darle forma a su idea de evento. Gracias a <strong>Pablo Cardozo<\/strong>, responsable del centro de emprendedores de la UADE, pudo potenciar un modelo de negocios para salir a buscar lo necesario para armar su primera aventura: <strong>un torneo de voley<\/strong> que llam\u00f3 <em>Desaf\u00edo Vitalcan<\/em> y logr\u00f3 junto a la colaboraci\u00f3n de la Liga Argentina de Voleibol (ACLAV).<\/p>\n<\/div>\n<div class=\"sc-80531b6b-0 chRIGJ container-text text-embed\">\n<p>Para esa ocasi\u00f3n necesitaba un <strong>host <\/strong>que no tard\u00f3 en encontrar. Eli\u00e1n fue a la <strong>Red Bull Batalla 2022<\/strong> con sus amigos y se llev\u00f3 una grata sorpresa al ver que en el escenario del<strong> Movistar Arena<\/strong> hab\u00eda un viejo conocido oficiando de presentador: <strong>Juli\u00e1n Lav\u00edn<\/strong> (26), mejor conocido como <strong>Shulio <\/strong>en el ambiente del rap.<\/p>\n<\/div>\n<div class=\"sc-98b114a2-0 bkqiHH image-embed  image-embed \"><picture class=\"sc-98b114a2-1 jRUlDm\"><source media=\"(min-width: 975px)\" width=\"720\" height=\"480\" \/><img alt=\"Shulio es presentador de batallas de rap y ya trabaj\u00f3 en el Movistar Arena y en Obras Sanitarias. \" loading=\"lazy\" width=\"720\" height=\"480\" decoding=\"async\" data-nimg=\"1\" style=\"color:transparent\" src=\"https:\/\/13.com.ar\/wp-content\/uploads\/2025\/03\/1741967673_455_El-torneo-de-basquet-que-homenajea-al-Chapu-Nocioni-con.jpg\"\/><span class=\"epigraphe\">Shulio es presentador de batallas de rap y ya trabaj\u00f3 en el Movistar Arena y en Obras Sanitarias. <\/span><span class=\"picture-open\"><button class=\"open-image\" aria-label=\"Open Image\"\/><\/span><\/picture><\/div>\n<div class=\"sc-80531b6b-0 chRIGJ container-text text-embed\">\n<p>&#8220;El loco se vino hasta un evento underground que yo presentaba en una plaza y <strong>se anot\u00f3 para competir solo para charlar conmigo<\/strong> y ofrecerme ser el host de su evento&#8221;, relata Shulio sobre su acercamiento con Eli\u00e1n. Ellos ya se conoc\u00edan por haber compartido en el deporte pero ahora se reencontraban gracias a la m\u00fasica. <\/p>\n<\/div>\n<div class=\"sc-80531b6b-0 chRIGJ container-text text-embed\">\n<p>Shulio fue la puerta de acceso al ambiente art\u00edstico dentro de la cultura urbana. Ofici\u00f3 de host en el evento de voley, se dio cuenta que quer\u00eda ser parte de la producci\u00f3n de algo as\u00ed y ahora se prepara para lo que viene tambi\u00e9n como organizador. &#8220;<strong>El rap y el b\u00e1squet conviven perfectamente<\/strong> y eso es lo que el evento viene a transmitir&#8221;, afirma.<\/p>\n<\/div>\n<div class=\"sc-80531b6b-0 chRIGJ container-text text-embed\">\n<p>Al equipo lo completa un pibe de Moreno, <strong>Lucas Sferrayo<\/strong> (27) quien comparte pasi\u00f3n por el voley con Eli\u00e1n hace m\u00e1s de 10 a\u00f1os. Los tres son las caras detr\u00e1s de <strong>La Legi\u00f3n<\/strong>, <strong>una productora nueva pero que promete mucho <\/strong>y ya piensa a futuro. Primero, fue el voley (habr\u00e1 repetici\u00f3n), ahora el b\u00e1squet y m\u00e1s adelante, entre otros deportes, el f\u00fatbol. <\/p>\n<\/div>\n<\/div>\n<p><br \/>\n<br \/><a href=\"https:\/\/www.clarin.com\/zonales\/torneo-basquet-homenajea-chapu-nocioni-mural-400-metros-cuadrados_0_s8fKUuym92.html\">Fuente Clarin.com <\/a><\/p>\n","protected":false},"excerpt":{"rendered":"<p>Explotar al m\u00e1ximo una pasi\u00f3n requiere de mucho trabajo. M\u00e1s si el objetivo es armar un mega evento que supere la expectativas de quienes asistan. Autoexigencia y calidad. Esas son las dos premisas que manejan las tres personas detr\u00e1s de La Legi\u00f3n, una productora en auge que est\u00e1 a nada de concretar un evento inolvidable. [&hellip;]<\/p>\n","protected":false},"author":1,"featured_media":11790,"comment_status":"open","ping_status":"open","sticky":false,"template":"","format":"standard","meta":{"footnotes":""},"categories":[2],"tags":[9193,11718,18,11721,11717,1261,11720,11719,1025],"class_list":["post-11789","post","type-post","status-publish","format-standard","has-post-thumbnail","hentry","category-ultimas-noticias","tag-basquet","tag-chapu","tag-con","tag-cuadrados","tag-homenajea","tag-metros","tag-mural","tag-nocioni","tag-torneo"],"_links":{"self":[{"href":"https:\/\/13.com.ar\/index.php\/wp-json\/wp\/v2\/posts\/11789","targetHints":{"allow":["GET"]}}],"collection":[{"href":"https:\/\/13.com.ar\/index.php\/wp-json\/wp\/v2\/posts"}],"about":[{"href":"https:\/\/13.com.ar\/index.php\/wp-json\/wp\/v2\/types\/post"}],"author":[{"embeddable":true,"href":"https:\/\/13.com.ar\/index.php\/wp-json\/wp\/v2\/users\/1"}],"replies":[{"embeddable":true,"href":"https:\/\/13.com.ar\/index.php\/wp-json\/wp\/v2\/comments?post=11789"}],"version-history":[{"count":0,"href":"https:\/\/13.com.ar\/index.php\/wp-json\/wp\/v2\/posts\/11789\/revisions"}],"wp:featuredmedia":[{"embeddable":true,"href":"https:\/\/13.com.ar\/index.php\/wp-json\/wp\/v2\/media\/11790"}],"wp:attachment":[{"href":"https:\/\/13.com.ar\/index.php\/wp-json\/wp\/v2\/media?parent=11789"}],"wp:term":[{"taxonomy":"category","embeddable":true,"href":"https:\/\/13.com.ar\/index.php\/wp-json\/wp\/v2\/categories?post=11789"},{"taxonomy":"post_tag","embeddable":true,"href":"https:\/\/13.com.ar\/index.php\/wp-json\/wp\/v2\/tags?post=11789"}],"curies":[{"name":"wp","href":"https:\/\/api.w.org\/{rel}","templated":true}]}}