{"id":11783,"date":"2025-03-14T12:42:28","date_gmt":"2025-03-14T15:42:28","guid":{"rendered":"https:\/\/13.com.ar\/index.php\/los-secretos-del-trailer-de-la-temporada-7-de-black-mirror\/"},"modified":"2025-03-14T12:42:28","modified_gmt":"2025-03-14T15:42:28","slug":"los-secretos-del-trailer-de-la-temporada-7-de-black-mirror","status":"publish","type":"post","link":"https:\/\/13.com.ar\/index.php\/los-secretos-del-trailer-de-la-temporada-7-de-black-mirror\/","title":{"rendered":"Los secretos del tr\u00e1iler de la temporada 7 de Black Mirror"},"content":{"rendered":"<p> <br \/>\n<\/p>\n<div id=\"cuerpo\">\n<div class=\"sc-80531b6b-0 chRIGJ container-text text-embed\">\n<p>La serie Black Mirror anunci\u00f3 su regreso este jueves 13 de marzo, con un tr\u00e1iler en donde aparecen varios famosos que ser\u00e1n los protagonistas en esta s\u00e9ptima temporada. Fiel a su estilo estremecedor y dist\u00f3pico, esta fascinaci\u00f3n del horror hace que los espectadores siempre esperen sus noticias.<\/p>\n<\/div>\n<div class=\"sc-80531b6b-0 chRIGJ container-text text-embed\">\n<p><em>&#8220;Desconecta tu realidad con 6 estremecedores episodios&#8221; , <\/em>as\u00ed anuncia el trailer la vuelta de<em> e<\/em>sta serie que gira en marco a una sociedad corrompida de manera negativa con el avance de la tecnolog\u00eda.<\/p>\n<\/div>\n<div class=\"sc-80531b6b-0 chRIGJ container-text text-embed\">\n<p>Seg\u00fan se trascendi\u00f3, estos cap\u00edtulos atravesar\u00e1n todos los g\u00e9neros, incluyendo hasta cortometrajes <em>&#8220;un poco Black Mirror original&#8221;<\/em>, declar\u00f3 <strong>Charlie Brooker<\/strong> -su creador- durante un evento dedicado a los fans de la plataforma Netflix. Luego agreg\u00f3: &#8220;Es un regreso a lo b\u00e1sico en muchos sentidos. Todas son historias de ciencia ficci\u00f3n; sin duda, ocurren cosas horribles, pero quiz\u00e1 no con la claridad de una pel\u00edcula de terror. Sin duda, <strong>hay contenido perturbador<\/strong>&#8220;.<\/p>\n<\/div>\n<div class=\"sc-80531b6b-0 chRIGJ container-text text-embed\">\n<p>En el tr\u00e1iler que fue lanzado ayer por la plataforma, se pueden ver varias referencia de que habr\u00e1 continuaciones de la cuarta temporada: como una secuela del episodio &#8220;USS Callister&#8221;. El episodio original se puede ver a un programador de videojuegos que inventa una realidad simulada donde es el capit\u00e1n de una nave espacial y sus compa\u00f1eros son su tripulaci\u00f3n, se podr\u00eda decir que inspirado en el famoso programa de televisi\u00f3n<strong><em> Viaje a las estrellas.<\/em><\/strong><\/p>\n<\/div>\n<div class=\"sc-80531b6b-0 chRIGJ container-text text-embed\">\n<p>Al igual que otros episodios de <strong><em>Black Mirror,<\/em><\/strong> esto que al principio parece ser una aventura de ciencia ficci\u00f3n toma un giro de terror. Con respecto a esto Brokker asegur\u00f3: \u201cLos fan\u00e1ticos del programa reconocer\u00e1n al elenco de cierta nave espacial de uno de nuestros episodios que reaparece. Hemos hecho una secuela por primera vez en la historia de <em>Black Mirror<\/em>. Normalmente, elimino a todos los personajes al final de un episodio, pero mantuve a algunos con vida. Estoy creciendo como persona&#8221;.<\/p>\n<\/div>\n<div class=\"sc-98b114a2-0 bkqiHH image-embed  image-embed \"><picture class=\"sc-98b114a2-1 jRUlDm\"><source media=\"(min-width: 975px)\" width=\"1256\" height=\"620\" \/><img alt=\"El tr\u00e1iler de la temporada 7 de &quot;Black Mirror&quot; ya esta disponible.\" loading=\"lazy\" width=\"1256\" height=\"620\" decoding=\"async\" data-nimg=\"1\" style=\"color:transparent\" src=\"https:\/\/13.com.ar\/wp-content\/uploads\/2025\/03\/Los-secretos-del-trailer-de-la-temporada-7-de-Black.jpg#1741963908150.jpeg\"\/><span class=\"epigraphe\">El tr\u00e1iler de la temporada 7 de &#8220;Black Mirror&#8221; ya esta disponible.<\/span><span class=\"picture-open\"><button class=\"open-image\" aria-label=\"Open Image\"\/><\/span><\/picture><\/div>\n<div class=\"sc-80531b6b-0 chRIGJ container-text text-embed\">\n<p>Esta no es la \u00fanica referencia que sorprender\u00e1 a los televidentes, ya que al parecer <strong>Will Poulter<\/strong> regresar\u00e1 como su personaje, el programador de videojuegos de los &#8217;80, Colin Ritman, que apareci\u00f3 en el primer episodio interactivo de la serie, <em>Bandersnatch<\/em>.<\/p>\n<\/div>\n<p><h2>Cu\u00e1ndo se estrena la temporada 7 y en d\u00f3nde verla<\/h2>\n<\/p>\n<div class=\"sc-80531b6b-0 chRIGJ container-text text-embed\">\n<p>La serie de ciencia ficci\u00f3n creada por <em>Charlie Brooker<\/em> vuelve a la pantalla el 10 de abril, tendr\u00e1 6 episodios que se estrenaran por Netflix.<\/p>\n<\/div>\n<p><h2>Qu\u00e9 es Black Mirror, esta serie que sorprende con sus historias estremecedoras<\/h2>\n<\/p>\n<div class=\"sc-98b114a2-0 bkqiHH image-embed  image-embed \"><picture class=\"sc-98b114a2-1 jRUlDm\"><source media=\"(min-width: 975px)\" width=\"1256\" height=\"620\" \/><img alt=\"La temporada 7 promete traer &quot;Mas contenido perturbador&quot;\" loading=\"lazy\" width=\"1256\" height=\"620\" decoding=\"async\" data-nimg=\"1\" style=\"color:transparent\" src=\"https:\/\/13.com.ar\/wp-content\/uploads\/2025\/03\/Los-secretos-del-trailer-de-la-temporada-7-de-Black.jpg#1741963971683.jpeg\"\/><span class=\"epigraphe\">La temporada 7 promete traer &#8220;Mas contenido perturbador&#8221;<\/span><span class=\"picture-open\"><button class=\"open-image\" aria-label=\"Open Image\"\/><\/span><\/picture><\/div>\n<div class=\"sc-80531b6b-0 chRIGJ container-text text-embed\">\n<p>Esta serie de televisi\u00f3n de ciencia ficci\u00f3n, creada por Charlie Brooker, se estren\u00f3 en el Reino Unido en 2011 en Channel 4 y posteriormente fue adquirida por Netflix antes de su tercera temporada en 2016. Por entonces la serie ha contado con la aparici\u00f3n de varias celebridades protagonizando famosos cap\u00edtulos como Salma Hayek, Miley Cyrus<em> y <\/em>Aaron Paul de <em>Breaking Bad<\/em>, entre otros.<\/p>\n<\/div>\n<div class=\"sc-80531b6b-0 chRIGJ container-text text-embed\">\n<p>La serie explora las complejas y a menudo inusuales interacciones entre la tecnolog\u00eda y la sociedad, con un enfoque particular en <strong>c\u00f3mo los avances tecnol\u00f3gicos podr\u00edan influir en el comportamiento humano, la psicolog\u00eda y las estructuras sociales de una manera no muy esperable<\/strong>. <\/p>\n<\/div>\n<div class=\"sc-80531b6b-0 chRIGJ container-text text-embed\">\n<p>Cada episodio es independiente, con una historia diferente, pero dif\u00edcil de imaginar que pueda suceder en una sociedad com\u00fan. A pesar que en algunos presentan temas que s\u00ed tienen lugar en la cotidianidad, como por ejemplo la dependencia de la tecnolog\u00eda y sus efectos, el aislamiento social, y las dilemas \u00e9ticos asociados a la innovaci\u00f3n.<\/p>\n<\/div>\n<div class=\"sc-98b114a2-0 bkqiHH image-embed  image-embed \"><picture class=\"sc-98b114a2-1 jRUlDm\"><source media=\"(min-width: 975px)\" width=\"1256\" height=\"620\" \/><img alt=\"Black Mirror adelant\u00f3 la temporada numero 7 con un tr\u00e1iler.\" loading=\"lazy\" width=\"1256\" height=\"620\" decoding=\"async\" data-nimg=\"1\" style=\"color:transparent\" src=\"https:\/\/13.com.ar\/wp-content\/uploads\/2025\/03\/Los-secretos-del-trailer-de-la-temporada-7-de-Black.jpg#1741962474417.jpeg\"\/><span class=\"epigraphe\">Black Mirror adelant\u00f3 la temporada numero 7 con un tr\u00e1iler.<\/span><span class=\"picture-open\"><button class=\"open-image\" aria-label=\"Open Image\"\/><\/span><\/picture><\/div>\n<p><h2>Que actores ser\u00e1n parte de la temporada 7 <\/h2>\n<\/p>\n<div class=\"sc-80531b6b-0 chRIGJ container-text text-embed\">\n<p>Los actores que fueron anunciados mediante el tr\u00e1iler son Michele Austin, Ben Bailey Smith, Asim Chaudhry, Josh Finan, James Nelson-Joyce, Will Poulter, Jay Simpson, Michael Work\u00e9y\u00e8,Awkwafina, Milanka Brooks, Peter Capaldi, Emma Corrin, Patsy Ferran, Paula Giamatti, Lewis Gribben, Osy Ikhile, Rashida Jones, Cristin Milioti, Isa Rae, Paul G. Raymond, Tracee Ellis Ross, Jimmi Simpson, Harriet Walter.<\/p>\n<\/div>\n<\/div>\n<p><br \/>\n<br \/><a href=\"https:\/\/www.clarin.com\/espectaculos\/secretos-trailer-temporada-7-black-mirror_0_DUIEA4FOXO.html\">Fuente Clarin.com <\/a><\/p>\n","protected":false},"excerpt":{"rendered":"<p>La serie Black Mirror anunci\u00f3 su regreso este jueves 13 de marzo, con un tr\u00e1iler en donde aparecen varios famosos que ser\u00e1n los protagonistas en esta s\u00e9ptima temporada. Fiel a su estilo estremecedor y dist\u00f3pico, esta fascinaci\u00f3n del horror hace que los espectadores siempre esperen sus noticias. &#8220;Desconecta tu realidad con 6 estremecedores episodios&#8221; , [&hellip;]<\/p>\n","protected":false},"author":1,"featured_media":11784,"comment_status":"open","ping_status":"open","sticky":false,"template":"","format":"standard","meta":{"footnotes":""},"categories":[2],"tags":[4229,100,28,11716,2646,2204,3808],"class_list":["post-11783","post","type-post","status-publish","format-standard","has-post-thumbnail","hentry","category-ultimas-noticias","tag-black","tag-del","tag-los","tag-mirror","tag-secretos","tag-temporada","tag-trailer"],"_links":{"self":[{"href":"https:\/\/13.com.ar\/index.php\/wp-json\/wp\/v2\/posts\/11783","targetHints":{"allow":["GET"]}}],"collection":[{"href":"https:\/\/13.com.ar\/index.php\/wp-json\/wp\/v2\/posts"}],"about":[{"href":"https:\/\/13.com.ar\/index.php\/wp-json\/wp\/v2\/types\/post"}],"author":[{"embeddable":true,"href":"https:\/\/13.com.ar\/index.php\/wp-json\/wp\/v2\/users\/1"}],"replies":[{"embeddable":true,"href":"https:\/\/13.com.ar\/index.php\/wp-json\/wp\/v2\/comments?post=11783"}],"version-history":[{"count":0,"href":"https:\/\/13.com.ar\/index.php\/wp-json\/wp\/v2\/posts\/11783\/revisions"}],"wp:featuredmedia":[{"embeddable":true,"href":"https:\/\/13.com.ar\/index.php\/wp-json\/wp\/v2\/media\/11784"}],"wp:attachment":[{"href":"https:\/\/13.com.ar\/index.php\/wp-json\/wp\/v2\/media?parent=11783"}],"wp:term":[{"taxonomy":"category","embeddable":true,"href":"https:\/\/13.com.ar\/index.php\/wp-json\/wp\/v2\/categories?post=11783"},{"taxonomy":"post_tag","embeddable":true,"href":"https:\/\/13.com.ar\/index.php\/wp-json\/wp\/v2\/tags?post=11783"}],"curies":[{"name":"wp","href":"https:\/\/api.w.org\/{rel}","templated":true}]}}