{"id":11779,"date":"2025-03-14T12:33:34","date_gmt":"2025-03-14T15:33:34","guid":{"rendered":"https:\/\/13.com.ar\/index.php\/con-el-aura-del-indio-solari-y-los-redonditos-de-ricota-los-fundamentalistas-del-aire-acondicionado-estrenan-pelicula-en-youtube\/"},"modified":"2025-03-14T12:33:34","modified_gmt":"2025-03-14T15:33:34","slug":"con-el-aura-del-indio-solari-y-los-redonditos-de-ricota-los-fundamentalistas-del-aire-acondicionado-estrenan-pelicula-en-youtube","status":"publish","type":"post","link":"https:\/\/13.com.ar\/index.php\/con-el-aura-del-indio-solari-y-los-redonditos-de-ricota-los-fundamentalistas-del-aire-acondicionado-estrenan-pelicula-en-youtube\/","title":{"rendered":"Con el aura del Indio Solari y los redonditos de Ricota, Los Fundamentalistas del Aire Acondicionado estrenan pel\u00edcula en YouTube"},"content":{"rendered":"<p> <br \/>\n<\/p>\n<div id=\"cuerpo\">\n<div class=\"sc-80531b6b-0 chRIGJ container-text text-embed\">\n<p>&#8220;Nos encontramos ma\u00f1ana <strong>viernes a las 21hs en YouTube<\/strong> para el estreno de <em>Vista Brava<\/em>, la pel\u00edcula del show completo de Baradero&#8221;. Lo dice un anuncio de<strong> Los Fundamentalistas del Aire Acondicionado<\/strong> en sus redes sociales.<\/p>\n<\/div>\n<div class=\"sc-80531b6b-0 chRIGJ container-text text-embed\">\n<p>Se trata del show grabado del concierto que se realiz\u00f3 e<strong>l 7 de diciembre del a\u00f1o pasado, donde asistieron m\u00e1s de 45 mil personas <\/strong>en el predio <em>Vista Brava<\/em>. En total tocaron m\u00e1s de 30 temas y el show dur\u00f3 m\u00e1s de tres horas. Ahora los fan\u00e1ticos podr\u00e1n ver el espect\u00e1culo online. Mientras tanto, la banda se encuentra de gira, siendo Montevideo su pr\u00f3xima parada en abril.<\/p>\n<\/div>\n<div class=\"sc-80531b6b-0 chRIGJ container-text text-embed\">\n<p>Con el Indio Solari y muchas canciones de los Redonditos de Ricota como aura indispensable de la <strong>banda tributo<\/strong>, Los Fundamentalistas del Aire Acondicionado, desde que arrancaron, vienen teniendo los favores del ricotero nost\u00e1lgico. Eso los transform\u00f3 en un extra\u00f1o fen\u00f3meno de masas.<\/p>\n<\/div>\n<div class=\"sc-80531b6b-0 chRIGJ container-text text-embed\">\n<p>El recital filmado fue en el predio Vista Brava de Baradero. Seg\u00fan las cr\u00f3nicas de fin de a\u00f1o, todo ocurri\u00f3 en el marco de una &#8220;fiesta popular, con grupos de amigos, familias enteras, personas con capacidad reducida, j\u00f3venes, adultos, principiantes en eventos masivos, ni\u00f1os, micros llenos, motos, carpas, y m\u00e1s&#8221;. Eso m\u00e1s asado, sanguches o alg\u00fan vaso de fernet\/birra que sal\u00eda de las heladeritas.<\/p>\n<\/div>\n<div class=\"sc-80531b6b-0 chRIGJ container-text text-embed\">\n<p>Al grupo mejor apadrinado lo conforman <strong>Gaspar Benegas, Baltasar Comotto, Pablo Sbaraglia, Fernando Nal\u00e9, Deborah Dixon, Luciana Palacios, Sergio Colombo, Miguel Angel Tallarita y Ramiro Lopez Nagui<\/strong>l.<\/p>\n<\/div>\n<div class=\"sc-98b114a2-0 bkqiHH image-embed  image-embed \"><picture class=\"sc-98b114a2-1 jRUlDm\"><source media=\"(min-width: 975px)\" width=\"720\" height=\"480\" \/><img alt=\"Los Fundamentalistas del Aire Acondicionado, con el Indio en pantalla gigante.\" loading=\"lazy\" width=\"720\" height=\"480\" decoding=\"async\" data-nimg=\"1\" style=\"color:transparent\" src=\"https:\/\/13.com.ar\/wp-content\/uploads\/2025\/03\/Con-el-aura-del-Indio-Solari-y-los-redonditos-de.jpg\"\/><span class=\"epigraphe\">Los Fundamentalistas del Aire Acondicionado, con el Indio en pantalla gigante.<\/span><span class=\"picture-open\"><button class=\"open-image\" aria-label=\"Open Image\"\/><\/span><\/picture><\/div>\n<p><h2>Qu\u00e9 tiene la pel\u00edcula de Los Fundamentalistas<\/h2>\n<\/p>\n<div class=\"sc-80531b6b-0 chRIGJ container-text text-embed\">\n<p>Lo que se podr\u00e1 ver a lo largo del<strong> la pel\u00edcula que dura casi tanto Titanic <\/strong>ser\u00e1n 33 temas, rituales de pogo y <strong>15 cl\u00e1sicos de los Redondos<\/strong> como <em>El pibe de los astilleros, Nadie es perfecto, Juguetes perdidos, Nueva Roma<\/em> y <em>Sheriff.<\/em> <\/p>\n<\/div>\n<div class=\"sc-80531b6b-0 chRIGJ container-text text-embed\">\n<p>En un repertorio siempre adornado por la &#8220;presencia&#8221; del Indio en pantalla gigante, tampoco faltaron creaciones de Los Fundamentalistas como E<em>l charro chino, La peque\u00f1a mamba, Beemedobleve <\/em>y <em>Amnesia<\/em>.<\/p>\n<\/div>\n<div class=\"sc-80531b6b-0 chRIGJ container-text text-embed\">\n<p>Otra rese\u00f1a de esos d\u00edas indicaba que hubo gente que lleg\u00f3 a Baradero el d\u00eda anterior para acampar y tirar algo a la parrilla. Los m\u00e1s llegaron &#8220;sobre la hora con lo justo, en auto, en micros escolares o doble piso, en sulky, en lo que sea para no perderse el concierto&#8221;.<\/p>\n<\/div>\n<div class=\"sc-80531b6b-0 chRIGJ container-text text-embed\">\n<p>&#8220;La cita de lujo se dio en un predio de la localidad bonaerense de Baradero. Entre esos campos jodidos, las tranqueras y los campos arados, todos los senderos conduc\u00edan al predio Vista Brava que est\u00e1 ubicado sobre la barranca, desde donde se puede ver la costa, el r\u00edo y la isla&#8221;.<\/p>\n<\/div>\n<div class=\"sc-98b114a2-0 bkqiHH image-embed  image-embed \"><picture class=\"sc-98b114a2-1 jRUlDm\"><source media=\"(min-width: 975px)\" width=\"720\" height=\"480\" \/><img alt=\"La foto del estreno de Los Fundamentalistas del Aire Acondicionado en Baradero.\" loading=\"lazy\" width=\"720\" height=\"480\" decoding=\"async\" data-nimg=\"1\" style=\"color:transparent\" src=\"https:\/\/13.com.ar\/wp-content\/uploads\/2025\/03\/1741966414_109_Con-el-aura-del-Indio-Solari-y-los-redonditos-de.jpg\"\/><span class=\"epigraphe\">La foto del estreno de Los Fundamentalistas del Aire Acondicionado en Baradero.<\/span><span class=\"picture-open\"><button class=\"open-image\" aria-label=\"Open Image\"\/><\/span><\/picture><\/div>\n<div class=\"sc-80531b6b-0 chRIGJ container-text text-embed\">\n<p>El Municipio de Baradero, en conjunto con el Ministerio de Seguridad de la provincia de Buenos Aires, dispusieron para<strong> la fecha con impronta ricotera,<\/strong> un operativo de seguridad especial que contemplaba 1.200 efectivos de fuerzas especiales, adem\u00e1s de unas 800 personas de seguridad privada contratados por la productora, reforzando todo tambi\u00e9n con efectivos de la polic\u00eda comunal.<\/p>\n<\/div>\n<div class=\"sc-80531b6b-0 chRIGJ container-text text-embed\">\n<p>Pasadas las 21.30 se escuch\u00f3 el cl\u00e1sico \u201cDamas y caballeros, con ustedes Los Fundamentalistas del Aire Acondicionado\u201d. <strong>La voz en off del Indio<\/strong> -todo esto est\u00e1 en la pel\u00edcula- desataba la locura. <\/p>\n<\/div>\n<\/div>\n<p><br \/>\n<br \/><a href=\"https:\/\/www.clarin.com\/espectaculos\/aura-indio-solari-redonditas-ricota-fundamentalistas-aire-acondicionado-estrenan-pelicula-youtube_0_Ze6Tbswzel.html\">Fuente Clarin.com <\/a><\/p>\n","protected":false},"excerpt":{"rendered":"<p>&#8220;Nos encontramos ma\u00f1ana viernes a las 21hs en YouTube para el estreno de Vista Brava, la pel\u00edcula del show completo de Baradero&#8221;. Lo dice un anuncio de Los Fundamentalistas del Aire Acondicionado en sus redes sociales. Se trata del show grabado del concierto que se realiz\u00f3 el 7 de diciembre del a\u00f1o pasado, donde asistieron [&hellip;]<\/p>\n","protected":false},"author":1,"featured_media":11780,"comment_status":"open","ping_status":"open","sticky":false,"template":"","format":"standard","meta":{"footnotes":""},"categories":[2],"tags":[3642,1395,11710,18,100,11714,10925,11711,28,90,11712,11713,5930,9886],"class_list":["post-11779","post","type-post","status-publish","format-standard","has-post-thumbnail","hentry","category-ultimas-noticias","tag-acondicionado","tag-aire","tag-aura","tag-con","tag-del","tag-estrenan","tag-fundamentalistas","tag-indio","tag-los","tag-pelicula","tag-redonditos","tag-ricota","tag-solari","tag-youtube"],"_links":{"self":[{"href":"https:\/\/13.com.ar\/index.php\/wp-json\/wp\/v2\/posts\/11779","targetHints":{"allow":["GET"]}}],"collection":[{"href":"https:\/\/13.com.ar\/index.php\/wp-json\/wp\/v2\/posts"}],"about":[{"href":"https:\/\/13.com.ar\/index.php\/wp-json\/wp\/v2\/types\/post"}],"author":[{"embeddable":true,"href":"https:\/\/13.com.ar\/index.php\/wp-json\/wp\/v2\/users\/1"}],"replies":[{"embeddable":true,"href":"https:\/\/13.com.ar\/index.php\/wp-json\/wp\/v2\/comments?post=11779"}],"version-history":[{"count":0,"href":"https:\/\/13.com.ar\/index.php\/wp-json\/wp\/v2\/posts\/11779\/revisions"}],"wp:featuredmedia":[{"embeddable":true,"href":"https:\/\/13.com.ar\/index.php\/wp-json\/wp\/v2\/media\/11780"}],"wp:attachment":[{"href":"https:\/\/13.com.ar\/index.php\/wp-json\/wp\/v2\/media?parent=11779"}],"wp:term":[{"taxonomy":"category","embeddable":true,"href":"https:\/\/13.com.ar\/index.php\/wp-json\/wp\/v2\/categories?post=11779"},{"taxonomy":"post_tag","embeddable":true,"href":"https:\/\/13.com.ar\/index.php\/wp-json\/wp\/v2\/tags?post=11779"}],"curies":[{"name":"wp","href":"https:\/\/api.w.org\/{rel}","templated":true}]}}