{"id":11777,"date":"2025-03-14T12:30:44","date_gmt":"2025-03-14T15:30:44","guid":{"rendered":"https:\/\/13.com.ar\/index.php\/tenia-que-elegir-entre-la-foto-linda-que-la-gusta-a-la-politica-o-salvar-vidas\/"},"modified":"2025-03-14T12:30:44","modified_gmt":"2025-03-14T15:30:44","slug":"tenia-que-elegir-entre-la-foto-linda-que-la-gusta-a-la-politica-o-salvar-vidas","status":"publish","type":"post","link":"https:\/\/13.com.ar\/index.php\/tenia-que-elegir-entre-la-foto-linda-que-la-gusta-a-la-politica-o-salvar-vidas\/","title":{"rendered":"Ten\u00eda que elegir entre la foto linda que la gusta a la pol\u00edtica o salvar vidas"},"content":{"rendered":"<p> <br \/>\n<br \/><img decoding=\"async\" src=\"https:\/\/13.com.ar\/wp-content\/uploads\/2025\/03\/Tenia-que-elegir-entre-la-foto-linda-que-la-gusta.jpg\" \/><\/p>\n<div>\n<p>A una semana del <strong>violento temporal que dej\u00f3 al menos 16 muertos y miles de evacuados<\/strong> en Bah\u00eda Blanca, el presidente Javier Milei sali\u00f3 al cruce este viernes de Cristina Kirchner y los dirigentes que le cuestionaron la demora en su viaje a esa ciudad tras la inundaci\u00f3n.<\/p>\n<\/div>\n<div>\n<p>Fue durante su discurso en la visita a Expoagro, en el que Milei destacaba el super\u00e1vit fiscal y se\u00f1alaba que gracias a ese orden macroecon\u00f3mico el Gobierno pudo destinar 200 mil millones de pesos a Bah\u00eda Blanca. <\/p>\n<\/div>\n<div>\n<p>&#8220;Mientras <strong>muchos hablan y cacarean<\/strong> y siguen gastando en boludeces como sobornar medios con pauta oficial, adornar periodistas, gastar en penes de madera y la ESI, nosotros ponemos los recursos donde la gente lo necesita para resolver los problemas&#8221;, lanz\u00f3 el jefe del Estado.<\/p>\n<\/div>\n<div>\n<p>Milei, que viaj\u00f3 por sorpresa a Bah\u00eda Blanca y casi no se dej\u00f3 ver p\u00fablicamente durante la recorrida con el intendente Federico Susbielles, asegur\u00f3 que <strong>demor\u00f3 la visita para &#8220;salvar vidas&#8221;<\/strong>.<\/p>\n<\/div>\n<div>\n<p>&#8220;Una vez que se super\u00f3 la situaci\u00f3n de crisis m\u00e1s urgente y donde hab\u00eda que iniciar el camino de la reconstrucci\u00f3n, ese fue el momento en que yo pod\u00eda ir, porque <strong>si lo hubiese hecho estar\u00eda estorbando<\/strong>&#8220;, explic\u00f3. <\/p>\n<\/div>\n<div>\n<p>En ese sentido, insisti\u00f3 que los medios &#8220;hubieran puesto una foto muy linda&#8221; pero le habr\u00eda hecho &#8220;perder tiempo a los grupos asignados a resolver problema&#8221;.<\/p>\n<\/div>\n<div>\n<p>&#8220;Yo ten\u00eda que elegir entre la foto linda que la gusta a la pol\u00edtica o salvar vidas. <strong>Yo prefer\u00ed salvar vidas y otros prefirieron la foto linda<\/strong>&#8220;, apunt\u00f3 Milei en un mensaje que ten\u00eda como destinataria a Cristina Kirchner, que en su cr\u00edtica en X lo record\u00f3 sus viajes a ciudades en las que hubo desastres naturales durante sus presidencias.<\/p>\n<\/div>\n<p><br \/>\n<br \/><a href=\"https:\/\/www.clarin.com\/politica\/javier-milei-explico-demoro-viaje-bahia-blanca-elegir-foto-linda-gusta-politica-salvar-vidas_0_xtKcM97UDf.html\">Fuente Clarin.com <\/a><\/p>\n","protected":false},"excerpt":{"rendered":"<p>A una semana del violento temporal que dej\u00f3 al menos 16 muertos y miles de evacuados en Bah\u00eda Blanca, el presidente Javier Milei sali\u00f3 al cruce este viernes de Cristina Kirchner y los dirigentes que le cuestionaron la demora en su viaje a esa ciudad tras la inundaci\u00f3n. Fue durante su discurso en la visita [&hellip;]<\/p>\n","protected":false},"author":1,"featured_media":11778,"comment_status":"open","ping_status":"open","sticky":false,"template":"","format":"standard","meta":{"footnotes":""},"categories":[2],"tags":[2706,351,1840,5764,11709,208,3258,1697,2795],"class_list":["post-11777","post","type-post","status-publish","format-standard","has-post-thumbnail","hentry","category-ultimas-noticias","tag-elegir","tag-entre","tag-foto","tag-gusta","tag-linda","tag-politica","tag-salvar","tag-tenia","tag-vidas"],"_links":{"self":[{"href":"https:\/\/13.com.ar\/index.php\/wp-json\/wp\/v2\/posts\/11777","targetHints":{"allow":["GET"]}}],"collection":[{"href":"https:\/\/13.com.ar\/index.php\/wp-json\/wp\/v2\/posts"}],"about":[{"href":"https:\/\/13.com.ar\/index.php\/wp-json\/wp\/v2\/types\/post"}],"author":[{"embeddable":true,"href":"https:\/\/13.com.ar\/index.php\/wp-json\/wp\/v2\/users\/1"}],"replies":[{"embeddable":true,"href":"https:\/\/13.com.ar\/index.php\/wp-json\/wp\/v2\/comments?post=11777"}],"version-history":[{"count":0,"href":"https:\/\/13.com.ar\/index.php\/wp-json\/wp\/v2\/posts\/11777\/revisions"}],"wp:featuredmedia":[{"embeddable":true,"href":"https:\/\/13.com.ar\/index.php\/wp-json\/wp\/v2\/media\/11778"}],"wp:attachment":[{"href":"https:\/\/13.com.ar\/index.php\/wp-json\/wp\/v2\/media?parent=11777"}],"wp:term":[{"taxonomy":"category","embeddable":true,"href":"https:\/\/13.com.ar\/index.php\/wp-json\/wp\/v2\/categories?post=11777"},{"taxonomy":"post_tag","embeddable":true,"href":"https:\/\/13.com.ar\/index.php\/wp-json\/wp\/v2\/tags?post=11777"}],"curies":[{"name":"wp","href":"https:\/\/api.w.org\/{rel}","templated":true}]}}