{"id":11773,"date":"2025-03-14T12:21:46","date_gmt":"2025-03-14T15:21:46","guid":{"rendered":"https:\/\/13.com.ar\/index.php\/el-gobierno-tambien-denunciara-a-la-jueza-karina-andrade-por-la-veloz-liberacion-de-los-detenidos\/"},"modified":"2025-03-14T12:21:46","modified_gmt":"2025-03-14T15:21:46","slug":"el-gobierno-tambien-denunciara-a-la-jueza-karina-andrade-por-la-veloz-liberacion-de-los-detenidos","status":"publish","type":"post","link":"https:\/\/13.com.ar\/index.php\/el-gobierno-tambien-denunciara-a-la-jueza-karina-andrade-por-la-veloz-liberacion-de-los-detenidos\/","title":{"rendered":"El Gobierno tambi\u00e9n denunciar\u00e1 a la jueza Karina Andrade por la veloz liberaci\u00f3n de los detenidos"},"content":{"rendered":"<p> <br \/>\n<br \/><img decoding=\"async\" src=\"https:\/\/13.com.ar\/wp-content\/uploads\/2025\/03\/El-Gobierno-tambien-denunciara-a-la-jueza-Karina-Andrade-por.jpg\" \/><\/p>\n<div>\n<p>El Gobierno redobla el ataque contra <strong>la jueza Karina Andrade,<\/strong> la magistrada que liber\u00f3 en tiempo r\u00e9cord a los detenidos por la violencia frente al Congreso. Luego de pedir que seas apartada de la causa, el ministerio de Seguridad que conduce Patricia Bullrich presentar\u00e1 el pr\u00f3ximo lunes una denuncia penal en la Justicia contra la jueza por incumplimiento de los deberes de funcionario p\u00fablico y prevaricato.<\/p>\n<\/div>\n<div>\n<p>En paralelo <strong>tambi\u00e9n le pedir\u00e1n al Consejo de la Magistratura que eval\u00fae si Andrade debe ser sancionada <\/strong>por su accionar en el expediente que investiga la violencia en la marcha de los jubilados del mi\u00e9rcoles pasado que cont\u00f3 con el apoyo de barras y militantes pol\u00edticos.<\/p>\n<\/div>\n<div>\n<p><strong>Para el Gobierno el accionar de la jueza fue &#8220;un desastre&#8221;.<\/strong> Argumentan que liber\u00f3 a m\u00e1s de 100 detenidos <strong>&#8220;por Whatsapp&#8221; sin haber accedido a las actuaciones,<\/strong> sin haber controlado la prueba y sin haber verificado la existencia de antecedentes penales de los detenidos. Seg\u00fan el oficialismo, varios de los involucrados ten\u00edan un historial delictivo por lesiones, atentado contra la autoridad, amenazas agravadas, tenencia de armas de fuego, tr\u00e1fico de estupefacientes y robos, entre otros.<\/p>\n<\/div>\n<div>\n<p>Andrade, de 42 a\u00f1os, <strong>est\u00e1 a cargo a cargo del juzgado N\u00b0 15 del fuero Penal, Contravencional y de Faltas de la Ciudad de Buenos Aires. <\/strong>Es una magistrada de perfil garantista que asumi\u00f3 su cargo en agosto de 2021. Antes tuvo un paso por la Justicia federal. <strong>Para llegar a su cargo cont\u00f3 con el apoyo de Juan Manuel Olmos,<\/strong> un dirigente del peronismo porte\u00f1o que tiene ascendencia en los fueros porte\u00f1os. <strong>Tambi\u00e9n cont\u00f3 con el impulso de Vanesa Siley, la sindicalista judicial e integrante de La C\u00e1mpora<\/strong> que adem\u00e1s es diputada y Consejera de la Magistratura.<\/p>\n<\/div>\n<div>\n<p>Este viernes, en medio de la pol\u00e9mica por las liberaciones, <strong>la jueza Andrade sali\u00f3 a defender su actuaci\u00f3n. <\/strong>En una entrevista sostuvo que debe garantizarse &#8220;el derecho a manifestarse libremente&#8221; y dijo que la Polic\u00eda no le dio informaci\u00f3n exacta sobre las detenciones. &#8220;No se recib\u00eda informaci\u00f3n del lugar de detenci\u00f3n. Todos dec\u00edan 237, 238 y 239, que es desobediencia al orden policial. Pero adem\u00e1s no hab\u00eda ning\u00fan acta, eran todos nombres, DNI, lugar exacto, oficial que interviene. Siempre pido que en delitos de desobediencia que se haga un sucinto de los hechos. Yo creo que es muy importante, nada tiene que ver con que la investigaci\u00f3n despu\u00e9s siga&#8221;, afirm\u00f3.<\/p>\n<\/div>\n<div>\n<p>&#8220;Yo lo \u00fanico que tengo que hacer es controlar los requisitos de la detenci\u00f3n. En un contexto de ponderaci\u00f3n de derechos. Nuestra Constituci\u00f3n Nacional debe garantizar la protesta, que se pueda manifestar libremente, y que la persona que cometa delitos sea detenida, pero garantizar el derecho a manifestarse&#8221;, argument\u00f3.<\/p>\n<\/div>\n<div>\n<p>La denuncia que el Gobierno presentar\u00e1 el lunes contra Andrade va en paralelo a la que present\u00f3 este viernes contra los involucrados en la violencia del mi\u00e9rcoles frente al Congreso. En la denuncia que present\u00f3 ahora apunta contra los detenidos, pero tambi\u00e9n contra los intendentes Fernando Espinoza, de La Matanza; y Federico Oterm\u00edn, de Lomas de Zamora. Ambos comandan dos distritos del PJ en el Conurbano bonaerense. Tambi\u00e9n involucraron a Leandro Capriotti y lo se\u00f1alaron como &#8220;el m\u00e1ximo organizador&#8221; de la movilizaci\u00f3n. A Capriotti lo vinculan con el sindicalista Luis Barrionuevo. <\/p>\n<\/div>\n<p><br \/>\n<br \/><a href=\"https:\/\/www.clarin.com\/politica\/gobierno-denunciara-jueza-karina-andrade-veloz-liberacion-detenidos_0_FP7uKPYzOR.html\">Fuente Clarin.com <\/a><\/p>\n","protected":false},"excerpt":{"rendered":"<p>El Gobierno redobla el ataque contra la jueza Karina Andrade, la magistrada que liber\u00f3 en tiempo r\u00e9cord a los detenidos por la violencia frente al Congreso. Luego de pedir que seas apartada de la causa, el ministerio de Seguridad que conduce Patricia Bullrich presentar\u00e1 el pr\u00f3ximo lunes una denuncia penal en la Justicia contra la [&hellip;]<\/p>\n","protected":false},"author":1,"featured_media":11774,"comment_status":"open","ping_status":"open","sticky":false,"template":"","format":"standard","meta":{"footnotes":""},"categories":[2],"tags":[11545,7986,3791,71,7402,4337,2284,28,142,440,10144],"class_list":["post-11773","post","type-post","status-publish","format-standard","has-post-thumbnail","hentry","category-ultimas-noticias","tag-andrade","tag-denunciara","tag-detenidos","tag-gobierno","tag-jueza","tag-karina","tag-liberacion","tag-los","tag-por","tag-tambien","tag-veloz"],"_links":{"self":[{"href":"https:\/\/13.com.ar\/index.php\/wp-json\/wp\/v2\/posts\/11773","targetHints":{"allow":["GET"]}}],"collection":[{"href":"https:\/\/13.com.ar\/index.php\/wp-json\/wp\/v2\/posts"}],"about":[{"href":"https:\/\/13.com.ar\/index.php\/wp-json\/wp\/v2\/types\/post"}],"author":[{"embeddable":true,"href":"https:\/\/13.com.ar\/index.php\/wp-json\/wp\/v2\/users\/1"}],"replies":[{"embeddable":true,"href":"https:\/\/13.com.ar\/index.php\/wp-json\/wp\/v2\/comments?post=11773"}],"version-history":[{"count":0,"href":"https:\/\/13.com.ar\/index.php\/wp-json\/wp\/v2\/posts\/11773\/revisions"}],"wp:featuredmedia":[{"embeddable":true,"href":"https:\/\/13.com.ar\/index.php\/wp-json\/wp\/v2\/media\/11774"}],"wp:attachment":[{"href":"https:\/\/13.com.ar\/index.php\/wp-json\/wp\/v2\/media?parent=11773"}],"wp:term":[{"taxonomy":"category","embeddable":true,"href":"https:\/\/13.com.ar\/index.php\/wp-json\/wp\/v2\/categories?post=11773"},{"taxonomy":"post_tag","embeddable":true,"href":"https:\/\/13.com.ar\/index.php\/wp-json\/wp\/v2\/tags?post=11773"}],"curies":[{"name":"wp","href":"https:\/\/api.w.org\/{rel}","templated":true}]}}