{"id":11771,"date":"2025-03-14T12:18:53","date_gmt":"2025-03-14T15:18:53","guid":{"rendered":"https:\/\/13.com.ar\/index.php\/cielos-abiertos-y-dolar-barato-impulsaron-los-viajes-al-exterior-en-el-arranque-de-2025\/"},"modified":"2025-03-14T12:18:53","modified_gmt":"2025-03-14T15:18:53","slug":"cielos-abiertos-y-dolar-barato-impulsaron-los-viajes-al-exterior-en-el-arranque-de-2025","status":"publish","type":"post","link":"https:\/\/13.com.ar\/index.php\/cielos-abiertos-y-dolar-barato-impulsaron-los-viajes-al-exterior-en-el-arranque-de-2025\/","title":{"rendered":"\u201ccielos abiertos\u201d y d\u00f3lar barato impulsaron los viajes al exterior en el arranque de 2025"},"content":{"rendered":"<p> <br \/>\n<\/p>\n<div id=\"cuerpo\">\n<div class=\"sc-80531b6b-0 chRIGJ container-text text-embed\">\n<p>La mayor cantidad de vuelos por la pol\u00edtica de \u201ccielos abiertos\u201d y el d\u00f3lar barato impulsaron los viajes al exterior<strong> <\/strong>en el arranque de 2025. <strong>La Argentina creci\u00f3 un 22% en pasajeros internacionales<\/strong> en enero, lo que equivale a <strong>1,5 millones de usuarios<\/strong> que se movilizaron en avi\u00f3n, seg\u00fan la <strong>Asociaci\u00f3n Latinoamericana y del Caribe de Transporte A\u00e9reo (ALTA)<\/strong>.<\/p>\n<\/div>\n<div class=\"sc-80531b6b-0 chRIGJ container-text text-embed\">\n<p>En el avance influyeron \u201c<strong>las pol\u00edticas de desregulaci\u00f3n y la apertura del mercado<\/strong>\u201d que promueven el Gobierno, seg\u00fan la entidad, que representa a las principales aerol\u00edneas que operan en la regi\u00f3n, responsables de m\u00e1s del <strong>80%<\/strong> de la actividad.<\/p>\n<\/div>\n<div class=\"sc-80531b6b-0 chRIGJ container-text text-embed\">\n<p>En el <strong>top 15 de rutas con m\u00e1s movimiento en la regi\u00f3n<\/strong>, hay <strong>cuatro que conectan la Argentina con Brasil y Chile<\/strong>. En ese ranking, lideran las rutas entre Santiago de Chile y Lima y S\u00e3o Paulo. Pero en tercer lugar est\u00e1 la que une <strong>Aeroparque con S\u00e3o Paulo-Guarulhos<\/strong>, que volvi\u00f3 a cobrar relevancia con el p\u00fablico corporativo. <\/p>\n<\/div>\n<div class=\"sc-80531b6b-0 chRIGJ container-text text-embed\">\n<p>Sexta qued\u00f3 <strong>Aeroparque-Santiago de Chile<\/strong>, tras el boom de argentinos que cruzaron la Cordillera para hacer tours de compras en la capital chilena. En el noveno lugar, se ubic\u00f3 <strong>Ezeiza-R\u00edo de Janeiro\/Gale\u00e3o<\/strong>, uno de los destinos favoritos de la temporada. Y \u00faltima, en el puesto n\u00famero 14, aparece <strong>Ezeiza-Guarulhos<\/strong>, que refuerza la conectividad desde Aeroparque.<\/p>\n<\/div>\n<div class=\"sc-80531b6b-0 chRIGJ container-text text-embed\">\n<p>Asimismo, entre las rutas que m\u00e1s crecieron, se encuentran <strong>las conexiones entre Buenos Aires y Florian\u00f3polis<\/strong>, que <strong>aumentaron un 175%<\/strong>, con la mayor oferta que lanzaron las a\u00e9reas de cara a un verano que explot\u00f3 de argentinos en el sur de Brasil. <\/p>\n<\/div>\n<div class=\"sc-98b114a2-0 bkqiHH image-embed  image-embed \"><picture class=\"sc-98b114a2-1 jRUlDm\"><source media=\"(min-width: 975px)\" width=\"720\" height=\"480\" \/><img alt=\"En el top-15 de rutas, 4 conectan Argentina con Brasil y Chile. Foto: Foto Pedro Kirilos\/RioTur\" loading=\"lazy\" width=\"720\" height=\"480\" decoding=\"async\" data-nimg=\"1\" style=\"color:transparent\" src=\"https:\/\/13.com.ar\/wp-content\/uploads\/2025\/03\/1741253919_948_El-importante-anuncio-turistico-del-alcalde-de-Rio-de-Janeiro.jpg\"\/><span class=\"epigraphe\">En el top-15 de rutas, 4 conectan Argentina con Brasil y Chile. Foto: Foto Pedro Kirilos\/RioTur<\/span><span class=\"picture-open\"><button class=\"open-image\" aria-label=\"Open Image\"\/><\/span><\/picture><\/div>\n<div class=\"sc-80531b6b-0 chRIGJ container-text text-embed\">\n<p>Tambi\u00e9n la ruta <strong>Aeroparque-Lima<\/strong>, con <strong>un alza del<\/strong> <strong>116%<\/strong>, luego de que en octubre <strong>Latam <\/strong>elev\u00f3 de nueve a 14 las frecuencias semanales y en diciembre <strong>Sky Airline<\/strong> traslad\u00f3 a la terminal metropolitana m\u00e1s de la mitad de sus vuelos desde Ezeiza hacia Per\u00fa.<\/p>\n<\/div>\n<div class=\"sc-80531b6b-0 chRIGJ container-text text-embed\">\n<p>Tambi\u00e9n el <strong>Aeropuerto de Tucum\u00e1n<\/strong> figura como uno de los que m\u00e1s creci\u00f3. <strong>Experiment\u00f3 un salto del 116%<\/strong> en el tr\u00e1fico internacional con la ruta que estren\u00f3 en enero <strong>Aerol\u00edneas Argentinas<\/strong> directo a <strong>Punta Cana<\/strong>.<\/p>\n<\/div>\n<p><h2><strong>Un enero r\u00e9cord<\/strong><\/h2>\n<\/p>\n<div class=\"sc-80531b6b-0 chRIGJ container-text text-embed\">\n<p>El crecimiento nacional se da a la par de <strong>un enero r\u00e9cord para la aviaci\u00f3n comercial en la regi\u00f3n<\/strong>, \u201cel mejor inicio de a\u00f1o en la historia del sector\u201d. <\/p>\n<\/div>\n<div class=\"sc-80531b6b-0 chRIGJ container-text text-embed\">\n<p>ALTA public\u00f3 los datos del tr\u00e1fico a\u00e9reo de Am\u00e9rica Latina y el Caribe en el primer mes de 2025, que registr\u00f3 un total de <strong>42,3 millones de pasajeros<\/strong>, un <strong>2,4%<\/strong> m\u00e1s que en enero de 2024, \u201cimpulsado por la reactivaci\u00f3n de rutas, la adopci\u00f3n de pol\u00edticas de cielos abiertos y la mayor demanda de viajes tur\u00edsticos\u201d, explic\u00f3.<\/p>\n<\/div>\n<div class=\"sc-98b114a2-0 bkqiHH image-embed  image-embed \"><picture class=\"sc-98b114a2-1 jRUlDm\"><source media=\"(min-width: 975px)\" width=\"720\" height=\"480\" \/><img alt=\"Jose Ricardo Botelho deja de ser CEO de ALTA. Foto: ALTA\" loading=\"lazy\" width=\"720\" height=\"480\" decoding=\"async\" data-nimg=\"1\" style=\"color:transparent\" src=\"https:\/\/13.com.ar\/wp-content\/uploads\/2025\/03\/cielos-abiertos-y-dolar-barato-impulsaron-los-viajes-al-exterior.jpg\"\/><span class=\"epigraphe\">Jose Ricardo Botelho deja de ser CEO de ALTA. Foto: ALTA<\/span><span class=\"picture-open\"><button class=\"open-image\" aria-label=\"Open Image\"\/><\/span><\/picture><\/div>\n<div class=\"sc-80531b6b-0 chRIGJ container-text text-embed\">\n<p>Y agreg\u00f3 que <strong>el n\u00famero de vuelos en la regi\u00f3n aument\u00f3 un 4,8%<\/strong>, con <strong>345.331 operaciones<\/strong> que alcanzaron una ocupaci\u00f3n promedio del <strong>84,7%<\/strong> (1,1 puntos m\u00e1s que en el inicio de 2024) y <strong>53,8 millones de asientos<\/strong> ofertados (3,6% interanual m\u00e1s).<\/p>\n<\/div>\n<div class=\"sc-80531b6b-0 chRIGJ container-text text-embed\">\n<p>\u201c<strong>Algunos gobiernos comprendieron la importancia de la aviaci\u00f3n<\/strong> como un motor dinamizador de econom\u00edas\u201d, se\u00f1al\u00f3 en alusi\u00f3n a la postura que tom\u00f3 la Argentina <strong>Jos\u00e9 Ricardo Botelho<\/strong>, que este viernes<strong> termina su mandato como director ejecutivo y CEO de ALTA<\/strong>.<\/p>\n<\/div>\n<div class=\"sc-80531b6b-0 chRIGJ container-text text-embed\">\n<p>El ejecutivo brasile\u00f1o <strong>tiene vasta trayectoria en la industria<\/strong>. <strong>Presidi\u00f3 la Agencia Nacional de Aviaci\u00f3n Civil (ANAC)<\/strong> de su pa\u00eds y <strong>ocup\u00f3 cargos p\u00fablicos<\/strong> como asesor y jefe de gabinete, entre otros; adem\u00e1s de prestar tareas para la Interpol y estar al frente de la organizaci\u00f3n de grandes eventos, con el armado del presupuesto del Mundial de 2014 y los Juegos Ol\u00edmpicos de 2016.<\/p>\n<\/div>\n<div class=\"sc-98b114a2-0 bkqiHH image-embed  image-embed \"><picture class=\"sc-98b114a2-1 jRUlDm\"><source media=\"(min-width: 975px)\" width=\"720\" height=\"480\" \/><img alt=\"Peter Cerd\u00e1 asumir\u00e1 al frente de ALTA. Foto: IATA\" loading=\"lazy\" width=\"720\" height=\"480\" decoding=\"async\" data-nimg=\"1\" style=\"color:transparent\" src=\"https:\/\/13.com.ar\/wp-content\/uploads\/2025\/03\/1741965533_671_cielos-abiertos-y-dolar-barato-impulsaron-los-viajes-al-exterior.jpg\"\/><span class=\"epigraphe\">Peter Cerd\u00e1 asumir\u00e1 al frente de ALTA. Foto: IATA<\/span><span class=\"picture-open\"><button class=\"open-image\" aria-label=\"Open Image\"\/><\/span><\/picture><\/div>\n<div class=\"sc-80531b6b-0 chRIGJ container-text text-embed\">\n<p>Ser\u00e1 reemplazado por <strong>Peter Cerd\u00e1<\/strong>, vicepresidente para las Am\u00e9ricas de la <strong>Asociaci\u00f3n de Transporte A\u00e9reo Internacional (IATA)<\/strong>, quien, en una entrevista con <strong>Clar\u00edn <\/strong>a fin de a\u00f1o, respald\u00f3 al Gobierno por las medidas que tom\u00f3 para enfrentar los paros salvajes y apunt\u00f3 que \u201cse necesita romper con el favoritismo con el que funciona Aerol\u00edneas Argentinas desde hace dos d\u00e9cadas\u201d.<strong> <\/strong><\/p>\n<\/div>\n<div class=\"sc-80531b6b-0 chRIGJ container-text text-embed\">\n<p>\u201cLos datos refuerzan la resiliencia del sector, con una recuperaci\u00f3n de la demanda. Con estos resultados, <strong>2025 inici\u00f3 con un horizonte optimista<\/strong>. La consolidaci\u00f3n de nuevas rutas, el crecimiento de la conectividad y el compromiso por un desarrollo sostenible ser\u00e1n claves\u201d, cerr\u00f3 Botelho, aunque advirti\u00f3 por <strong>desaf\u00edos como el costo del combustible<\/strong> y <strong>la necesidad de modernizaci\u00f3n de la infraestructura aeroportuaria<\/strong>. <\/p>\n<\/div>\n<\/div>\n<p><br \/>\n<br \/><a href=\"https:\/\/www.clarin.com\/economia\/vuelos-cielos-abiertos-dolar-barato-impulsaron-viajes-exterior-arranque-2025_0_saIrSQfe2A.html\">Fuente Clarin.com <\/a><\/p>\n","protected":false},"excerpt":{"rendered":"<p>La mayor cantidad de vuelos por la pol\u00edtica de \u201ccielos abiertos\u201d y el d\u00f3lar barato impulsaron los viajes al exterior en el arranque de 2025. La Argentina creci\u00f3 un 22% en pasajeros internacionales en enero, lo que equivale a 1,5 millones de usuarios que se movilizaron en avi\u00f3n, seg\u00fan la Asociaci\u00f3n Latinoamericana y del Caribe [&hellip;]<\/p>\n","protected":false},"author":1,"featured_media":11772,"comment_status":"open","ping_status":"open","sticky":false,"template":"","format":"standard","meta":{"footnotes":""},"categories":[2],"tags":[5947,2161,5110,11705,3068,1520,11706,28,362],"class_list":["post-11771","post","type-post","status-publish","format-standard","has-post-thumbnail","hentry","category-ultimas-noticias","tag-abiertos","tag-arranque","tag-barato","tag-cielos","tag-dolar","tag-exterior","tag-impulsaron","tag-los","tag-viajes"],"_links":{"self":[{"href":"https:\/\/13.com.ar\/index.php\/wp-json\/wp\/v2\/posts\/11771","targetHints":{"allow":["GET"]}}],"collection":[{"href":"https:\/\/13.com.ar\/index.php\/wp-json\/wp\/v2\/posts"}],"about":[{"href":"https:\/\/13.com.ar\/index.php\/wp-json\/wp\/v2\/types\/post"}],"author":[{"embeddable":true,"href":"https:\/\/13.com.ar\/index.php\/wp-json\/wp\/v2\/users\/1"}],"replies":[{"embeddable":true,"href":"https:\/\/13.com.ar\/index.php\/wp-json\/wp\/v2\/comments?post=11771"}],"version-history":[{"count":0,"href":"https:\/\/13.com.ar\/index.php\/wp-json\/wp\/v2\/posts\/11771\/revisions"}],"wp:featuredmedia":[{"embeddable":true,"href":"https:\/\/13.com.ar\/index.php\/wp-json\/wp\/v2\/media\/11772"}],"wp:attachment":[{"href":"https:\/\/13.com.ar\/index.php\/wp-json\/wp\/v2\/media?parent=11771"}],"wp:term":[{"taxonomy":"category","embeddable":true,"href":"https:\/\/13.com.ar\/index.php\/wp-json\/wp\/v2\/categories?post=11771"},{"taxonomy":"post_tag","embeddable":true,"href":"https:\/\/13.com.ar\/index.php\/wp-json\/wp\/v2\/tags?post=11771"}],"curies":[{"name":"wp","href":"https:\/\/api.w.org\/{rel}","templated":true}]}}