{"id":11769,"date":"2025-03-14T12:15:28","date_gmt":"2025-03-14T15:15:28","guid":{"rendered":"https:\/\/13.com.ar\/index.php\/las-picantes-definiciones-de-un-economista-amigo-de-javier-milei\/"},"modified":"2025-03-14T12:15:28","modified_gmt":"2025-03-14T15:15:28","slug":"las-picantes-definiciones-de-un-economista-amigo-de-javier-milei","status":"publish","type":"post","link":"https:\/\/13.com.ar\/index.php\/las-picantes-definiciones-de-un-economista-amigo-de-javier-milei\/","title":{"rendered":"las picantes definiciones de un economista amigo de Javier Milei"},"content":{"rendered":"<p> <br \/>\n<br \/><img decoding=\"async\" src=\"https:\/\/13.com.ar\/wp-content\/uploads\/2025\/03\/las-picantes-definiciones-de-un-economista-amigo-de-Javier-Milei.jpg\" \/><\/p>\n<div id=\"cuerpo\">\n<div class=\"sc-80531b6b-0 chRIGJ container-text text-embed\">\n<p>Con su verborragia habitual, el economista Juan Carlos de Pablo, amigo de Javier Milei, explic\u00f3 <strong>la raz\u00f3n por la cual se podr\u00eda salir del cepo cambiario este a\u00f1o<\/strong>. En una charla para los clientes de la empresa Planexwate tambi\u00e9n se dio los motivos por los que, seg\u00fan \u00e9l, el Gobierno no da a conocer la letra chica del acuerdo<strong> con el Fondo Monetario Internacional (FMI)<\/strong>.<\/p>\n<\/div>\n<div class=\"sc-80531b6b-0 chRIGJ container-text text-embed\">\n<p>El economista argument\u00f3 que para evitar movimientos especulativos es que el Gobierno no puede adelantar <strong>c\u00f3mo ni cu\u00e1ndo ser\u00e1 el levantamiento del cepo<\/strong>. Ir\u00f3nico indic\u00f3: \u201cEl DNU lo que hace es decirle al Tesoro que puede cambiar de acreedor y que la deuda bruta no aumenta. Ahora, \u00bfles parece que el Presidente va a mandar la letra chica al Congreso, si la letra chica incluye, por ejemplo, que el 14 de mayo a la ma\u00f1ana el tipo de cambio va a hacer un salto devaluatorio? Eso es creer en los Reyes Magos\u201d.<\/p>\n<\/div>\n<div class=\"sc-80531b6b-0 chRIGJ container-text text-embed\">\n<p>En este sentido, se\u00f1al\u00f3 que &#8220;el Fondo se cre\u00f3 en 1944 y Argentina es miembro desde 1956, ninguno de los <strong>casi 30 acuerdos a los que se arrib\u00f3 <\/strong>pas\u00f3 por el Congreso. Respecto de la negociaci\u00f3n con el FMI, De Pablo destac\u00f3 que la titular del organismo, Kristalina Georgieva, \u201cno puede creer\u201d el esfuerzo fiscal que viene haciendo la Argentina desde hace a\u00f1o y medio.<\/p>\n<\/div>\n<div class=\"sc-80531b6b-0 chRIGJ container-text text-embed\">\n<p>Sobre la ausencia de detalles y de letra chica respecto del DNU que se conoci\u00f3 el martes, donde qued\u00f3 sellado el acuerdo con el Fondo, De Pablo dijo que \u201cla devaluaci\u00f3n mensual del tipo de cambio oficial del 1%<strong> no est\u00e1 escrita en piedra.<\/strong> Hay que tomar las decisiones asumiendo que esto no cambia,<strong> pero podr\u00eda cambiar&#8221;<\/strong>.<\/p>\n<\/div>\n<div class=\"sc-80531b6b-0 chRIGJ container-text text-embed\">\n<p>Respecto al d\u00f3lar, el economista amigo de Milei sum\u00f3 que <strong>&#8220;si el foco est\u00e1 en lo fiscal, deber\u00eda pasarse a un r\u00e9gimen de flotaci\u00f3n&#8221;. <\/strong>En ese sentido, agreg\u00f3 que<strong>,<\/strong> bajo ese escenario, &#8220;no ser\u00eda necesario contar con reservas&#8221;. <\/p>\n<\/div>\n<div class=\"sc-80531b6b-0 chRIGJ container-text text-embed\">\n<p>\u201cEntonces muchos se preguntan por qu\u00e9 no salir del cepo ahora, si dicen que no hay atraso. El tema es que, en ese caso, el que se juega la vida es el presidente de la Naci\u00f3n y el presidente del Banco Central\u201d, explic\u00f3.<\/p>\n<\/div>\n<div class=\"sc-80531b6b-0 chRIGJ container-text text-embed\">\n<p>\u201cLa mejor raz\u00f3n que encontr\u00e9 para justificar <strong>por qu\u00e9 se saldr\u00eda del cepo este a\u00f1o<\/strong> es para darles tiempo a las calificadoras de riesgo, para que mejoren la nota y el riesgo pa\u00eds baje de cara a pagar los vencimientos de 2026 con financiamiento externo\u201d, sum\u00f3.<\/p>\n<\/div>\n<div class=\"sc-80531b6b-0 chRIGJ container-text text-embed\">\n<p>Respecto del d\u00f3lar, De Pablo sigui\u00f3: \u201cLos economistas que dicen que<strong> el tipo de cambio est\u00e1 atrasado usan la aritm\u00e9tica, pero la econom\u00eda no es aritm\u00e9tica<\/strong>. En el gobierno de Alberto Fern\u00e1ndez compr\u00e1bamos d\u00f3lares para huir. Si aparecen m\u00e1s d\u00f3lares, la discusi\u00f3n del tipo de cambio tendr\u00e1 otra relevancia y otras consecuencias\u201d.<\/p>\n<\/div>\n<div class=\"sc-80531b6b-0 chRIGJ container-text text-embed\">\n<p>En la apertura del ciclo de charlas 2025, Guido Pinto, Gerente Comercial de Planexware, remarc\u00f3 la  importancia de contar con soluciones digitales que  conecten empresas y eficientizen sus flujos de negocios, mejorando su competitividad. Destac\u00f3 el rol clave que cumple el  soporte y acompa\u00f1amiento que brindan, a trav\u00e9s de equipos propios.<\/p>\n<\/div>\n<\/div>\n<p><br \/>\n<br \/><a href=\"https:\/\/www.clarin.com\/economia\/dolar-cepo-acuerdo-fmi-opinion-economista-amigo-javier-milei_0_FJbMpIVwOk.html\">Fuente Clarin.com <\/a><\/p>\n","protected":false},"excerpt":{"rendered":"<p>Con su verborragia habitual, el economista Juan Carlos de Pablo, amigo de Javier Milei, explic\u00f3 la raz\u00f3n por la cual se podr\u00eda salir del cepo cambiario este a\u00f1o. En una charla para los clientes de la empresa Planexwate tambi\u00e9n se dio los motivos por los que, seg\u00fan \u00e9l, el Gobierno no da a conocer la [&hellip;]<\/p>\n","protected":false},"author":1,"featured_media":11770,"comment_status":"open","ping_status":"open","sticky":false,"template":"","format":"standard","meta":{"footnotes":""},"categories":[2],"tags":[4670,11704,7573,273,48,77,8972],"class_list":["post-11769","post","type-post","status-publish","format-standard","has-post-thumbnail","hentry","category-ultimas-noticias","tag-amigo","tag-definiciones","tag-economista","tag-javier","tag-las","tag-milei","tag-picantes"],"_links":{"self":[{"href":"https:\/\/13.com.ar\/index.php\/wp-json\/wp\/v2\/posts\/11769","targetHints":{"allow":["GET"]}}],"collection":[{"href":"https:\/\/13.com.ar\/index.php\/wp-json\/wp\/v2\/posts"}],"about":[{"href":"https:\/\/13.com.ar\/index.php\/wp-json\/wp\/v2\/types\/post"}],"author":[{"embeddable":true,"href":"https:\/\/13.com.ar\/index.php\/wp-json\/wp\/v2\/users\/1"}],"replies":[{"embeddable":true,"href":"https:\/\/13.com.ar\/index.php\/wp-json\/wp\/v2\/comments?post=11769"}],"version-history":[{"count":0,"href":"https:\/\/13.com.ar\/index.php\/wp-json\/wp\/v2\/posts\/11769\/revisions"}],"wp:featuredmedia":[{"embeddable":true,"href":"https:\/\/13.com.ar\/index.php\/wp-json\/wp\/v2\/media\/11770"}],"wp:attachment":[{"href":"https:\/\/13.com.ar\/index.php\/wp-json\/wp\/v2\/media?parent=11769"}],"wp:term":[{"taxonomy":"category","embeddable":true,"href":"https:\/\/13.com.ar\/index.php\/wp-json\/wp\/v2\/categories?post=11769"},{"taxonomy":"post_tag","embeddable":true,"href":"https:\/\/13.com.ar\/index.php\/wp-json\/wp\/v2\/tags?post=11769"}],"curies":[{"name":"wp","href":"https:\/\/api.w.org\/{rel}","templated":true}]}}