{"id":11731,"date":"2025-03-13T19:33:32","date_gmt":"2025-03-13T22:33:32","guid":{"rendered":"https:\/\/13.com.ar\/index.php\/el-gobierno-hablo-de-golpe-de-estado-banco-a-bullrich-y-cargo-contra-la-jueza-que-libero-a-los-detenidos\/"},"modified":"2025-03-13T19:33:32","modified_gmt":"2025-03-13T22:33:32","slug":"el-gobierno-hablo-de-golpe-de-estado-banco-a-bullrich-y-cargo-contra-la-jueza-que-libero-a-los-detenidos","status":"publish","type":"post","link":"https:\/\/13.com.ar\/index.php\/el-gobierno-hablo-de-golpe-de-estado-banco-a-bullrich-y-cargo-contra-la-jueza-que-libero-a-los-detenidos\/","title":{"rendered":"el Gobierno habl\u00f3 de golpe de Estado, banc\u00f3 a Bullrich y carg\u00f3 contra la jueza que liber\u00f3 a los detenidos"},"content":{"rendered":"<p> <br \/>\n<br \/><img decoding=\"async\" src=\"https:\/\/13.com.ar\/wp-content\/uploads\/2025\/03\/el-Gobierno-hablo-de-golpe-de-Estado-banco-a-Bullrich.jpg\" \/><\/p>\n<div id=\"cuerpo\">\n<div class=\"sc-80531b6b-0 chRIGJ container-text text-embed\">\n<p>Un d\u00eda despu\u00e9s de los incidentes en las afueras del Congreso y la Casa Rosada, el Gobierno acus\u00f3 a los organizadores de la protesta, de la que participaron barrabravas pero tambi\u00e9n jubilados, <strong>de haber orquestado &#8220;una especie de golpe de Estado&#8221; <\/strong>para desestabilizar a la administraci\u00f3n de <strong>Javier Milei,<\/strong> adelant\u00f3 que se presentar\u00e1 en la Justicia para querellar a los &#8220;violentos&#8221; y advirti\u00f3 que seguir\u00e1 reprimiendo este tipo de movilizaciones.<\/p>\n<\/div>\n<div class=\"sc-80531b6b-0 chRIGJ container-text text-embed\">\n<p>En el oficialismo decidieron salir fuerte a repudiar la marcha del mi\u00e9rcoles por la tarde que deriv\u00f3 en violentos incidentes, que provocaron da\u00f1os materiales -como autos incendiados- y decenas de heridos, entre ellos un polic\u00eda internado en el hospital Churruca y el fot\u00f3grafo <strong>Pablo Grillo,<\/strong> que pelea por su vida en el hospital Ramos Mej\u00eda.<\/p>\n<\/div>\n<div class=\"sc-80531b6b-0 chRIGJ container-text text-embed\">\n<p>Este jueves bien temprano fue el jefe de Gabinete,<strong> Guillermo Francos,<\/strong> el que sali\u00f3 a alertar sobre un supuesto intento de desestabilizaci\u00f3n al Gobierno cuando acus\u00f3 al kirchnerismo por &#8220;poner barrabravas a defender los derechos de los jubilados&#8221; y generar disturbios. En este sentido, el funcionario dijo a radio Mitre que los manifestantes<strong> &#8220;utilizaron la violencia como instrumento&#8221;, <\/strong>generaron una marcha &#8220;totalmente organizada al grito de &#8216;Que se vayan todos&#8217;, que ya se utiliz\u00f3 tantas veces&#8221;, lo que, a su parecer, pretend\u00eda generar &#8220;una especie de golpe de Estado&#8221;.<\/p>\n<\/div>\n<div class=\"sc-80531b6b-0 chRIGJ container-text text-embed\">\n<p>En ese sentido, se\u00f1al\u00f3 que los manifestantes estaban armados con palos y algunos hasta ten\u00edan &#8220;armas tumberas&#8221; con el objetivo de &#8220;intentar provocar&#8221; una reacci\u00f3n policial para despu\u00e9s utilizarla de manera pol\u00edtica. &#8220;<strong>Cuando se hagan este tipo de manifestaciones van a ser reprimidas<\/strong>, porque hay un protocolo que dice c\u00f3mo deben manifestarse, de forma pac\u00edfica. Obviamente no pueden utilizar armas o empezar a los piedrazos dejando un tendal de da\u00f1os en la Ciudad&#8221;, remarc\u00f3.<\/p>\n<\/div>\n<div class=\"sc-80531b6b-0 chRIGJ container-text text-embed\">\n<p>Pero, adem\u00e1s, Francos le puso voz al malestar del gobierno contra la jueza <strong>Karina Andrade <\/strong>por la liberaci\u00f3n de los detenidos por la protesta. En este sentido, pidi\u00f3 aplicar la ley &#8220;con m\u00e1s dureza&#8221;, y adelant\u00f3 que revisar\u00e1n las filmaciones para &#8220;identificar a los violentos&#8221;.<\/p>\n<\/div>\n<div class=\"sc-80531b6b-0 chRIGJ container-text text-embed\">\n<p>Por su parte, la ministra de Seguridad, <strong>Patricia Bullrich<\/strong>, tambi\u00e9n cuestion\u00f3 &#8220;a la jueza que ha decidido liberar a los violentos que quisieron desestabilizar a nuestro gobierno&#8221; y adelant\u00f3 que desde su cartera presentar\u00e1n una denuncia penal por sedici\u00f3n al considerar que los acusados la emprendieron contra las fuerzas de seguridad y cuyos &#8220;atentados&#8221; encuadrar\u00edan en diferentes tipos penales. <\/p>\n<\/div>\n<div class=\"sc-80531b6b-0 chRIGJ container-text text-embed\">\n<p>La funcionaria nacional apunt\u00f3 contra el dirigente <strong>Leandro Capriotti<\/strong> como <strong>&#8220;el m\u00e1ximo organizador&#8221; de la movilizaci\u00f3n<\/strong> a quien sindic\u00f3 como un &#8220;amigo y protegido&#8221; del hist\u00f3rico dirigente sindical <strong>Luis Barrionuevo<\/strong> al tiempo que responsabiliz\u00f3 por lo sucedido a los intendentes <strong>Fernando Espinoza <\/strong>(La Matanza), y<strong> Federico Oterm\u00edn <\/strong>(Lomas de Zamora) al considerar que en sus municipios se concentraron parte de los manifestantes que concurrieron a la Plaza de los Dos Congresos.<\/p>\n<\/div>\n<div class=\"sc-80531b6b-0 chRIGJ container-text text-embed\">\n<p>Cerca del Presidente, asimismo, reafirmaron la intenci\u00f3n de buscar dirimir responsabilidades<strong> &#8220;hasta las \u00faltimas consecuencias&#8221; <\/strong>en la Justicia para, de esa forma, castigar a quienes arribaron a las adyacencias del Congreso y de la Casa Rosada &#8220;con la intenci\u00f3n de hacer da\u00f1o&#8221;.<\/p>\n<\/div>\n<div class=\"sc-80531b6b-0 chRIGJ container-text text-embed\">\n<p>En el Ejecutivo, adem\u00e1s, salieron a respaldar la actuaci\u00f3n de Bullrich y de las fuerzas de seguridad en la contenci\u00f3n y represi\u00f3n de la protesta. Al respecto, Francos sostuvo que &#8220;en l\u00edneas generales&#8221; la Polic\u00eda trat\u00f3 de mantener la seguridad y el orden p\u00fablico &#8220;y que las cosas que pasaron fueron consecuencias de las tensiones del momento&#8221;. Al referirse al caso del fot\u00f3grafo Grillo, gravemente herido por una munici\u00f3n de gas lacrim\u00f3geno, adujo que &#8220;son consecuencias desgraciadas de estos episodios lamentablemente, como tambi\u00e9n la cantidad de miembros de fuerzas de seguridad y polic\u00edas heridos&#8221;.<\/p>\n<\/div>\n<div class=\"sc-80531b6b-0 chRIGJ container-text text-embed\">\n<p>S\u00ed provoc\u00f3 cierto resquemor en un sector del oficialismo la falta de previsi\u00f3n para contener a los manifestantes que se movilizaron hasta la puerta de Casa de Gobierno, que terminaron arrojando piedras incluso contra la explanada Rivadavia por la que ingresa y egresa Milei.<\/p>\n<\/div>\n<\/div>\n<p><br \/>\n<br \/><a href=\"https:\/\/www.clarin.com\/politica\/incidentes-congreso-gobierno-hablo-golpe-estado-banco-bullrich-cargo-jueza-libero-detenidos_0_yvT2I45nZ6.html\">Fuente Clarin.com <\/a><\/p>\n","protected":false},"excerpt":{"rendered":"<p>Un d\u00eda despu\u00e9s de los incidentes en las afueras del Congreso y la Casa Rosada, el Gobierno acus\u00f3 a los organizadores de la protesta, de la que participaron barrabravas pero tambi\u00e9n jubilados, de haber orquestado &#8220;una especie de golpe de Estado&#8221; para desestabilizar a la administraci\u00f3n de Javier Milei, adelant\u00f3 que se presentar\u00e1 en la [&hellip;]<\/p>\n","protected":false},"author":1,"featured_media":11732,"comment_status":"open","ping_status":"open","sticky":false,"template":"","format":"standard","meta":{"footnotes":""},"categories":[2],"tags":[1957,584,639,835,3791,629,71,3103,347,7402,1462,28],"class_list":["post-11731","post","type-post","status-publish","format-standard","has-post-thumbnail","hentry","category-ultimas-noticias","tag-banco","tag-bullrich","tag-cargo","tag-contra","tag-detenidos","tag-estado","tag-gobierno","tag-golpe","tag-hablo","tag-jueza","tag-libero","tag-los"],"_links":{"self":[{"href":"https:\/\/13.com.ar\/index.php\/wp-json\/wp\/v2\/posts\/11731","targetHints":{"allow":["GET"]}}],"collection":[{"href":"https:\/\/13.com.ar\/index.php\/wp-json\/wp\/v2\/posts"}],"about":[{"href":"https:\/\/13.com.ar\/index.php\/wp-json\/wp\/v2\/types\/post"}],"author":[{"embeddable":true,"href":"https:\/\/13.com.ar\/index.php\/wp-json\/wp\/v2\/users\/1"}],"replies":[{"embeddable":true,"href":"https:\/\/13.com.ar\/index.php\/wp-json\/wp\/v2\/comments?post=11731"}],"version-history":[{"count":0,"href":"https:\/\/13.com.ar\/index.php\/wp-json\/wp\/v2\/posts\/11731\/revisions"}],"wp:featuredmedia":[{"embeddable":true,"href":"https:\/\/13.com.ar\/index.php\/wp-json\/wp\/v2\/media\/11732"}],"wp:attachment":[{"href":"https:\/\/13.com.ar\/index.php\/wp-json\/wp\/v2\/media?parent=11731"}],"wp:term":[{"taxonomy":"category","embeddable":true,"href":"https:\/\/13.com.ar\/index.php\/wp-json\/wp\/v2\/categories?post=11731"},{"taxonomy":"post_tag","embeddable":true,"href":"https:\/\/13.com.ar\/index.php\/wp-json\/wp\/v2\/tags?post=11731"}],"curies":[{"name":"wp","href":"https:\/\/api.w.org\/{rel}","templated":true}]}}