{"id":11702,"date":"2025-03-13T18:03:35","date_gmt":"2025-03-13T21:03:35","guid":{"rendered":"https:\/\/13.com.ar\/index.php\/citan-a-una-audiencia-de-conciliacion-a-javier-milei-por-los-ataques-contra-jorge-fontevecchia\/"},"modified":"2025-03-13T18:03:35","modified_gmt":"2025-03-13T21:03:35","slug":"citan-a-una-audiencia-de-conciliacion-a-javier-milei-por-los-ataques-contra-jorge-fontevecchia","status":"publish","type":"post","link":"https:\/\/13.com.ar\/index.php\/citan-a-una-audiencia-de-conciliacion-a-javier-milei-por-los-ataques-contra-jorge-fontevecchia\/","title":{"rendered":"Citan a una audiencia de conciliaci\u00f3n a Javier Milei por los ataques contra Jorge Fontevecchia"},"content":{"rendered":"<p> <br \/>\n<br \/><img decoding=\"async\" src=\"https:\/\/13.com.ar\/wp-content\/uploads\/2025\/03\/Citan-a-una-audiencia-de-conciliacion-a-Javier-Milei-por.jpg\" \/><\/p>\n<div id=\"cuerpo\">\n<div class=\"sc-80531b6b-0 chRIGJ container-text text-embed\">\n<p>El juez federal Sebasti\u00e1n Casanello cit\u00f3 a una<strong> audiencia de conciliaci\u00f3n a Javier Milei y a Jorge Fontevecchia, para el pr\u00f3ximo 9 de abril<\/strong>, por la denuncia del due\u00f1o de Editorial Perfil, por \u201cinjurias\u201d, ante los reiterados agravios del Presidente, que lo llam\u00f3 \u201cTinturelli\u201d y \u201cpautero\u201d, &#8220;quebrador serial&#8221;, &#8220;empresario prebendario&#8221; que &#8220;vive de la pauta&#8221;, entre otras descalificaciones personales.<\/p>\n<\/div>\n<div class=\"sc-80531b6b-0 chRIGJ container-text text-embed\">\n<p>Con esta medida que tom\u00f3 el juez Casanello <strong>avanza la causa judicial<\/strong>, que arranc\u00f3 en abril del a\u00f1o pasado, cuando Fontevecchia present\u00f3 la denuncia por los reiterados agravios de Milei contra el CEO de Editorial Perfil.<\/p>\n<\/div>\n<div class=\"sc-80531b6b-0 chRIGJ container-text text-embed\">\n<p><strong>Francisco Oneto, abogado de Milei, <\/strong>hab\u00eda solicitado &#8220;el inmediato sobreseimiento de mi defendido&#8221;, por &#8220;inexistencia de delito&#8221;, ya que &#8220;estos dichos constituyen el m\u00e1s amplio ejercicio de la libertad de expresi\u00f3n y no pueden ser censurados, y mucho menos condenado penalmente por expresarlos&#8221;.<\/p>\n<\/div>\n<div class=\"sc-80531b6b-0 chRIGJ container-text text-embed\">\n<p>El primer juez federal que llev\u00f3 adelante esa causa judicial, <strong>Sebasti\u00e1n Ramos, fall\u00f3 en sinton\u00eda con el pedido del abogado Oneto <\/strong>y decidi\u00f3 sobreseer a Milei en octubre pasado, por entender que sus agravios eran parte de la libertad de expresi\u00f3n del Presidente de la Naci\u00f3n.<\/p>\n<\/div>\n<div class=\"sc-80531b6b-0 chRIGJ container-text text-embed\">\n<p><strong>Pero la C\u00e1mara de Apelaciones revoc\u00f3 ese fallo,<\/strong> apart\u00f3 al juez Ramos y orden\u00f3 que la causa la lleve adelante otro juez, ante el &#8220;vac\u00edo argumental que la priva de sentido, dogm\u00e1tica, por ende arbitaria y, por ello, nula&#8221;, que fue la sentencia de primera instancia, dijo en su fallo el camarista Guillermo Farah.<\/p>\n<\/div>\n<div class=\"sc-80531b6b-0 chRIGJ container-text text-embed\">\n<p>Por eso, ahora Casanello decidi\u00f3 avanzar con la causa judicial y citar a Milei y a Fontevecchia a <strong>una audiencia de conciliaci\u00f3n, &#8220;en atenci\u00f3n a la ampliaci\u00f3n de la querella por nuevos hechos&#8221;,<\/strong> sostuvo el juez federal en la c\u00e9dula de notificaci\u00f3n a la que tuvo acceso<strong> Clar\u00edn<\/strong>.<\/p>\n<\/div>\n<p><h2>La presentaci\u00f3n de Amnist\u00eda en la CIDH<\/h2>\n<\/p>\n<div class=\"sc-80531b6b-0 chRIGJ container-text text-embed\">\n<p>Uno de los nuevos hechos que ocurrieron desde la denuncia de Fontevecchia fue la presentaci\u00f3n de un informe de Amnist\u00eda Internacional, ante la Comisi\u00f3n Internacional de Derechos Humanos (CIDH), donde incluy\u00f3 el ataque presidencial contra el CEO de Editorial Perfil, como parte de las<strong> restricciones a la libertad de expresi\u00f3n y de prensa en la Argentina<\/strong>, derechos que tienen rango constitucional. <\/p>\n<\/div>\n<div class=\"sc-80531b6b-0 chRIGJ container-text text-embed\">\n<p>All\u00ed el informe destac\u00f3 que &#8220;tras apodarlo &#8216;tinturelli&#8217; y mofarse p\u00fablicamente en una entrevista period\u00edstica de &#8216;est\u00e1 carmeleado que da miedo, \u00bfno?&#8217;, celebr\u00f3 al aire que el diario que dirige est\u00e1 &#8216;camino a la quiebra as\u00ed que\u2026 \u00a1qu\u00e9 bueno!'&#8221;.<\/p>\n<\/div>\n<div class=\"sc-80531b6b-0 chRIGJ container-text text-embed\">\n<p><strong>El escrito del abogado Fernando Bosch Fragueiro, en representaci\u00f3n de Fontevecchia, <\/strong>cuestion\u00f3 &#8220;los recursos a la confrontaci\u00f3n, las t\u00e1cticas de demonizaci\u00f3n y la manipulaci\u00f3n p\u00fablica de sectores afines al gobierno -y del Presidente en particular-, para la creaci\u00f3n de un &#8216;enemigo&#8217; a quien confrontar, deslegitimar y destruir para justificar todo tipo de medidas e intervenciones&#8221;.<\/p>\n<\/div>\n<div class=\"sc-80531b6b-0 chRIGJ container-text text-embed\">\n<p>Y agreg\u00f3 que &#8220;lo que el querellado ha dicho p\u00fablicamente no constituye el ejercicio de la libertad de expresi\u00f3n de Javier Gerardo Milei, sino <strong>un claro ejemplo de desacreditaci\u00f3n a la honra y reputaci\u00f3n de un periodista<\/strong>, para restringir su libertad de expresi\u00f3n&#8221;. <\/p>\n<\/div>\n<div class=\"sc-80531b6b-0 chRIGJ container-text text-embed\">\n<p>&#8220;Parangonar el poder de un Presidente de la Naci\u00f3n con el de un periodista es de por s\u00ed un sin sentido que no atiende a la realidad de las cosas&#8221;, insisti\u00f3 el letrado de Fontevecchia, en<strong> <\/strong>su escrito, que fue<strong> la base para que el camarista Farah ordene la realizaci\u00f3n de un nuevo juicio contra Milei.<\/strong><\/p>\n<\/div>\n<div class=\"sc-80531b6b-0 chRIGJ container-text text-embed\">\n<p>Perfil destac\u00f3 en su denuncia original que el hostigamiento de Milei, &#8220;que viene realizando desde hace casi dos a\u00f1os&#8221; se dio<strong> &#8220;en coincidencia con las investigaciones y notas de opini\u00f3n que fueron publicadas en el diario Perfil y en la revista Noticias <\/strong>sobre \u00e9l y su fuerza pol\u00edtica. Entre ellas, investigaciones sobre los plagios que realiz\u00f3 en distintos libros que firm\u00f3 como propios, los v\u00ednculos esot\u00e9ricos con personas y animales ya fallecidos, informaciones que daban cuenta de la existencia de denuncias que su espacio pol\u00edtico hab\u00eda recibido por la supuesta venta de candidaturas o, simplemente, opiniones cr\u00edticas sobre su violencia verbal o sobre aspectos de su gesti\u00f3n&#8221;.<\/p>\n<\/div>\n<\/div>\n<p><br \/>\n<br \/><a href=\"https:\/\/www.clarin.com\/politica\/citan-audiencia-conciliacion-javier-milei-ataques-jorge-fontevecchia_0_2pNc9FCCMn.html\">Fuente Clarin.com <\/a><\/p>\n","protected":false},"excerpt":{"rendered":"<p>El juez federal Sebasti\u00e1n Casanello cit\u00f3 a una audiencia de conciliaci\u00f3n a Javier Milei y a Jorge Fontevecchia, para el pr\u00f3ximo 9 de abril, por la denuncia del due\u00f1o de Editorial Perfil, por \u201cinjurias\u201d, ante los reiterados agravios del Presidente, que lo llam\u00f3 \u201cTinturelli\u201d y \u201cpautero\u201d, &#8220;quebrador serial&#8221;, &#8220;empresario prebendario&#8221; que &#8220;vive de la pauta&#8221;, [&hellip;]<\/p>\n","protected":false},"author":1,"featured_media":11703,"comment_status":"open","ping_status":"open","sticky":false,"template":"","format":"standard","meta":{"footnotes":""},"categories":[2],"tags":[2442,756,11665,11666,835,11667,273,876,28,77,142,73],"class_list":["post-11702","post","type-post","status-publish","format-standard","has-post-thumbnail","hentry","category-ultimas-noticias","tag-ataques","tag-audiencia","tag-citan","tag-conciliacion","tag-contra","tag-fontevecchia","tag-javier","tag-jorge","tag-los","tag-milei","tag-por","tag-una"],"_links":{"self":[{"href":"https:\/\/13.com.ar\/index.php\/wp-json\/wp\/v2\/posts\/11702","targetHints":{"allow":["GET"]}}],"collection":[{"href":"https:\/\/13.com.ar\/index.php\/wp-json\/wp\/v2\/posts"}],"about":[{"href":"https:\/\/13.com.ar\/index.php\/wp-json\/wp\/v2\/types\/post"}],"author":[{"embeddable":true,"href":"https:\/\/13.com.ar\/index.php\/wp-json\/wp\/v2\/users\/1"}],"replies":[{"embeddable":true,"href":"https:\/\/13.com.ar\/index.php\/wp-json\/wp\/v2\/comments?post=11702"}],"version-history":[{"count":0,"href":"https:\/\/13.com.ar\/index.php\/wp-json\/wp\/v2\/posts\/11702\/revisions"}],"wp:featuredmedia":[{"embeddable":true,"href":"https:\/\/13.com.ar\/index.php\/wp-json\/wp\/v2\/media\/11703"}],"wp:attachment":[{"href":"https:\/\/13.com.ar\/index.php\/wp-json\/wp\/v2\/media?parent=11702"}],"wp:term":[{"taxonomy":"category","embeddable":true,"href":"https:\/\/13.com.ar\/index.php\/wp-json\/wp\/v2\/categories?post=11702"},{"taxonomy":"post_tag","embeddable":true,"href":"https:\/\/13.com.ar\/index.php\/wp-json\/wp\/v2\/tags?post=11702"}],"curies":[{"name":"wp","href":"https:\/\/api.w.org\/{rel}","templated":true}]}}