{"id":11700,"date":"2025-03-13T18:00:32","date_gmt":"2025-03-13T21:00:32","guid":{"rendered":"https:\/\/13.com.ar\/index.php\/murio-en-el-primer-entrenamiento-para-ser-policia-y-su-familia-denuncia-negligencia\/"},"modified":"2025-03-13T18:00:32","modified_gmt":"2025-03-13T21:00:32","slug":"murio-en-el-primer-entrenamiento-para-ser-policia-y-su-familia-denuncia-negligencia","status":"publish","type":"post","link":"https:\/\/13.com.ar\/index.php\/murio-en-el-primer-entrenamiento-para-ser-policia-y-su-familia-denuncia-negligencia\/","title":{"rendered":"Muri\u00f3 en el primer entrenamiento para ser polic\u00eda y su familia denuncia negligencia"},"content":{"rendered":"<p> <br \/>\n<\/p>\n<div id=\"cuerpo\">\n<div class=\"sc-80531b6b-0 chRIGJ container-text text-embed\">\n<p>Una<strong> joven tucumana<\/strong> <strong>muri\u00f3 tras m\u00e1s de veinte d\u00edas de internaci\u00f3n<\/strong> como consecuencia de un desvanecimiento que sufri\u00f3 durante su <strong>primer entrenamiento como cadete de la Polic\u00eda en Tucum\u00e1n<\/strong>. Su familia denunci\u00f3 negligencia por parte del centro de entrenamiento policial y ahora un legislador de la provincia elev\u00f3 a la Legislatura un pedido de publicaci\u00f3n de los informes sobre la atenci\u00f3n m\u00e9dica que recibi\u00f3 Guzm\u00e1n tanto de la polic\u00eda como posteriormente en el hospital.<\/p>\n<\/div>\n<div class=\"sc-80531b6b-0 chRIGJ container-text text-embed\">\n<p><strong>Priscila Bianca Galv\u00e1n Brito<\/strong>, de 22 a\u00f1os y oriunda de Taco Ralo, una localidad en el sur de la provincia de Tucum\u00e1n y a 130 kil\u00f3metros de la capital provincial, <strong>quer\u00eda ser polic\u00eda <\/strong>y a inicios de febrero esperaba iniciar una carrera: el lunes 3 de febrero comenz\u00f3 su curso de preparaci\u00f3n para integrar la fuerza de seguridad en el Instituto de Ense\u00f1anza Superior de la Polic\u00eda de Tucum\u00e1n, en San Miguel.<\/p>\n<\/div>\n<div class=\"sc-80531b6b-0 chRIGJ container-text text-embed\">\n<p>Un d\u00eda m\u00e1s tarde, en el contexto de una <strong>temperatura que superaba los 40\u00b0C<\/strong>, en el &#8220;General Don Jos\u00e9 Francisco de San Mart\u00edn&#8221; (como se llama el instituto educativo de la polic\u00eda) <strong>comenzaron los ejercicios f\u00edsicos<\/strong> para los cadetes aspirantes.<\/p>\n<\/div>\n<div class=\"sc-80531b6b-0 chRIGJ container-text text-embed\">\n<p>Ese martes a las 10.30, <strong>Galv\u00e1n no logr\u00f3 terminar los ejercicios<\/strong> y, en cambio, requiri\u00f3 atenci\u00f3n m\u00e9dica debido a una<strong> descompensaci\u00f3n. Ingres\u00f3 al Centro de Salud<\/strong> Dr. Zen\u00f3n J. Santill\u00e1n, en San Miguel de Tucum\u00e1n, justo una hora m\u00e1s tarde, con la cara morada y con rastros de sangre en la boca. El primer diagn\u00f3stico fue: <strong>rabdomi\u00f3lisis con falla renal e hipotermia<\/strong>, por lo que requiri\u00f3 asistencia respiratoria mec\u00e1nica. Pero desde entonces pas\u00f3<strong> 23 d\u00edas de internaci\u00f3n <\/strong>en terapia intensiva y<strong> el 27 de febrero falleci\u00f3<\/strong>, luego de una falla multiorg\u00e1nica.<\/p>\n<\/div>\n<div class=\"sc-98b114a2-0 bkqiHH image-embed  image-embed \"><picture class=\"sc-98b114a2-1 jRUlDm\"><source media=\"(min-width: 975px)\" width=\"720\" height=\"480\" \/><img alt=\"Priscila Galv\u00e1n (22) se descompens\u00f3 haciendo ejercicios con m\u00e1s 40\u00b0C de temperatura para ingresar a la Polic\u00eda de Tucum\u00e1n. Foto captura redes.\" loading=\"lazy\" width=\"720\" height=\"480\" decoding=\"async\" data-nimg=\"1\" style=\"color:transparent\" src=\"https:\/\/13.com.ar\/wp-content\/uploads\/2025\/03\/Murio-en-el-primer-entrenamiento-para-ser-policia-y-su.jpg\"\/><span class=\"epigraphe\">Priscila Galv\u00e1n (22) se descompens\u00f3 haciendo ejercicios con m\u00e1s 40\u00b0C de temperatura para ingresar a la Polic\u00eda de Tucum\u00e1n. Foto captura redes.<\/span><span class=\"picture-open\"><button class=\"open-image\" aria-label=\"Open Image\"\/><\/span><\/picture><\/div>\n<div class=\"sc-80531b6b-0 chRIGJ container-text text-embed\">\n<p>En t\u00e9rminos m\u00e9dicos, la <strong>rabdomi\u00f3lisis<\/strong> alude a la descomposici\u00f3n del tejido muscular, que libera prote\u00ednas y electrolitos en la sangre, lo que puede da\u00f1ar los \u00f3rganos, especialmente los ri\u00f1ones. Esta condici\u00f3n puede ser causada por diversas situaciones como <strong>lesiones musculares, ejercicio extenuante<\/strong>, infecciones, consumo de drogas o alcohol, y algunas enfermedades.<\/p>\n<\/div>\n<div class=\"sc-80531b6b-0 chRIGJ container-text text-embed\">\n<p><strong>Su familia denunci\u00f3<\/strong>, desde un principio, <strong>negligencia en<\/strong> el personal de la polic\u00eda tucumana que estuvo a cargo de<strong> la supervisi\u00f3n de los ejercicios f\u00edsicos <\/strong>que cumpl\u00edan los cadetes aspirantes en el momento en que Galv\u00e1n se descompens\u00f3.<\/p>\n<\/div>\n<div class=\"sc-80531b6b-0 chRIGJ container-text text-embed\">\n<p>&#8220;Desde la Polic\u00eda no me saben explicar qu\u00e9 pas\u00f3 pero las enfermeras me dijeron que lleg\u00f3 con sangrado de la nariz y de la boca. Sin embargo, los m\u00e9dicos me dijeron que lleg\u00f3 con una infecci\u00f3n urinaria. \u00a1C\u00f3mo sab\u00edan eso si no le hab\u00edan hecho ning\u00fan estudio hasta ese momento!&#8221;, denunci\u00f3 a la prensa local <strong>Mar\u00eda Armas, la madre<\/strong> de Galv\u00e1n, mientras su hija a\u00fan peleaba por su vida.<\/p>\n<\/div>\n<div class=\"sc-80531b6b-0 chRIGJ container-text text-embed\">\n<p>Y precisaba: &#8220;Ella era una chica sana y estaba contenta, haciendo las actividades del primer d\u00eda. <strong>No s\u00e9 qu\u00e9 le hicieron a mi hija. Encontramos muchas falencias en el hospital tambi\u00e9n<\/strong>, ya que, cuando reci\u00e9n se le estaban practicando estudios, la directora ya habi\u0301a salido a decir en los medios que teni\u0301a infeccio\u0301n urinaria, cuando nos dijeron que esos ana\u0301lisis estari\u0301an en 72 horas recie\u0301n&#8221;.<\/p>\n<\/div>\n<div class=\"sc-80531b6b-0 chRIGJ container-text text-embed\">\n<p>Otra familiar de Galv\u00e1n fue m\u00e1s adelante en su acusaci\u00f3n a los agentes de la polic\u00eda que evaluaban y supervisaban los ejercicios f\u00edsicos: &#8220;A los familiares nos avisaron casi cuatro horas m\u00e1s tarde, y s\u00f3lo nos dijeron que se hab\u00eda descompensado. Nada sobre la gravedad&#8221;, cuenta Tiziana Toledo, prima de Galv\u00e1n, a Clar\u00edn.<\/p>\n<\/div>\n<p><h2>La respuesta de la Polic\u00eda de Tucum\u00e1n sobre el caso de Priscila Galv\u00e1n<\/h2>\n<\/p>\n<div class=\"sc-80531b6b-0 chRIGJ container-text text-embed\">\n<p>Luego de que se conociera el fallecimiento de la cadete, la Secretar\u00eda de Seguridad de Tucum\u00e1n se pronunciaron respecto del caso: &#8220;Ellos no vienen para estar en una oficina y<strong> la exigencia f\u00edsica es la m\u00ednima para una persona que estar\u00e1 sometida a un estr\u00e9s importante <\/strong>y a un posible contacto con la persona que sale a delinquir&#8221;, afirm\u00f3 <strong>H\u00e9ctor Gustavo Vizcarra<\/strong>, el titular a cargo de esa secretar\u00eda.<\/p>\n<\/div>\n<div class=\"sc-80531b6b-0 chRIGJ container-text text-embed\">\n<p>A su vez, desestim\u00f3 que el empeoramiento de Galv\u00e1n fuera por exceso de exigencia f\u00edsica en condiciones clim\u00e1ticas inclementes: &#8220;Realmente si hubiese sido as\u00ed muchos chicos hubieran padecido lo mismo&#8221;.<\/p>\n<\/div>\n<div class=\"sc-80531b6b-0 chRIGJ container-text text-embed\">\n<p>&#8220;Hay situaciones particulares, porque los j\u00f3venes hoy tienen otras formas de vida; ingieren mucho alcohol, aclaro que no es el caso de ella. Pero <strong>hemos visto que muchos han fallado en la hidrataci\u00f3n. <\/strong>A todos se les ha hecho la ficha m\u00e9dica, todo en hospitales p\u00fablicos, para que puedan presentarse, porque ellos sab\u00edan de la actividad que se iba a hacer, y conforme a la preparaci\u00f3n f\u00edsica que se le hace despu\u00e9s son los desempe\u00f1os que deber\u00e1n realizar&#8221;, conjetur\u00f3, en di\u00e1logo con <em>La Gaceta<\/em>.<\/p>\n<\/div>\n<div class=\"sc-98b114a2-0 bkqiHH image-embed  image-embed \"><picture class=\"sc-98b114a2-1 jRUlDm\"><source media=\"(min-width: 975px)\" width=\"720\" height=\"480\" \/><img alt=\"H\u00e9ctor Gustavo Vizcarra, secretario de Seguridad de Tucum\u00e1n, se refiri\u00f3 a la muerte de Galv\u00e1n.\" loading=\"lazy\" width=\"720\" height=\"480\" decoding=\"async\" data-nimg=\"1\" style=\"color:transparent\" src=\"https:\/\/13.com.ar\/wp-content\/uploads\/2025\/03\/1741899632_843_Murio-en-el-primer-entrenamiento-para-ser-policia-y-su.jpg\"\/><span class=\"epigraphe\">H\u00e9ctor Gustavo Vizcarra, secretario de Seguridad de Tucum\u00e1n, se refiri\u00f3 a la muerte de Galv\u00e1n.<\/span><span class=\"picture-open\"><button class=\"open-image\" aria-label=\"Open Image\"\/><\/span><\/picture><\/div>\n<div class=\"sc-80531b6b-0 chRIGJ container-text text-embed\">\n<p>Y ahond\u00f3: &#8220;<strong>La preparaci\u00f3n f\u00edsica no es ni la mitad de lo que hicimos nosotros cuando ingresamos a la fuerza<\/strong>. Por supuesto, todo el mundo va a buscar criticar, pero hay que tener en cuenta que ellos no vienen para estar en una oficina y la exigencia f\u00edsica es la m\u00ednima para una persona que estar\u00e1 sometida a un estr\u00e9s importante y a un posible contacto con la persona que sale a delinquir. <strong>En algunos casos hubo descuidos personales<\/strong> donde los chicos no toman conciencia que deben tener una preparaci\u00f3n f\u00edsica. A todos se les hicieron ex\u00e1menes m\u00e9dicos cinco meses antes. En Tucum\u00e1n, todo el mundo trabaja bajo el sol, son situaciones que escapan de la mano. Esto es algo puntual&#8221;.<\/p>\n<\/div>\n<div class=\"sc-80531b6b-0 chRIGJ container-text text-embed\">\n<p>Por \u00faltimo, afirm\u00f3 que todo se encuentra en manos de la Justicia: &#8220;Todo el equipo m\u00e9dico estuvo a la par de ellos hasta que se le hicieron los ex\u00e1menes de rigor y nunca nos compartieron a nosotros los resultados, porque la familia pidi\u00f3 que no sea extensivo y nosotros nos llev\u00e1bamos de lo que pod\u00edan informarnos los enfermeros y supuestamente estaba evolucionando bien, pero a ciencia cierta no tenemos los estudios posteriores completos. Esa fue una decisi\u00f3n de la familia y hay que ser respetuoso de esa cuesti\u00f3n. Sin duda, ahora por el fallecimiento, la parte judicial va a tomar acceso a lo se hizo&#8221;.<\/p>\n<\/div>\n<p><h2>El dolor del pueblo por la muerte de Priscila y el pedido de investigaci\u00f3n de un legislador tucumano<\/h2>\n<\/p>\n<div class=\"sc-80531b6b-0 chRIGJ container-text text-embed\">\n<p>La comuna de Taco Ralo, el pueblo donde Galv\u00e1n naci\u00f3 y creci\u00f3 antes de partir hacia San Miguel de Tucum\u00e1n para iniciar su formaci\u00f3n como polic\u00eda, decret\u00f3 una jornada de duelo luego de que se conociera su fallecimiento y emiti\u00f3 un comunicado en sus redes sociales oficiales.<\/p>\n<\/div>\n<div class=\"sc-80531b6b-0 chRIGJ container-text text-embed\">\n<p>&#8220;Con profundo dolor y tristeza, nos unimos a la familia y amigos de Bianca Priscila Galv\u00e1n. Su joven vida, llena de promesas y sue\u00f1os, se ha apagado de manera prematura, dej\u00e1ndonos con un vac\u00edo inmenso en nuestros corazones. Priscila era una persona llena de vida, energ\u00eda y entusiasmo. Su sonrisa, humildad y simpat\u00eda ser\u00e1n recordadas por todos. En este momento de dolor y tristeza, queremos expresar nuestra m\u00e1s sincera solidaridad con la familia por lo tanto, hemos decidido decretar duelo para el viernes 28 de febrero como muestra de respeto y solidaridad con la familia y amigos de Priscila y de todo un pueblo que hoy llora su partida&#8221;, dec\u00eda el comunicado.<\/p>\n<\/div>\n<p><iframe loading=\"lazy\" src=\"https:\/\/www.facebook.com\/plugins\/post.php?href=https%3A%2F%2Fwww.facebook.com%2Fpermalink.php%3Fstory_fbid%3Dpfbid0EgwQZ4whSoCpFdCqmCX7YucEjEPPs6z5dvov7J1umiPmHeJtPJyNTzapMyVgPfmjl%26id%3D61554409689106&amp;show_text=true&amp;width=500\" width=\"500\" height=\"737\" style=\"border:none;overflow:hidden\" scrolling=\"no\" frameborder=\"0\" allowfullscreen=\"true\" allow=\"autoplay; clipboard-write; encrypted-media; picture-in-picture; web-share\"><\/iframe><\/p>\n<div class=\"sc-80531b6b-0 chRIGJ container-text text-embed\">\n<p>El lunes, por su parte, ingres\u00f3 en la Legislatura tucumana un pedido de publicaci\u00f3n de informes oficiales sobre las instancias de atenci\u00f3n m\u00e9dica e internaci\u00f3n de Priscila Galv\u00e1n. Lo firm\u00f3 Jos\u00e9 Cano, actual legislador provincial por Juntos por el Cambio y exdiputado nacional en representaci\u00f3n de Tucum\u00e1n, y lo difundi\u00f3 este jueves.<\/p>\n<\/div>\n<div class=\"sc-80531b6b-0 chRIGJ container-text text-embed\">\n<p>&#8220;Exigimos claridad sobre los estudios m\u00e9dicos requeridos y los criterios del entrenamiento f\u00edsico en la Escuela de Cadetes. Son momentos para proceder con transparencia y responsabilidad&#8221;, conmin\u00f3 Cano. En ese informe se pide, adem\u00e1s, conocer cu\u00e1les son los estudios m\u00e9dicos que se solicitan para conceder los aptos m\u00e9dicos para ingresar a la Polic\u00eda de Tucum\u00e1n y cu\u00e1les son los criterios aplicados a las pr\u00e1cticas de entrenamiento a las que fue sometida Galv\u00e1n en tanto cadete aspirante.<\/p>\n<\/div>\n<div class=\"sc-106e49c0-0 dcVumd freeHtml-embed undefined\">\n<blockquote class=\"twitter-tweet\">\n<p lang=\"es\" dir=\"ltr\">Present\u00e9 un pedido de informe por el fallecimiento de Priscila Galv\u00e1n, cadete de la Polic\u00eda. Exigimos claridad sobre los estudios m\u00e9dicos requeridos y los criterios del entrenamiento f\u00edsico en la Escuela de Cadetes. Son momentos para proceder con transparencia y responsabilidad. <a rel=\"nofollow\" target=\"_blank\" href=\"https:\/\/t.co\/RJTzyGCwU4\">pic.twitter.com\/RJTzyGCwU4<\/a><\/p>\n<p>\u2014 Jos\u00e9 Cano (@JCanoOK) <a rel=\"nofollow\" target=\"_blank\" href=\"https:\/\/twitter.com\/JCanoOK\/status\/1900253307689431525?ref_src=twsrc%5Etfw\">March 13, 2025<\/a><\/p><\/blockquote>\n<\/div>\n<\/div>\n<p><script async src=\"\/\/platform.twitter.com\/widgets.js\" charset=\"utf-8\"><\/script><br \/>\n<br \/><br \/>\n<br \/><a href=\"https:\/\/www.clarin.com\/sociedad\/murio-primer-entrenamiento-policia-familia-denuncia-negligencia_0_M4rlvnbqMu.html\">Fuente Clarin.com <\/a><\/p>\n","protected":false},"excerpt":{"rendered":"<p>Una joven tucumana muri\u00f3 tras m\u00e1s de veinte d\u00edas de internaci\u00f3n como consecuencia de un desvanecimiento que sufri\u00f3 durante su primer entrenamiento como cadete de la Polic\u00eda en Tucum\u00e1n. Su familia denunci\u00f3 negligencia por parte del centro de entrenamiento policial y ahora un legislador de la provincia elev\u00f3 a la Legislatura un pedido de publicaci\u00f3n [&hellip;]<\/p>\n","protected":false},"author":1,"featured_media":11701,"comment_status":"open","ping_status":"open","sticky":false,"template":"","format":"standard","meta":{"footnotes":""},"categories":[2],"tags":[4036,1843,1497,611,11664,16,1726,195,1234],"class_list":["post-11700","post","type-post","status-publish","format-standard","has-post-thumbnail","hentry","category-ultimas-noticias","tag-denuncia","tag-entrenamiento","tag-familia","tag-murio","tag-negligencia","tag-para","tag-policia","tag-primer","tag-ser"],"_links":{"self":[{"href":"https:\/\/13.com.ar\/index.php\/wp-json\/wp\/v2\/posts\/11700","targetHints":{"allow":["GET"]}}],"collection":[{"href":"https:\/\/13.com.ar\/index.php\/wp-json\/wp\/v2\/posts"}],"about":[{"href":"https:\/\/13.com.ar\/index.php\/wp-json\/wp\/v2\/types\/post"}],"author":[{"embeddable":true,"href":"https:\/\/13.com.ar\/index.php\/wp-json\/wp\/v2\/users\/1"}],"replies":[{"embeddable":true,"href":"https:\/\/13.com.ar\/index.php\/wp-json\/wp\/v2\/comments?post=11700"}],"version-history":[{"count":0,"href":"https:\/\/13.com.ar\/index.php\/wp-json\/wp\/v2\/posts\/11700\/revisions"}],"wp:featuredmedia":[{"embeddable":true,"href":"https:\/\/13.com.ar\/index.php\/wp-json\/wp\/v2\/media\/11701"}],"wp:attachment":[{"href":"https:\/\/13.com.ar\/index.php\/wp-json\/wp\/v2\/media?parent=11700"}],"wp:term":[{"taxonomy":"category","embeddable":true,"href":"https:\/\/13.com.ar\/index.php\/wp-json\/wp\/v2\/categories?post=11700"},{"taxonomy":"post_tag","embeddable":true,"href":"https:\/\/13.com.ar\/index.php\/wp-json\/wp\/v2\/tags?post=11700"}],"curies":[{"name":"wp","href":"https:\/\/api.w.org\/{rel}","templated":true}]}}