{"id":11694,"date":"2025-03-13T17:51:37","date_gmt":"2025-03-13T20:51:37","guid":{"rendered":"https:\/\/13.com.ar\/index.php\/entre-las-mentiras-y-la-provocacion\/"},"modified":"2025-03-13T17:51:37","modified_gmt":"2025-03-13T20:51:37","slug":"entre-las-mentiras-y-la-provocacion","status":"publish","type":"post","link":"https:\/\/13.com.ar\/index.php\/entre-las-mentiras-y-la-provocacion\/","title":{"rendered":"entre las mentiras y la provocaci\u00f3n"},"content":{"rendered":"<p> <br \/>\n<br \/><img decoding=\"async\" src=\"https:\/\/13.com.ar\/wp-content\/uploads\/2025\/03\/entre-las-mentiras-y-la-provocacion.jpg\" \/><\/p>\n<div>\n<p>El a\u00f1o pasado, en el primer D\u00eda de la Mujer como gobierno, los libertarios cambiaron el nombre al Sal\u00f3n de las Mujeres de la Casa Rosada y lo rebautizaron Sal\u00f3n de los Pr\u00f3ceres. Entonces difundieron un video en el que <strong>la secretaria general de la presidencia Karina Milei<\/strong> bajaba fotos de Alicia Moreau de Justo, Alfonsina Storni, Juana Azurduy, Victoria Ocampo y las reemplazaba por cuadros de Carlos Menem, Julio Argentino Roca, entre otros varones. Este 8 de marzo <strong>el gobierno volvi\u00f3 a provocar a las mujeres<\/strong> con un nuevo video.<\/p>\n<\/div>\n<div>\n<p>&#8220;<strong>Solo en 2023 se gastaron 4 billones de pesos<\/strong>, que super\u00f3 al gasto en Defensa o Seguridad en ese a\u00f1o y fue 10 veces superior al presupuesto del Poder Judicial&#8221;, dice sobre la inversi\u00f3n en g\u00e9nero. <strong>Es mentira. <\/strong><\/p>\n<\/div>\n<div>\n<p>El Equipo Latinoamericano de Justicia y G\u00e9nero (ELA) sali\u00f3 a responder: &#8220;El presupuesto del ex Ministerio de Mujeres, G\u00e9neros y Diversidad fue mucho menor. En 2023 gast\u00f3 $172.000 millones. <strong>Represent\u00f3 0,21% del gasto total del Estado<\/strong>, muy por debajo de \u00e1reas como Defensa (3,38%) y Seguridad (2,2%)&#8221;.<\/p>\n<\/div>\n<div>\n<p>&#8220;El dinero se destin\u00f3 a burocracia, oficinas de lujo y pol\u00edticas simb\u00f3licas que no ayudaron a reducir la violencia&#8221;, sostiene el video libertario. &#8220;Los fondos se usaron para programas muy concretos&#8221;, aseguraron desde ELA. Citan <strong>la L\u00ednea 144 de atenci\u00f3n para v\u00edctimas<\/strong>, el Programa Acompa\u00f1ar, que dio <strong>ayuda econ\u00f3mica a m\u00e1s de 352.000 mujeres (<\/strong>era m\u00e1s del 80% del presupuesto del Ministerio), y los Centros de Protecci\u00f3n de todo el pa\u00eds que daban refugio, asistencia legal y psicol\u00f3gica.<\/p>\n<\/div>\n<div>\n<p>&#8220;Hemos conseguido bajar los homicidios aplicando una sola pol\u00edtica: el que las hace, las paga. Fuimos en contra de todos los delincuentes, y <strong>las mujeres fueron las m\u00e1s beneficiadas<\/strong>&#8220;, asegura otro pasaje del video. <strong>Tambi\u00e9n es mentira. <\/strong>La propia Oficina de Violencia Dom\u00e9stica de la Corte Suprema dice que <strong>las denuncias en enero aumentaron un 8%<\/strong>. En febrero hubo un femicidio cada 24 horas. <\/p>\n<\/div>\n<div>\n<p>\u201cLa ideolog\u00eda de g\u00e9nero constituye lisa y llanamente abuso infantil\u201d, dijo Javier Milei en Davos. \u00bfSu argumento? Que en Estados Unidos una pareja homosexual abus\u00f3 de sus 2 hijos adoptivos. En ingl\u00e9s se usa la expresi\u00f3n &#8220;cherry picking&#8221; (recolecci\u00f3n de cerezas) cuando se elige un ejemplo para manipular. Tambi\u00e9n sele dice <strong>\u201cfalacia de generalizaci\u00f3n apresurada\u201d<\/strong>.<\/p>\n<\/div>\n<div>\n<p>Una funci\u00f3n b\u00e1sica del periodismo es <strong>informar con estad\u00edsticas  y contexto. <\/strong>Por eso el gobierno odia a la prensa. Necesita difundir mentiras y que nadie las ponga en evidencia.<\/p>\n<\/div>\n<p><br \/>\n<br \/><a href=\"https:\/\/www.clarin.com\/opinion\/milei-mujeres-mentiras-provocacion_0_BavtdWXPj2.html\">Fuente Clarin.com <\/a><\/p>\n","protected":false},"excerpt":{"rendered":"<p>El a\u00f1o pasado, en el primer D\u00eda de la Mujer como gobierno, los libertarios cambiaron el nombre al Sal\u00f3n de las Mujeres de la Casa Rosada y lo rebautizaron Sal\u00f3n de los Pr\u00f3ceres. Entonces difundieron un video en el que la secretaria general de la presidencia Karina Milei bajaba fotos de Alicia Moreau de Justo, [&hellip;]<\/p>\n","protected":false},"author":1,"featured_media":11695,"comment_status":"open","ping_status":"open","sticky":false,"template":"","format":"standard","meta":{"footnotes":""},"categories":[2],"tags":[351,48,3119,11658],"class_list":["post-11694","post","type-post","status-publish","format-standard","has-post-thumbnail","hentry","category-ultimas-noticias","tag-entre","tag-las","tag-mentiras","tag-provocacion"],"_links":{"self":[{"href":"https:\/\/13.com.ar\/index.php\/wp-json\/wp\/v2\/posts\/11694","targetHints":{"allow":["GET"]}}],"collection":[{"href":"https:\/\/13.com.ar\/index.php\/wp-json\/wp\/v2\/posts"}],"about":[{"href":"https:\/\/13.com.ar\/index.php\/wp-json\/wp\/v2\/types\/post"}],"author":[{"embeddable":true,"href":"https:\/\/13.com.ar\/index.php\/wp-json\/wp\/v2\/users\/1"}],"replies":[{"embeddable":true,"href":"https:\/\/13.com.ar\/index.php\/wp-json\/wp\/v2\/comments?post=11694"}],"version-history":[{"count":0,"href":"https:\/\/13.com.ar\/index.php\/wp-json\/wp\/v2\/posts\/11694\/revisions"}],"wp:featuredmedia":[{"embeddable":true,"href":"https:\/\/13.com.ar\/index.php\/wp-json\/wp\/v2\/media\/11695"}],"wp:attachment":[{"href":"https:\/\/13.com.ar\/index.php\/wp-json\/wp\/v2\/media?parent=11694"}],"wp:term":[{"taxonomy":"category","embeddable":true,"href":"https:\/\/13.com.ar\/index.php\/wp-json\/wp\/v2\/categories?post=11694"},{"taxonomy":"post_tag","embeddable":true,"href":"https:\/\/13.com.ar\/index.php\/wp-json\/wp\/v2\/tags?post=11694"}],"curies":[{"name":"wp","href":"https:\/\/api.w.org\/{rel}","templated":true}]}}