{"id":11690,"date":"2025-03-13T17:42:39","date_gmt":"2025-03-13T20:42:39","guid":{"rendered":"https:\/\/13.com.ar\/index.php\/los-grandes-campeones-llegaron-desde-el-norte\/"},"modified":"2025-03-13T17:42:39","modified_gmt":"2025-03-13T20:42:39","slug":"los-grandes-campeones-llegaron-desde-el-norte","status":"publish","type":"post","link":"https:\/\/13.com.ar\/index.php\/los-grandes-campeones-llegaron-desde-el-norte\/","title":{"rendered":"los Grandes Campeones llegaron desde el Norte"},"content":{"rendered":"<p> <br \/>\n<\/p>\n<div id=\"cuerpo\">\n<div class=\"sc-80531b6b-0 chRIGJ container-text text-embed\">\n<p>La Exposici\u00f3n Braford Avanza consagr\u00f3 este jueves a sus <strong>Grandes Campeones. <\/strong>En la pista instalada en el sector de Ganader\u00eda de Expoagro 2025 edici\u00f3n YPF Agro y con un gran marco de p\u00fablico presente, se conocieron los mejores ejemplares de la muestra, con l<strong>os premios m\u00e1s importantes para las caba\u00f1as Pilag\u00e1, de Corrientes, San Vicente, de Tucum\u00e1n, y La Carreta, de Santa Fe.<\/strong><\/p>\n<\/div>\n<div class=\"sc-80531b6b-0 chRIGJ container-text text-embed\">\n<p>La segunda jornada de juras de clasificaci\u00f3n de la 1\u00b0 Expo Braford Avanza se llev\u00f3 a cabo en la ma\u00f1ana del jueves, y tuvo a los animales a bozal en la pista. La clasificaci\u00f3n estuvo a cargo de Carlos Ojea Rull\u00e1n, reconocido profesional y asesor genetista que ya hab\u00eda comenzado su labor como jurado en la jornada del mi\u00e9rcoles, con los conjuntos.<\/p>\n<\/div>\n<div class=\"sc-80531b6b-0 chRIGJ container-text text-embed\">\n<p>En primer turno se realiz\u00f3 la jura de hembras, en las categor\u00edas que fueron desde terneras hasta vacas. Fueron 28 las hembras clasificadas por Ojea Rull\u00e1n, quien lleg\u00f3 a la fila final para la elecci\u00f3n de las grandes campeonas con un conjunto de excelencia.<\/p>\n<\/div>\n<div class=\"sc-80531b6b-0 chRIGJ container-text text-embed\">\n<p>\u201cHay que felicitar a los criadores y a la asociaci\u00f3n por haber logrado el nivel que tiene el Braford argentino en la actualidad\u201d, coment\u00f3 el jurado previo a la elecci\u00f3n de las mejores hembras. Sobre la jura, Ojea Rull\u00e1n sostuvo que \u201cen todas las categor\u00edas pudimos ver hembras bien funcionales, con buenas caracter\u00edsticas reproductivas\u201d.<\/p>\n<\/div>\n<div class=\"sc-80531b6b-0 chRIGJ container-text text-embed\">\n<p>De esta manera, el premio Gran Campe\u00f3n Hembra de la 1\u00b0 Expo Braford Avanza fue para el Box 36, una hija de \u201cVictoriano\u201d de la caba\u00f1a Pilag\u00e1, en copropiedad con caba\u00f1a San Vicente, que hab\u00eda sido campeona en la categor\u00eda Vaca Menor. \u201cEs la vaca m\u00e1s balanceada y m\u00e1s funcional de la fila\u201d, sostuvo el jurado.<\/p>\n<\/div>\n<div class=\"sc-98b114a2-0 bkqiHH image-embed  image-embed \"><picture class=\"sc-98b114a2-1 jRUlDm\"><source media=\"(min-width: 975px)\" width=\"720\" height=\"480\" \/><img alt=\"El Gran Campe\u00f3n Macho fue para el Box 64, un toro Senior Menor de la caba\u00f1a La Carreta.\" loading=\"lazy\" width=\"720\" height=\"480\" decoding=\"async\" data-nimg=\"1\" style=\"color:transparent\" src=\"https:\/\/13.com.ar\/wp-content\/uploads\/2025\/03\/los-Grandes-Campeones-llegaron-desde-el-Norte.jpg\"\/><span class=\"epigraphe\">El Gran Campe\u00f3n Macho fue para el Box 64, un toro Senior Menor de la caba\u00f1a La Carreta.<\/span><span class=\"picture-open\"><button class=\"open-image\" aria-label=\"Open Image\"\/><\/span><\/picture><\/div>\n<div class=\"sc-80531b6b-0 chRIGJ container-text text-embed\">\n<p>Luego se eligi\u00f3 a la Reservada Gran Campe\u00f3n Hembra, y el premio fue para el Box 13, una vaquillona de las caba\u00f1as El Estribo (Corrientes) y Marta Carina (Entre R\u00edos). Se trata de una hija de \u201cMago\u201d, que hab\u00eda competido en la categor\u00eda Vaquillona Menor. Mientras que la Tercer Mejor Hembra fue el Box 35 de caba\u00f1a Marcaojo, de la provincia de Santa Fe.<\/p>\n<\/div>\n<div class=\"sc-80531b6b-0 chRIGJ container-text text-embed\">\n<p>En los machos, tambi\u00e9n se vio una calidad superior entre los 22 toros a bozal que se juzgaron este jueves. En este segmento, se destac\u00f3 la funcionalidad en la b\u00fasqueda de buenas l\u00edneas inferiores, calidad carnicera y fenotipo definido.<\/p>\n<\/div>\n<div class=\"sc-80531b6b-0 chRIGJ container-text text-embed\">\n<p>En este caso, y luego de la clasificaci\u00f3n de las distintas categor\u00edas, Carlos Ojea Rull\u00e1n eligi\u00f3 como Gran Campe\u00f3n Macho al Box 64, un toro Senior Menor de la caba\u00f1a La Carreta, que lleg\u00f3 desde los campos que la caba\u00f1a tiene en la zona de Villa Minetti, en el Noroeste de Santa Fe. <strong>\u201cHace muchos a\u00f1os venimos trabajando con el Braford<\/strong>, que es una raza consolidada en el Norte, pero tambi\u00e9n quer\u00edamos venir a mostrarlo a la provincia de Buenos Aires y a una exposici\u00f3n tan importante como Expoagro\u201d, coment\u00f3 Nery Gayt\u00e1n, responsable de caba\u00f1a La Carreta. \u201cEste es un toro hijo de \u2018Tapenag\u00e1\u2019 y tiene como madres a las l\u00edneas m\u00e1s consistentes de nuestra caba\u00f1a\u201d, agreg\u00f3 Gayt\u00e1n.<\/p>\n<\/div>\n<div class=\"sc-80531b6b-0 chRIGJ container-text text-embed\">\n<p>En segundo lugar, entre los toros qued\u00f3 el Box 59, de caba\u00f1a Pilag\u00e1, que de esta manera cerr\u00f3 una gran exposici\u00f3n con premios muy importantes alcanzados por esta caba\u00f1a que tiene sus campos en Mercedes, Corrientes. Por \u00faltimo, el premio Tercer Mejor Macho fue para el Box 46 de caba\u00f1a El Amargo, de la provincia de Santa Fe.<\/p>\n<\/div>\n<p><h2>La primera de muchas<\/h2>\n<\/p>\n<div class=\"sc-80531b6b-0 chRIGJ container-text text-embed\">\n<p>Antes de la entrega de los grandes campeonatos, el presidente de la Asociaci\u00f3n Braford Argentina, <strong>Juan Manuel Alberro<\/strong>, tom\u00f3 la palabra en la pista para agradecer el trabajo de quienes hicieron posible la primera edici\u00f3n de Braford Avanza. \u201cEn primer lugar a la gente de Exponenciar, quienes trabajaron arduamente para lograr esto, en medio de una de las exposiciones agropecuarias a cielo abierto m\u00e1s importantes del mundo\u201d, comenz\u00f3 Alberro.<\/p>\n<\/div>\n<div class=\"sc-80531b6b-0 chRIGJ container-text text-embed\">\n<p>Tambi\u00e9n el titular de Braford agradeci\u00f3 el trabajo del staff de la asociaci\u00f3n y de las comisiones Junior, y el acompa\u00f1amiento de las caba\u00f1as que enviaron sus animales a la exposici\u00f3n. \u201cSabemos del esfuerzo que eso conlleva, vinieron desde muy lejos para acompa\u00f1ar esta primera expo y eso es muy importante para nosotros\u201d, se\u00f1al\u00f3.<\/p>\n<\/div>\n<div class=\"sc-80531b6b-0 chRIGJ container-text text-embed\">\n<p>Por \u00faltimo, Alberro augur\u00f3 que \u201cojal\u00e1 que esta sea la primera de muchas Expo Braford Avanza y que podamos seguir difundiendo la raza y sus caracter\u00edsticas productivas en Expoagro\u201d<\/p>\n<\/div>\n<\/div>\n<p><br \/>\n<br \/><a href=\"https:\/\/www.clarin.com\/rural\/expo-braford-avanza-grandes-campeones-llegaron-norte_0_3KBhHx3FYK.html\">Fuente Clarin.com <\/a><\/p>\n","protected":false},"excerpt":{"rendered":"<p>La Exposici\u00f3n Braford Avanza consagr\u00f3 este jueves a sus Grandes Campeones. En la pista instalada en el sector de Ganader\u00eda de Expoagro 2025 edici\u00f3n YPF Agro y con un gran marco de p\u00fablico presente, se conocieron los mejores ejemplares de la muestra, con los premios m\u00e1s importantes para las caba\u00f1as Pilag\u00e1, de Corrientes, San Vicente, [&hellip;]<\/p>\n","protected":false},"author":1,"featured_media":11691,"comment_status":"open","ping_status":"open","sticky":false,"template":"","format":"standard","meta":{"footnotes":""},"categories":[2],"tags":[1786,2184,847,3168,28,2188],"class_list":["post-11690","post","type-post","status-publish","format-standard","has-post-thumbnail","hentry","category-ultimas-noticias","tag-campeones","tag-desde","tag-grandes","tag-llegaron","tag-los","tag-norte"],"_links":{"self":[{"href":"https:\/\/13.com.ar\/index.php\/wp-json\/wp\/v2\/posts\/11690","targetHints":{"allow":["GET"]}}],"collection":[{"href":"https:\/\/13.com.ar\/index.php\/wp-json\/wp\/v2\/posts"}],"about":[{"href":"https:\/\/13.com.ar\/index.php\/wp-json\/wp\/v2\/types\/post"}],"author":[{"embeddable":true,"href":"https:\/\/13.com.ar\/index.php\/wp-json\/wp\/v2\/users\/1"}],"replies":[{"embeddable":true,"href":"https:\/\/13.com.ar\/index.php\/wp-json\/wp\/v2\/comments?post=11690"}],"version-history":[{"count":0,"href":"https:\/\/13.com.ar\/index.php\/wp-json\/wp\/v2\/posts\/11690\/revisions"}],"wp:featuredmedia":[{"embeddable":true,"href":"https:\/\/13.com.ar\/index.php\/wp-json\/wp\/v2\/media\/11691"}],"wp:attachment":[{"href":"https:\/\/13.com.ar\/index.php\/wp-json\/wp\/v2\/media?parent=11690"}],"wp:term":[{"taxonomy":"category","embeddable":true,"href":"https:\/\/13.com.ar\/index.php\/wp-json\/wp\/v2\/categories?post=11690"},{"taxonomy":"post_tag","embeddable":true,"href":"https:\/\/13.com.ar\/index.php\/wp-json\/wp\/v2\/tags?post=11690"}],"curies":[{"name":"wp","href":"https:\/\/api.w.org\/{rel}","templated":true}]}}